{"id":17956,"date":"2009-08-29T14:16:15","date_gmt":"2009-08-29T19:16:15","guid":{"rendered":"http:\/\/estrategica.com.co\/blog\/?p=17956"},"modified":"2014-11-06T15:34:36","modified_gmt":"2014-11-06T20:34:36","slug":"que-pintabamos-en-irak-psoe","status":"publish","type":"post","link":"https:\/\/estrategica.com.co\/blog\/que-pintabamos-en-irak-psoe\/","title":{"rendered":"Qu\u00e9 Pintabamos en Irak &#8211; PSOE"},"content":{"rendered":"<p> <script type='text\/javascript' src='https:\/\/estrategica.com.co\/blog\/wp-content\/plugins\/hana-flv-player\/flowplayer3\/example\/flowplayer-3.2.6.min.js'><\/script>\n<div >\n<div id='hana_flv_flow3_1' style='display:block;width:550px;height:413px;background-color:#555555;color:#ffffff;padding:0' title=\"*Video:qu\u00e9 pintabamos en irak - psoe\"><\/div>\n<\/div>\n\n<script  type='text\/javascript'>\nif (typeof g_hanaFlash !== 'undefined' && !g_hanaFlash){\n    jQuery('#hana_flv_flow3_1').css( 'padding', '5px' );\n\tjQuery('#hana_flv_flow3_1').html(\"<span class='inactive_message' style='display:block'>Sorry, your browser does not support Flash Video Player<\/span> *Video:qu\u00e9 pintabamos en irak - psoe\");\n}else{\t\t\t\n\t\tflowplayer('hana_flv_flow3_1', { src: 'https:\/\/estrategica.com.co\/blog\/wp-content\/plugins\/hana-flv-player\/flowplayer3\/flowplayer-3.2.7.swf', wmode: 'transparent' }, { \n\n\t\t\tcanvas: { backgroundColor: '#000000', backgroundGradient: 'none',},\n    \t\tclip:  { \n    \t\t\turl: '\/blog\/wp-content\/uploads\/2009\/01\/videosultimosconver\/quepintabamos.flv',\n        \t\tscaling: 'fit', autoPlay: false, autoBuffering: true \n\t\t\t\t   , onFinish : function () { this.seek(0); }  \n\n\t        }\n\n\t\t});\n}\n<\/script><br \/>\n<\/br><\/p>\n<p>[icon color=\u00bbAccent-Color\u00bb size=\u00bbregular\u00bb image=\u00bbsteadysets-icon-chat\u00bb] <strong>Contexto<\/strong><\/br><\/br><\/p>\n<p style=\"text-align: justify;\">Spot del PSOE contra el Partido Popular en donde de una forma muy grafica y caricaturesca posicionan el mensaje del absurdo que hubieran fuerzas espa\u00f1olas en Irak, la pieza esta bien concebida y desarrollada, y posiciona un mensaje claro en la audiencia.<\/p><\/p>\n","protected":false},"excerpt":{"rendered":"<p>*Video: qu\u00e9 pintabamos en irak &#8211; psoe [icon color=\u00bbAccent-Color\u00bb size=\u00bbregular\u00bb image=\u00bbsteadysets-icon-chat\u00bb] Contexto Spot del PSOE contra el Partido Popular en donde de una forma muy grafica y caricaturesca posicionan el mensaje del absurdo que hubieran fuerzas espa\u00f1olas en Irak, la pieza esta bien concebida y desarrollada, y posiciona un mensaje claro en la audiencia.<\/p>\n","protected":false},"author":5,"featured_media":17957,"comment_status":"open","ping_status":"open","sticky":false,"template":"","format":"standard","meta":{"_et_pb_use_builder":"","_et_pb_old_content":"","_et_gb_content_width":"","advanced_seo_description":"","jetpack_seo_html_title":"","jetpack_seo_noindex":false,"footnotes":""},"categories":[268,263,27,23,10,35,11,3],"tags":[95,94],"class_list":["post-17956","post","type-post","status-publish","format-standard","has-post-thumbnail","hentry","category-268","category-ano","category-divulgacion-politica","category-espana","category-geo","category-mensaje-politico","category-temas","category-video","tag-partido-socialista-espanol","tag-psoe"],"jetpack_featured_media_url":"https:\/\/i0.wp.com\/estrategica.com.co\/blog\/wp-content\/uploads\/2009\/06\/quepintabamos_thumb.png?fit=702%2C392&ssl=1","jetpack_shortlink":"https:\/\/wp.me\/p4wgsh-4FC","jetpack-related-posts":[{"id":2813,"url":"https:\/\/estrategica.com.co\/blog\/elecciones-europeas-psoe\/","url_meta":{"origin":17956,"position":0},"title":"Elecciones Europeas &#8211; PSOE","author":"Juliana","date":"enero 25, 2009","format":false,"excerpt":"[hana-flv-player video=\"\/blog\/wp-content\/uploads\/2009\/01\/ESPANA\/Spot_PSOE_Elecciones_Europeas.flv\" width=\"550\" height=\"\" description=\"Elecciones Europeas - PSOE\" clickurl=\"\" clicktarget=\"\" player=\"4\" autoplay=\"false\" loop=\"false\" autorewind=\"true\" splashimage=\"\" skin=\"\" \/] [icon color=\"Accent-Color\" size=\"regular\" image=\"steadysets-icon-chat\"] Contexto Sport del PSOE para las Elecciones Europeas de 2004, lista encabezada por Josep Borrel. El Slogan de campa\u00f1a es \u201cVolvemos a Europa\u201d dando as\u00ed a entender que el\u2026","rel":"","context":"En \u00abCampa\u00f1a Uninominal\u00bb","block_context":{"text":"Campa\u00f1a Uninominal","link":"https:\/\/estrategica.com.co\/blog\/category\/temas\/campana-uninominal\/"},"img":{"alt_text":"","src":"","width":0,"height":0},"classes":[]},{"id":2750,"url":"https:\/\/estrategica.com.co\/blog\/zapatero-no-me-ha-fallado\/","url_meta":{"origin":17956,"position":1},"title":"Zapatero no me ha fallado &#8211; PSOE","author":"Juliana","date":"enero 25, 2009","format":false,"excerpt":"[hana-flv-player video=\"\/blog\/wp-content\/uploads\/2009\/01\/ESPANA\/No_nos_falles_PSOE.flv\" width=\"550\" height=\"\" description=\"Zapatero no me ha fallado - PSOE\" clickurl=\"\" clicktarget=\"\" player=\"4\" autoplay=\"false\" loop=\"false\" autorewind=\"true\" splashimage=\"\" skin=\"\" \/] [icon color=\"Accent-Color\" size=\"regular\" image=\"steadysets-icon-chat\"] Contexto Video realizado por las juventudes socialistas de Espa\u00f1a en donde se toma como punto de partida el coro de un mitin socialista de la campa\u00f1a\u2026","rel":"","context":"En \u00abCampa\u00f1a Presidencial\u00bb","block_context":{"text":"Campa\u00f1a Presidencial","link":"https:\/\/estrategica.com.co\/blog\/category\/temas\/campana-presidencial\/"},"img":{"alt_text":"","src":"","width":0,"height":0},"classes":[]},{"id":18263,"url":"https:\/\/estrategica.com.co\/blog\/violencia-de-genero-psoe\/","url_meta":{"origin":17956,"position":2},"title":"Violencia de G\u00e9nero &#8211; PSOE","author":"Juliana","date":"junio 30, 2009","format":false,"excerpt":"[hana-flv-player video=\"\/blog\/wp-content\/uploads\/2009\/01\/videosultimosconver\/violenciadegenero.flv\" width=\"550\" height=\"\" description=\"Violencia de G\u00e9nero - PSOE\" clickurl=\"\" clicktarget=\"\" player=\"4\" autoplay=\"false\" loop=\"false\" autorewind=\"true\" splashimage=\"\" skin=\"\" \/] [icon color=\"Accent-Color\" size=\"regular\" image=\"steadysets-icon-chat\"] Contexto Acto del PSOE en donde un grupo de actores, en presencia de la Ministra de Igualdad, posicionan un mensaje con ocasi\u00f3n del d\u00eda internacional de la lucha\u2026","rel":"","context":"En \u00ab2008\u00bb","block_context":{"text":"2008","link":"https:\/\/estrategica.com.co\/blog\/category\/ano\/2008\/"},"img":{"alt_text":"","src":"https:\/\/i0.wp.com\/estrategica.com.co\/blog\/wp-content\/uploads\/2009\/06\/violenciadegenero_thumb.png?fit=659%2C419&ssl=1&resize=350%2C200","width":350,"height":200},"classes":[]},{"id":15678,"url":"https:\/\/estrategica.com.co\/blog\/av285\/","url_meta":{"origin":17956,"position":3},"title":"Refer\u00e9ndum &#8211; PSOE","author":"Juliana","date":"marzo 7, 2011","format":false,"excerpt":"[hana-flv-player video=\"\/blog\/wp-content\/uploads\/2009\/01\/videos_ultimos\/av285.flv\" width=\"550\" height=\"\" description=\"Refer\u00e9ndum - PSOE\" clickurl=\"\" clicktarget=\"\" player=\"4\" autoplay=\"false\" loop=\"false\" autorewind=\"true\" splashimage=\"\" skin=\"\" \/] [icon color=\"Accent-Color\" size=\"regular\" image=\"steadysets-icon-chat\"] Contexto Video del Partido Socialista de Andaluc\u00eda para incentivar la participaci\u00f3n favorable de la ciudadan\u00eda en el refer\u00e9ndum del a\u00f1o 2007.","rel":"","context":"En \u00ab2007\u00bb","block_context":{"text":"2007","link":"https:\/\/estrategica.com.co\/blog\/category\/ano\/2007\/"},"img":{"alt_text":"","src":"https:\/\/i0.wp.com\/estrategica.com.co\/blog\/wp-content\/uploads\/2009\/05\/av285_thumb.png?fit=450%2C356&ssl=1&resize=350%2C200","width":350,"height":200},"classes":[]},{"id":2739,"url":"https:\/\/estrategica.com.co\/blog\/malaga-suma-psoe\/","url_meta":{"origin":17956,"position":4},"title":"M\u00e1laga Suma &#8211; PSOE","author":"Juliana","date":"enero 26, 2009","format":false,"excerpt":"[hana-flv-player video=\"\/blog\/wp-content\/uploads\/2009\/01\/ESPANA\/Malaga_Suma.flv\" width=\"550\" height=\"\" description=\"M\u00e1laga Suma - PSOE\" clickurl=\"\" clicktarget=\"\" player=\"4\" autoplay=\"false\" loop=\"false\" autorewind=\"true\" splashimage=\"\" skin=\"\" \/] [icon color=\"Accent-Color\" size=\"regular\" image=\"steadysets-icon-chat\"] Contexto Spot de campa\u00f1a del partido socialista a la alcald\u00eda de M\u00e1laga. La grafica es \u00e1gil, en formato moderno y con mensajes claros y bien focalizados. El slogan \u201cM\u00e1laga\u2026","rel":"","context":"En \u00abCampa\u00f1a Uninominal\u00bb","block_context":{"text":"Campa\u00f1a Uninominal","link":"https:\/\/estrategica.com.co\/blog\/category\/temas\/campana-uninominal\/"},"img":{"alt_text":"","src":"","width":0,"height":0},"classes":[]},{"id":2831,"url":"https:\/\/estrategica.com.co\/blog\/zapatero_comparar_es_bueno\/","url_meta":{"origin":17956,"position":5},"title":"Comparar es Bueno &#8211; Zapatero","author":"Juliana","date":"enero 24, 2009","format":false,"excerpt":"[hana-flv-player video=\"\/blog\/wp-content\/uploads\/2009\/01\/ESPANA\/Zapatero_Comparar_es_bueno.flv\" width=\"550\" height=\"\" description=\"Comparar es Bueno - Zapatero\" clickurl=\"\" clicktarget=\"\" player=\"4\" autoplay=\"false\" loop=\"false\" autorewind=\"true\" splashimage=\"\" skin=\"\" \/] [icon color=\"Accent-Color\" size=\"regular\" image=\"steadysets-icon-chat\"] Contexto Spot del PSOE donde se comparan algunas cifras de resultados con sus equivalentes en gobiernos del PP. Una campa\u00f1a contundente y \u00e1gil que trasmite la percepci\u00f3n de\u2026","rel":"","context":"En \u00abCampa\u00f1a Presidencial\u00bb","block_context":{"text":"Campa\u00f1a Presidencial","link":"https:\/\/estrategica.com.co\/blog\/category\/temas\/campana-presidencial\/"},"img":{"alt_text":"","src":"https:\/\/i0.wp.com\/estrategica.com.co\/blog\/wp-content\/uploads\/2009\/01\/zapatero_comparar_es_bueno_thumb.png?fit=311%2C232&ssl=1&resize=350%2C200","width":350,"height":200},"classes":[]}],"jetpack_sharing_enabled":true,"_links":{"self":[{"href":"https:\/\/estrategica.com.co\/blog\/wp-json\/wp\/v2\/posts\/17956","targetHints":{"allow":["GET"]}}],"collection":[{"href":"https:\/\/estrategica.com.co\/blog\/wp-json\/wp\/v2\/posts"}],"about":[{"href":"https:\/\/estrategica.com.co\/blog\/wp-json\/wp\/v2\/types\/post"}],"author":[{"embeddable":true,"href":"https:\/\/estrategica.com.co\/blog\/wp-json\/wp\/v2\/users\/5"}],"replies":[{"embeddable":true,"href":"https:\/\/estrategica.com.co\/blog\/wp-json\/wp\/v2\/comments?post=17956"}],"version-history":[{"count":10,"href":"https:\/\/estrategica.com.co\/blog\/wp-json\/wp\/v2\/posts\/17956\/revisions"}],"predecessor-version":[{"id":60733,"href":"https:\/\/estrategica.com.co\/blog\/wp-json\/wp\/v2\/posts\/17956\/revisions\/60733"}],"wp:featuredmedia":[{"embeddable":true,"href":"https:\/\/estrategica.com.co\/blog\/wp-json\/wp\/v2\/media\/17957"}],"wp:attachment":[{"href":"https:\/\/estrategica.com.co\/blog\/wp-json\/wp\/v2\/media?parent=17956"}],"wp:term":[{"taxonomy":"category","embeddable":true,"href":"https:\/\/estrategica.com.co\/blog\/wp-json\/wp\/v2\/categories?post=17956"},{"taxonomy":"post_tag","embeddable":true,"href":"https:\/\/estrategica.com.co\/blog\/wp-json\/wp\/v2\/tags?post=17956"}],"curies":[{"name":"wp","href":"https:\/\/api.w.org\/{rel}","templated":true}]}}