{"id":17968,"date":"2009-10-11T18:39:15","date_gmt":"2009-10-11T18:39:15","guid":{"rendered":"http:\/\/estrategica.com.co\/blog\/?p=17968"},"modified":"2014-11-06T10:47:18","modified_gmt":"2014-11-06T15:47:18","slug":"chacao-muchacho","status":"publish","type":"post","link":"https:\/\/estrategica.com.co\/blog\/chacao-muchacho\/","title":{"rendered":"Chacao &#8211; Muchacho"},"content":{"rendered":"<p> <script type='text\/javascript' src='https:\/\/estrategica.com.co\/blog\/wp-content\/plugins\/hana-flv-player\/flowplayer3\/example\/flowplayer-3.2.6.min.js'><\/script>\n<div >\n<div id='hana_flv_flow3_1' style='display:block;width:550px;height:413px;background-color:#555555;color:#ffffff;padding:0' title=\"*Video:chacao - muchacho\"><\/div>\n<\/div>\n\n<script  type='text\/javascript'>\nif (typeof g_hanaFlash !== 'undefined' && !g_hanaFlash){\n    jQuery('#hana_flv_flow3_1').css( 'padding', '5px' );\n\tjQuery('#hana_flv_flow3_1').html(\"<span class='inactive_message' style='display:block'>Sorry, your browser does not support Flash Video Player<\/span> *Video:chacao - muchacho\");\n}else{\t\t\t\n\t\tflowplayer('hana_flv_flow3_1', { src: 'https:\/\/estrategica.com.co\/blog\/wp-content\/plugins\/hana-flv-player\/flowplayer3\/flowplayer-3.2.7.swf', wmode: 'transparent' }, { \n\n\t\t\tcanvas: { backgroundColor: '#000000', backgroundGradient: 'none',},\n    \t\tclip:  { \n    \t\t\turl: '\/blog\/wp-content\/uploads\/2009\/01\/videosultimosconver\/RamonChacao.flv',\n        \t\tscaling: 'fit', autoPlay: false, autoBuffering: true \n\t\t\t\t   , onFinish : function () { this.seek(0); }  \n\n\t        }\n\n\t\t});\n}\n<\/script><br \/>\n<\/br><\/p>\n<p>[icon color=\u00bbAccent-Color\u00bb size=\u00bbregular\u00bb image=\u00bbsteadysets-icon-chat\u00bb] <strong>Contexto<\/strong><\/br><\/br><\/p>\n<p style=\"text-align: justify;\">Spot de Ram\u00f3n Muchacho para impulsar su aspiraci\u00f3n a la Alcald\u00eda de Chacao por el movimiento PRIMERO JUSTICIA, en las elecciones de 2008. La pieza es una enumeraci\u00f3n d propuestas que no generan recordaci\u00f3n por el n\u00famero. <span style=\"mso-spacerun: yes;\">\u00a0<\/span>Quiz\u00e1s hubiera sido m\u00e1s \u00fatil enfocarse en uno o dos mensajes y no esa dispersi\u00f3n de temas que propician ruido comunicaciones.<\/p><\/p>\n","protected":false},"excerpt":{"rendered":"<p>*Video: chacao &#8211; muchacho [icon color=\u00bbAccent-Color\u00bb size=\u00bbregular\u00bb image=\u00bbsteadysets-icon-chat\u00bb] Contexto Spot de Ram\u00f3n Muchacho para impulsar su aspiraci\u00f3n a la Alcald\u00eda de Chacao por el movimiento PRIMERO JUSTICIA, en las elecciones de 2008. La pieza es una enumeraci\u00f3n d propuestas que no generan recordaci\u00f3n por el n\u00famero. \u00a0Quiz\u00e1s hubiera sido m\u00e1s \u00fatil enfocarse en uno o [&hellip;]<\/p>\n","protected":false},"author":5,"featured_media":17969,"comment_status":"open","ping_status":"open","sticky":false,"template":"","format":"standard","meta":{"_et_pb_use_builder":"","_et_pb_old_content":"","_et_gb_content_width":"","advanced_seo_description":"","jetpack_seo_html_title":"","jetpack_seo_noindex":false,"footnotes":""},"categories":[59,34,10,11,61,3],"tags":[93,606,653],"class_list":["post-17968","post","type-post","status-publish","format-standard","has-post-thumbnail","hentry","category-campana-uninominal","category-electoral","category-geo","category-temas","category-venezuela","category-video","tag-elecciones-2008","tag-primero-justicia","tag-ramon-muchacho"],"jetpack_featured_media_url":"https:\/\/i0.wp.com\/estrategica.com.co\/blog\/wp-content\/uploads\/2009\/06\/ramonchacao_thumb.png?fit=669%2C476&ssl=1","jetpack_shortlink":"https:\/\/wp.me\/p4wgsh-4FO","jetpack-related-posts":[{"id":18166,"url":"https:\/\/estrategica.com.co\/blog\/corriendo-por-chacao-muchacho\/","url_meta":{"origin":17968,"position":0},"title":"Corriendo por Chacao &#8211; Muchacho","author":"Juliana","date":"septiembre 25, 2009","format":false,"excerpt":"[hana-flv-player video=\"\/blog\/wp-content\/uploads\/2009\/01\/videosultimosconver\/spotRamonChacao.flv\" width=\"550\" height=\"\" description=\"Corriendo por Chacao - Muchacho\" clickurl=\"\" clicktarget=\"\" player=\"4\" autoplay=\"false\" loop=\"false\" autorewind=\"true\" splashimage=\"\" skin=\"\" \/] [icon color=\"Accent-Color\" size=\"regular\" image=\"steadysets-icon-chat\"] Contexto Spot de Ram\u00f3n Muchacho para impulsar su aspiraci\u00f3n a la Alcald\u00eda de Chacao por el movimiento PRIMERO JUSTICIA. La pieza explota el aspecto juvenil del candidato y\u2026","rel":"","context":"En \u00abCampa\u00f1a Uninominal\u00bb","block_context":{"text":"Campa\u00f1a Uninominal","link":"https:\/\/estrategica.com.co\/blog\/category\/temas\/campana-uninominal\/"},"img":{"alt_text":"","src":"https:\/\/i0.wp.com\/estrategica.com.co\/blog\/wp-content\/uploads\/2009\/06\/spotramonchacao_thumb.png?fit=699%2C465&ssl=1&resize=350%2C200","width":350,"height":200},"classes":[]},{"id":14044,"url":"https:\/\/estrategica.com.co\/blog\/alcaldia-de-chacao-saez\/","url_meta":{"origin":17968,"position":1},"title":"Alcald\u00eda de Chacao &#8211; S\u00e1ez","author":"estrategica.com","date":"junio 6, 2010","format":false,"excerpt":"[hana-flv-player video=\"\/blog\/wp-content\/uploads\/2009\/01\/videos_ultimos\/av064.flv\" width=\"550\" height=\"\" description=\"Alcald\u00eda de Chacao - S\u00e1ez\" clickurl=\"\" clicktarget=\"\" player=\"4\" autoplay=\"false\" loop=\"false\" autorewind=\"true\" splashimage=\"\" skin=\"\" \/] [icon color=\"Accent-Color\" size=\"regular\" image=\"steadysets-icon-chat\"] Contexto Spot de la campa\u00f1a de Irene S\u00e1ez para la reelecci\u00f3n como alcaldesa del Estado de Chacao, durante la contienda electoral de 1995. La pieza pretende capitalizar los\u2026","rel":"","context":"En \u00abCampa\u00f1a Uninominal\u00bb","block_context":{"text":"Campa\u00f1a Uninominal","link":"https:\/\/estrategica.com.co\/blog\/category\/temas\/campana-uninominal\/"},"img":{"alt_text":"","src":"https:\/\/i0.wp.com\/estrategica.com.co\/blog\/wp-content\/uploads\/2009\/05\/av064_thumb.png?fit=441%2C355&ssl=1&resize=350%2C200","width":350,"height":200},"classes":[]},{"id":18101,"url":"https:\/\/estrategica.com.co\/blog\/primero-tu-primero-justicia-2\/","url_meta":{"origin":17968,"position":2},"title":"Primero Tu &#8211; PRIMERO JUSTICIA","author":"Juliana","date":"septiembre 15, 2009","format":false,"excerpt":"[hana-flv-player video=\"\/blog\/wp-content\/uploads\/2009\/01\/videosultimosconver\/spot2PRIMEROTU.flv\" width=\"550\" height=\"\" description=\"Primero Tu - PRIMERO JUSTICIA\" clickurl=\"\" clicktarget=\"\" player=\"4\" autoplay=\"false\" loop=\"false\" autorewind=\"true\" splashimage=\"\" skin=\"\" \/] [icon color=\"Accent-Color\" size=\"regular\" image=\"steadysets-icon-chat\"] Contexto Spot musical de PRIMERO JUSTICIA para las elecciones regionales de 2008. La pieza, sin mayor creatividad visual, hace una secuencia con los distintos candidatos del partido a\u2026","rel":"","context":"En \u00abCampa\u00f1a Uninominal\u00bb","block_context":{"text":"Campa\u00f1a Uninominal","link":"https:\/\/estrategica.com.co\/blog\/category\/temas\/campana-uninominal\/"},"img":{"alt_text":"","src":"https:\/\/i0.wp.com\/estrategica.com.co\/blog\/wp-content\/uploads\/2009\/06\/spot_platformy_obywatelskiej_thumb2.png?fit=685%2C503&ssl=1&resize=350%2C200","width":350,"height":200},"classes":[]},{"id":18161,"url":"https:\/\/estrategica.com.co\/blog\/primero-tu-primero-justicia\/","url_meta":{"origin":17968,"position":3},"title":"Primero Tu &#8211; PRIMERO JUSTICIA","author":"Juliana","date":"septiembre 15, 2009","format":false,"excerpt":"[hana-flv-player video=\"\/blog\/wp-content\/uploads\/2009\/01\/videosultimosconver\/spotPRIMEROTU.flv\" width=\"550\" height=\"\" description=\"Primero Tu - PRIMERO JUSTICIA\" clickurl=\"\" clicktarget=\"\" player=\"4\" autoplay=\"false\" loop=\"false\" autorewind=\"true\" splashimage=\"\" skin=\"\" \/] [icon color=\"Accent-Color\" size=\"regular\" image=\"steadysets-icon-chat\"] Contexto Spot musical de PRIMERO JUSTICIA para las elecciones regionales de 2008. La pieza, sin mayor creatividad visual, hace una secuencia con los distintos candidatos del partido a\u2026","rel":"","context":"En \u00abCampa\u00f1a Uninominal\u00bb","block_context":{"text":"Campa\u00f1a Uninominal","link":"https:\/\/estrategica.com.co\/blog\/category\/temas\/campana-uninominal\/"},"img":{"alt_text":"","src":"https:\/\/i0.wp.com\/estrategica.com.co\/blog\/wp-content\/uploads\/2009\/06\/spotprimerotu_thumb.png?fit=670%2C501&ssl=1&resize=350%2C200","width":350,"height":200},"classes":[]},{"id":17934,"url":"https:\/\/estrategica.com.co\/blog\/domino-primero-justicia\/","url_meta":{"origin":17968,"position":4},"title":"Domin\u00f3 &#8211; Primero Justicia","author":"Juliana","date":"agosto 29, 2009","format":false,"excerpt":"[hana-flv-player video=\"\/blog\/wp-content\/uploads\/2009\/01\/videosultimosconver\/PUBLICIDAD.flv\" width=\"550\" height=\"\" description=\"Domin\u00f3 - Primero Justicia\" clickurl=\"\" clicktarget=\"\" player=\"4\" autoplay=\"false\" loop=\"false\" autorewind=\"true\" splashimage=\"\" skin=\"\" \/] [icon color=\"Accent-Color\" size=\"regular\" image=\"steadysets-icon-chat\"] Contexto Spot de Primero Justicia para promover la anticipaci\u00f3n en las elecciones regionales del 23 de noviembre de 2008. La pieza es atractiva visualmente, pero no genera un mensaje\u2026","rel":"","context":"En \u00abCampa\u00f1a Uninominal\u00bb","block_context":{"text":"Campa\u00f1a Uninominal","link":"https:\/\/estrategica.com.co\/blog\/category\/temas\/campana-uninominal\/"},"img":{"alt_text":"","src":"https:\/\/i0.wp.com\/estrategica.com.co\/blog\/wp-content\/uploads\/2009\/06\/publicidad_thumb.png?fit=604%2C386&ssl=1&resize=350%2C200","width":350,"height":200},"classes":[]},{"id":17364,"url":"https:\/\/estrategica.com.co\/blog\/testimonales-capriles\/","url_meta":{"origin":17968,"position":5},"title":"Testimonales &#8211; Capriles","author":"Juliana","date":"agosto 30, 2009","format":false,"excerpt":"[hana-flv-player video=\"\/blog\/wp-content\/uploads\/2009\/01\/videosultimosconver\/HenriqueCaprilestestimoniales.flv\" width=\"550\" height=\"\" description=\"Testimonales - Capriles\" clickurl=\"\" clicktarget=\"\" player=\"4\" autoplay=\"false\" loop=\"false\" autorewind=\"true\" splashimage=\"\" skin=\"\" \/] [icon color=\"Accent-Color\" size=\"regular\" image=\"steadysets-icon-chat\"] Contexto Spot de la campa\u00f1a de Henrique Capriles Radonski a la gobernaci\u00f3n del Estado de Miranda, por el partido Primero Justicia. La campa\u00f1a tuvo varios conceptos con los que se\u2026","rel":"","context":"En \u00abCampa\u00f1a Uninominal\u00bb","block_context":{"text":"Campa\u00f1a Uninominal","link":"https:\/\/estrategica.com.co\/blog\/category\/temas\/campana-uninominal\/"},"img":{"alt_text":"","src":"https:\/\/i0.wp.com\/estrategica.com.co\/blog\/wp-content\/uploads\/2009\/06\/henriquecaprilestestimoniales_thumb.png?fit=654%2C471&ssl=1&resize=350%2C200","width":350,"height":200},"classes":[]}],"jetpack_sharing_enabled":true,"_links":{"self":[{"href":"https:\/\/estrategica.com.co\/blog\/wp-json\/wp\/v2\/posts\/17968","targetHints":{"allow":["GET"]}}],"collection":[{"href":"https:\/\/estrategica.com.co\/blog\/wp-json\/wp\/v2\/posts"}],"about":[{"href":"https:\/\/estrategica.com.co\/blog\/wp-json\/wp\/v2\/types\/post"}],"author":[{"embeddable":true,"href":"https:\/\/estrategica.com.co\/blog\/wp-json\/wp\/v2\/users\/5"}],"replies":[{"embeddable":true,"href":"https:\/\/estrategica.com.co\/blog\/wp-json\/wp\/v2\/comments?post=17968"}],"version-history":[{"count":7,"href":"https:\/\/estrategica.com.co\/blog\/wp-json\/wp\/v2\/posts\/17968\/revisions"}],"predecessor-version":[{"id":44707,"href":"https:\/\/estrategica.com.co\/blog\/wp-json\/wp\/v2\/posts\/17968\/revisions\/44707"}],"wp:featuredmedia":[{"embeddable":true,"href":"https:\/\/estrategica.com.co\/blog\/wp-json\/wp\/v2\/media\/17969"}],"wp:attachment":[{"href":"https:\/\/estrategica.com.co\/blog\/wp-json\/wp\/v2\/media?parent=17968"}],"wp:term":[{"taxonomy":"category","embeddable":true,"href":"https:\/\/estrategica.com.co\/blog\/wp-json\/wp\/v2\/categories?post=17968"},{"taxonomy":"post_tag","embeddable":true,"href":"https:\/\/estrategica.com.co\/blog\/wp-json\/wp\/v2\/tags?post=17968"}],"curies":[{"name":"wp","href":"https:\/\/api.w.org\/{rel}","templated":true}]}}