{"id":17979,"date":"2009-10-11T20:13:16","date_gmt":"2009-10-11T20:13:16","guid":{"rendered":"http:\/\/estrategica.com.co\/blog\/?p=17979"},"modified":"2014-10-24T16:34:08","modified_gmt":"2014-10-24T21:34:08","slug":"prd-y-la-reforma-energetica-pan","status":"publish","type":"post","link":"https:\/\/estrategica.com.co\/blog\/prd-y-la-reforma-energetica-pan\/","title":{"rendered":"PRD y la Reforma Energ\u00e9tica &#8211; PAN"},"content":{"rendered":"<p> <script type='text\/javascript' src='https:\/\/estrategica.com.co\/blog\/wp-content\/plugins\/hana-flv-player\/flowplayer3\/example\/flowplayer-3.2.6.min.js'><\/script>\n<div >\n<div id='hana_flv_flow3_1' style='display:block;width:550px;height:413px;background-color:#555555;color:#ffffff;padding:0' title=\"*Video:prd y la reforma energ\u00e9tica - pan\"><\/div>\n<\/div>\n\n<script  type='text\/javascript'>\nif (typeof g_hanaFlash !== 'undefined' && !g_hanaFlash){\n    jQuery('#hana_flv_flow3_1').css( 'padding', '5px' );\n\tjQuery('#hana_flv_flow3_1').html(\"<span class='inactive_message' style='display:block'>Sorry, your browser does not support Flash Video Player<\/span> *Video:prd y la reforma energ\u00e9tica - pan\");\n}else{\t\t\t\n\t\tflowplayer('hana_flv_flow3_1', { src: 'https:\/\/estrategica.com.co\/blog\/wp-content\/plugins\/hana-flv-player\/flowplayer3\/flowplayer-3.2.7.swf', wmode: 'transparent' }, { \n\n\t\t\tcanvas: { backgroundColor: '#000000', backgroundGradient: 'none',},\n    \t\tclip:  { \n    \t\t\turl: '\/blog\/wp-content\/uploads\/2009\/01\/videosultimosconver\/rechazalaviolencia.flv',\n        \t\tscaling: 'fit', autoPlay: false, autoBuffering: true \n\t\t\t\t   , onFinish : function () { this.seek(0); }  \n\n\t        }\n\n\t\t});\n}\n<\/script><br \/>\n<\/br><\/p>\n<p>[icon color=\u00bbAccent-Color\u00bb size=\u00bbregular\u00bb image=\u00bbsteadysets-icon-chat\u00bb] <strong>Contexto<\/strong><\/br><\/br><\/p>\n<p style=\"text-align: justify;\">Spot del PAN para defender la reforma energ\u00e9tica del gobierno del Presidente Calder\u00f3n. La pieza pretende contrarrestar las manifestaciones p\u00fablicas del PRD contra la reforma con el mensaje de que se esta privatizando PEMEX. La pieza esta bien estructurada aunque quiz\u00e1s les falto, como si lo hicieron en tras piezas, dejar en claro que los dineros de la reforma se dirigir\u00edan a mayor inversi\u00f3n social.<\/p><\/p>\n","protected":false},"excerpt":{"rendered":"<p>*Video: prd y la reforma energ\u00e9tica &#8211; pan [icon color=\u00bbAccent-Color\u00bb size=\u00bbregular\u00bb image=\u00bbsteadysets-icon-chat\u00bb] Contexto Spot del PAN para defender la reforma energ\u00e9tica del gobierno del Presidente Calder\u00f3n. La pieza pretende contrarrestar las manifestaciones p\u00fablicas del PRD contra la reforma con el mensaje de que se esta privatizando PEMEX. La pieza esta bien estructurada aunque quiz\u00e1s les [&hellip;]<\/p>\n","protected":false},"author":5,"featured_media":17980,"comment_status":"open","ping_status":"open","sticky":false,"template":"","format":"standard","meta":{"_et_pb_use_builder":"","_et_pb_old_content":"","_et_gb_content_width":"","advanced_seo_description":"","jetpack_seo_html_title":"","jetpack_seo_noindex":false,"footnotes":""},"categories":[268,263,28,36,10,201,11,3],"tags":[255,257],"class_list":["post-17979","post","type-post","status-publish","format-standard","has-post-thumbnail","hentry","category-268","category-ano","category-comunicacion-gobierno","category-de-gobierno","category-geo","category-mexico","category-temas","category-video","tag-pan","tag-prd"],"jetpack_featured_media_url":"https:\/\/i0.wp.com\/estrategica.com.co\/blog\/wp-content\/uploads\/2009\/06\/rechazalaviolencia_thumb.png?fit=693%2C456&ssl=1","jetpack_shortlink":"https:\/\/wp.me\/p4wgsh-4FZ","jetpack-related-posts":[{"id":17995,"url":"https:\/\/estrategica.com.co\/blog\/reforma-energetica-pan\/","url_meta":{"origin":17979,"position":0},"title":"Reforma Energ\u00e9tica &#8211; PAN","author":"Juliana","date":"octubre 11, 2009","format":false,"excerpt":"[hana-flv-player video=\"\/blog\/wp-content\/uploads\/2009\/01\/videosultimosconver\/reformaenergetica.flv\" width=\"550\" height=\"\" description=\"Reforma Energ\u00e9tica - PAN\" clickurl=\"\" clicktarget=\"\" player=\"4\" autoplay=\"false\" loop=\"false\" autorewind=\"true\" splashimage=\"\" skin=\"\" \/] [icon color=\"Accent-Color\" size=\"regular\" image=\"steadysets-icon-chat\"] Contexto Spot del PAN para apoyar las medidas adoptadas por el gobierno en torno a PEMEX. La primera frase es contundente en materia de mensaje: PEMEX no se privatiza\u2026","rel":"","context":"En \u00ab2008\u00bb","block_context":{"text":"2008","link":"https:\/\/estrategica.com.co\/blog\/category\/ano\/2008\/"},"img":{"alt_text":"","src":"https:\/\/i0.wp.com\/estrategica.com.co\/blog\/wp-content\/uploads\/2009\/06\/reformaenergetica_thumb.png?fit=637%2C492&ssl=1&resize=350%2C200","width":350,"height":200},"classes":[]},{"id":15529,"url":"https:\/\/estrategica.com.co\/blog\/rene-bejarano-pan\/","url_meta":{"origin":17979,"position":1},"title":"Rene Bejarano &#8211; PAN","author":"Juliana","date":"junio 17, 2009","format":false,"excerpt":"[hana-flv-player video=\"\/blog\/wp-content\/uploads\/2009\/01\/videos_ultimos\/av253.flv\" width=\"550\" height=\"\" description=\"Rene Bejarano - PAN\" clickurl=\"\" clicktarget=\"\" player=\"4\" autoplay=\"false\" loop=\"false\" autorewind=\"true\" splashimage=\"\" skin=\"\" \/] [icon color=\"Accent-Color\" size=\"regular\" image=\"steadysets-icon-chat\"] Contexto Spot de publicidad negativa contra L\u00f3pez Obrador en las elecciones de 2006. El tema rescata otro spot en donde la escritora Elena Poniatowska defiende la gesti\u00f3n de L\u00f3pez\u2026","rel":"","context":"En \u00abCampa\u00f1a Presidencial\u00bb","block_context":{"text":"Campa\u00f1a Presidencial","link":"https:\/\/estrategica.com.co\/blog\/category\/temas\/campana-presidencial\/"},"img":{"alt_text":"","src":"https:\/\/i0.wp.com\/estrategica.com.co\/blog\/wp-content\/uploads\/2009\/05\/av253_thumb.png?fit=439%2C357&ssl=1&resize=350%2C200","width":350,"height":200},"classes":[]},{"id":24241,"url":"https:\/\/estrategica.com.co\/blog\/acuerdo-prd\/","url_meta":{"origin":17979,"position":2},"title":"Acuerdo &#8211; PRD","author":"Juliana","date":"octubre 17, 2010","format":false,"excerpt":"[hana-flv-player video=\"\/blog\/wp-content\/uploads\/2009\/01\/20100708\/Spotacuerdo.flv\" width=\"550\" height=\"\" description=\"Acuerdo - PRD\" clickurl=\"\" clicktarget=\"\" player=\"4\" autoplay=\"false\" loop=\"false\" autorewind=\"true\" splashimage=\"\" skin=\"\" \/] [icon color=\"Accent-Color\" size=\"regular\" image=\"steadysets-icon-chat\"] Contexto Spot de PRD en M\u00e9xico, durante el a\u00f1o 2010, para posicionar al partido de cara a las elecciones regionales. El mensaje apela al sentimiento nacional y a algunos recursos\u2026","rel":"","context":"En \u00ab2010\u00bb","block_context":{"text":"2010","link":"https:\/\/estrategica.com.co\/blog\/category\/ano\/2010\/"},"img":{"alt_text":"","src":"https:\/\/i0.wp.com\/estrategica.com.co\/blog\/wp-content\/uploads\/2010\/07\/Spotacuerdo_thumb.png?fit=525%2C498&ssl=1&resize=350%2C200","width":350,"height":200},"classes":[]},{"id":24272,"url":"https:\/\/estrategica.com.co\/blog\/ceremonia-prd\/","url_meta":{"origin":17979,"position":3},"title":"Ceremonia &#8211; PRD","author":"Juliana","date":"octubre 17, 2010","format":false,"excerpt":"[hana-flv-player video=\"\/blog\/wp-content\/uploads\/2009\/01\/20100708\/Spotceremonia.flv\" width=\"550\" height=\"\" description=\"Ceremonia - PRD\" clickurl=\"\" clicktarget=\"\" player=\"4\" autoplay=\"false\" loop=\"false\" autorewind=\"true\" splashimage=\"\" skin=\"\" \/] [icon color=\"Accent-Color\" size=\"regular\" image=\"steadysets-icon-chat\"] Contexto Spot de PRD en M\u00e9xico, durante el a\u00f1o 2010, para posicionar al partido de cara a las elecciones regionales. El mensaje apela al sentimiento nacional y a algunos recursos\u2026","rel":"","context":"En \u00ab2010\u00bb","block_context":{"text":"2010","link":"https:\/\/estrategica.com.co\/blog\/category\/ano\/2010\/"},"img":{"alt_text":"","src":"https:\/\/i0.wp.com\/estrategica.com.co\/blog\/wp-content\/uploads\/2013\/04\/SpotAMLO2012PuebloporpuebloMultitudesPRDPTyMC_thumb.png?fit=702%2C543&ssl=1&resize=350%2C200","width":350,"height":200},"classes":[]},{"id":24285,"url":"https:\/\/estrategica.com.co\/blog\/estadio-prd\/","url_meta":{"origin":17979,"position":4},"title":"Estadio &#8211; PRD","author":"Juliana","date":"octubre 17, 2010","format":false,"excerpt":"[hana-flv-player video=\"\/blog\/wp-content\/uploads\/2009\/01\/20100708\/Spotestadio.flv\" width=\"550\" height=\"\" description=\"Estadio - PRD\" clickurl=\"\" clicktarget=\"\" player=\"4\" autoplay=\"false\" loop=\"false\" autorewind=\"true\" splashimage=\"\" skin=\"\" \/] [icon color=\"Accent-Color\" size=\"regular\" image=\"steadysets-icon-chat\"] Contexto Spot de PRD en M\u00e9xico, durante el a\u00f1o 2010, para posicionar al partido de cara a las elecciones regionales. El mensaje apela al sentimiento nacional y a algunos recursos\u2026","rel":"","context":"En \u00ab2010\u00bb","block_context":{"text":"2010","link":"https:\/\/estrategica.com.co\/blog\/category\/ano\/2010\/"},"img":{"alt_text":"","src":"https:\/\/i0.wp.com\/estrategica.com.co\/blog\/wp-content\/uploads\/2010\/07\/Spotestadio_thumb.png?fit=554%2C342&ssl=1&resize=350%2C200","width":350,"height":200},"classes":[]},{"id":2401,"url":"https:\/\/estrategica.com.co\/blog\/lopez-obrador-miente\/","url_meta":{"origin":17979,"position":5},"title":"L\u00f3pez Obrador miente","author":"Juliana","date":"febrero 15, 2009","format":false,"excerpt":"[hana-flv-player video=\"\/blog\/wp-content\/uploads\/2009\/01\/mexico\/Spot_Cajas_Vacias_Calderon.flv\" width=\"550\" height=\"\" description=\"L\u00f3pez Obrador miente\" clickurl=\"\" clicktarget=\"\" player=\"4\" autoplay=\"false\" loop=\"false\" autorewind=\"true\" splashimage=\"\" skin=\"\" \/] [icon color=\"Accent-Color\" size=\"regular\" image=\"steadysets-icon-chat\"] Contexto Spot de publicidad negativa contra L\u00f3pez Obrador en las elecciones de 2006.\u00a0 El tema hace relaci\u00f3n a la acusaci\u00f3n que L\u00f3pez Obrador lanz\u00f3 a Felipe Calder\u00f3n durante el segundo\u2026","rel":"","context":"En \u00ab2006\u00bb","block_context":{"text":"2006","link":"https:\/\/estrategica.com.co\/blog\/category\/ano\/2006\/"},"img":{"alt_text":"","src":"https:\/\/i0.wp.com\/estrategica.com.co\/blog\/wp-content\/uploads\/2009\/01\/spot_cajas_vacias_calderon_thumb.png?fit=316%2C228&ssl=1&resize=350%2C200","width":350,"height":200},"classes":[]}],"jetpack_sharing_enabled":true,"_links":{"self":[{"href":"https:\/\/estrategica.com.co\/blog\/wp-json\/wp\/v2\/posts\/17979","targetHints":{"allow":["GET"]}}],"collection":[{"href":"https:\/\/estrategica.com.co\/blog\/wp-json\/wp\/v2\/posts"}],"about":[{"href":"https:\/\/estrategica.com.co\/blog\/wp-json\/wp\/v2\/types\/post"}],"author":[{"embeddable":true,"href":"https:\/\/estrategica.com.co\/blog\/wp-json\/wp\/v2\/users\/5"}],"replies":[{"embeddable":true,"href":"https:\/\/estrategica.com.co\/blog\/wp-json\/wp\/v2\/comments?post=17979"}],"version-history":[{"count":7,"href":"https:\/\/estrategica.com.co\/blog\/wp-json\/wp\/v2\/posts\/17979\/revisions"}],"predecessor-version":[{"id":44695,"href":"https:\/\/estrategica.com.co\/blog\/wp-json\/wp\/v2\/posts\/17979\/revisions\/44695"}],"wp:featuredmedia":[{"embeddable":true,"href":"https:\/\/estrategica.com.co\/blog\/wp-json\/wp\/v2\/media\/17980"}],"wp:attachment":[{"href":"https:\/\/estrategica.com.co\/blog\/wp-json\/wp\/v2\/media?parent=17979"}],"wp:term":[{"taxonomy":"category","embeddable":true,"href":"https:\/\/estrategica.com.co\/blog\/wp-json\/wp\/v2\/categories?post=17979"},{"taxonomy":"post_tag","embeddable":true,"href":"https:\/\/estrategica.com.co\/blog\/wp-json\/wp\/v2\/tags?post=17979"}],"curies":[{"name":"wp","href":"https:\/\/api.w.org\/{rel}","templated":true}]}}