{"id":17995,"date":"2009-10-11T19:53:14","date_gmt":"2009-10-11T19:53:14","guid":{"rendered":"http:\/\/estrategica.com.co\/blog\/?p=17995"},"modified":"2014-10-24T16:41:27","modified_gmt":"2014-10-24T21:41:27","slug":"reforma-energetica-pan","status":"publish","type":"post","link":"https:\/\/estrategica.com.co\/blog\/reforma-energetica-pan\/","title":{"rendered":"Reforma Energ\u00e9tica &#8211; PAN"},"content":{"rendered":"<p> <script type='text\/javascript' src='https:\/\/estrategica.com.co\/blog\/wp-content\/plugins\/hana-flv-player\/flowplayer3\/example\/flowplayer-3.2.6.min.js'><\/script>\n<div >\n<div id='hana_flv_flow3_1' style='display:block;width:550px;height:413px;background-color:#555555;color:#ffffff;padding:0' title=\"*Video:reforma energ\u00e9tica - pan\"><\/div>\n<\/div>\n\n<script  type='text\/javascript'>\nif (typeof g_hanaFlash !== 'undefined' && !g_hanaFlash){\n    jQuery('#hana_flv_flow3_1').css( 'padding', '5px' );\n\tjQuery('#hana_flv_flow3_1').html(\"<span class='inactive_message' style='display:block'>Sorry, your browser does not support Flash Video Player<\/span> *Video:reforma energ\u00e9tica - pan\");\n}else{\t\t\t\n\t\tflowplayer('hana_flv_flow3_1', { src: 'https:\/\/estrategica.com.co\/blog\/wp-content\/plugins\/hana-flv-player\/flowplayer3\/flowplayer-3.2.7.swf', wmode: 'transparent' }, { \n\n\t\t\tcanvas: { backgroundColor: '#000000', backgroundGradient: 'none',},\n    \t\tclip:  { \n    \t\t\turl: '\/blog\/wp-content\/uploads\/2009\/01\/videosultimosconver\/reformaenergetica.flv',\n        \t\tscaling: 'fit', autoPlay: false, autoBuffering: true \n\t\t\t\t   , onFinish : function () { this.seek(0); }  \n\n\t        }\n\n\t\t});\n}\n<\/script><br \/>\n<\/br><\/p>\n<p>[icon color=\u00bbAccent-Color\u00bb size=\u00bbregular\u00bb image=\u00bbsteadysets-icon-chat\u00bb] <strong>Contexto<\/strong><\/br><\/br><\/p>\n<p style=\"text-align: justify;\">Spot del PAN para apoyar las medidas adoptadas por el gobierno en torno a PEMEX. La primera frase es contundente en materia de mensaje: PEMEX no se privatiza y reamarra su modernizaci\u00f3n a mayor inversi\u00f3n social. Una pieza bien dise\u00f1ada y desarrollada en donde el partido de gobierno genera apoyo a una medida del gobierno y a su vez propicia un mensaje rentable de cara a las elecciones legislativas que se avecinan.<\/p><\/p>\n","protected":false},"excerpt":{"rendered":"<p>*Video: reforma energ\u00e9tica &#8211; pan [icon color=\u00bbAccent-Color\u00bb size=\u00bbregular\u00bb image=\u00bbsteadysets-icon-chat\u00bb] Contexto Spot del PAN para apoyar las medidas adoptadas por el gobierno en torno a PEMEX. La primera frase es contundente en materia de mensaje: PEMEX no se privatiza y reamarra su modernizaci\u00f3n a mayor inversi\u00f3n social. Una pieza bien dise\u00f1ada y desarrollada en donde el [&hellip;]<\/p>\n","protected":false},"author":5,"featured_media":17996,"comment_status":"open","ping_status":"open","sticky":false,"template":"","format":"standard","meta":{"_et_pb_use_builder":"","_et_pb_old_content":"","_et_gb_content_width":"","advanced_seo_description":"","jetpack_seo_html_title":"","jetpack_seo_noindex":false,"footnotes":""},"categories":[268,263,28,36,10,201,11,3],"tags":[255],"class_list":["post-17995","post","type-post","status-publish","format-standard","has-post-thumbnail","hentry","category-268","category-ano","category-comunicacion-gobierno","category-de-gobierno","category-geo","category-mexico","category-temas","category-video","tag-pan"],"jetpack_featured_media_url":"https:\/\/i0.wp.com\/estrategica.com.co\/blog\/wp-content\/uploads\/2009\/06\/reformaenergetica_thumb.png?fit=637%2C492&ssl=1","jetpack_shortlink":"https:\/\/wp.me\/p4wgsh-4Gf","jetpack-related-posts":[{"id":17979,"url":"https:\/\/estrategica.com.co\/blog\/prd-y-la-reforma-energetica-pan\/","url_meta":{"origin":17995,"position":0},"title":"PRD y la Reforma Energ\u00e9tica &#8211; PAN","author":"Juliana","date":"octubre 11, 2009","format":false,"excerpt":"[hana-flv-player video=\"\/blog\/wp-content\/uploads\/2009\/01\/videosultimosconver\/rechazalaviolencia.flv\" width=\"550\" height=\"\" description=\"PRD y la Reforma Energ\u00e9tica - PAN\" clickurl=\"\" clicktarget=\"\" player=\"4\" autoplay=\"false\" loop=\"false\" autorewind=\"true\" splashimage=\"\" skin=\"\" \/] [icon color=\"Accent-Color\" size=\"regular\" image=\"steadysets-icon-chat\"] Contexto Spot del PAN para defender la reforma energ\u00e9tica del gobierno del Presidente Calder\u00f3n. La pieza pretende contrarrestar las manifestaciones p\u00fablicas del PRD contra la reforma\u2026","rel":"","context":"En \u00ab2008\u00bb","block_context":{"text":"2008","link":"https:\/\/estrategica.com.co\/blog\/category\/ano\/2008\/"},"img":{"alt_text":"","src":"https:\/\/i0.wp.com\/estrategica.com.co\/blog\/wp-content\/uploads\/2009\/06\/rechazalaviolencia_thumb.png?fit=693%2C456&ssl=1&resize=350%2C200","width":350,"height":200},"classes":[]},{"id":18008,"url":"https:\/\/estrategica.com.co\/blog\/reforma-de-pemex-calderon\/","url_meta":{"origin":17995,"position":1},"title":"Reforma de PEMEX &#8211; Calder\u00f3n","author":"Juliana","date":"agosto 23, 2009","format":false,"excerpt":"[hana-flv-player video=\"\/blog\/wp-content\/uploads\/2009\/01\/videosultimosconver\/ReformaPEMEX.flv\" width=\"550\" height=\"\" description=\"Reforma de PEMEX - Calder\u00f3n\" clickurl=\"\" clicktarget=\"\" player=\"4\" autoplay=\"false\" loop=\"false\" autorewind=\"true\" splashimage=\"\" skin=\"\" \/] [icon color=\"Accent-Color\" size=\"regular\" image=\"steadysets-icon-chat\"] Contexto Spot del Gobierno de Felipe Calder\u00f3n con el cual intenta posicionar sus logros y programas de cara al cumplimiento de los primeros dos a\u00f1os de gobierno. La\u2026","rel":"","context":"En \u00ab2008\u00bb","block_context":{"text":"2008","link":"https:\/\/estrategica.com.co\/blog\/category\/ano\/2008\/"},"img":{"alt_text":"","src":"https:\/\/i0.wp.com\/estrategica.com.co\/blog\/wp-content\/uploads\/2009\/06\/reformapemex_thumb.png?fit=606%2C372&ssl=1&resize=350%2C200","width":350,"height":200},"classes":[]},{"id":18145,"url":"https:\/\/estrategica.com.co\/blog\/apoyo-al-presidente-pan\/","url_meta":{"origin":17995,"position":2},"title":"Apoyo al Presidente &#8211; PAN","author":"Juliana","date":"octubre 12, 2009","format":false,"excerpt":"[hana-flv-player video=\"\/blog\/wp-content\/uploads\/2009\/01\/videosultimosconver\/SpotManuelEspino.flv\" width=\"550\" height=\"\" description=\"Apoyo al Presidente - PAN\" clickurl=\"\" clicktarget=\"\" player=\"4\" autoplay=\"false\" loop=\"false\" autorewind=\"true\" splashimage=\"\" skin=\"\" \/] [icon color=\"Accent-Color\" size=\"regular\" image=\"steadysets-icon-chat\"] Contexto Spot del PAN en apoyo a la gesti\u00f3n del Presidente Felipe Calder\u00f3n. El gobierno pasa por un momento de vulnerabilidad p\u00fablica como consecuencia de la inseguridad que\u2026","rel":"","context":"En \u00ab2007\u00bb","block_context":{"text":"2007","link":"https:\/\/estrategica.com.co\/blog\/category\/ano\/2007\/"},"img":{"alt_text":"","src":"https:\/\/i0.wp.com\/estrategica.com.co\/blog\/wp-content\/uploads\/2009\/06\/spotmanuelespino_thumb.png?fit=513%2C399&ssl=1&resize=350%2C200","width":350,"height":200},"classes":[]},{"id":15437,"url":"https:\/\/estrategica.com.co\/blog\/av233\/","url_meta":{"origin":17995,"position":3},"title":"Apoyo a Calder\u00f3n &#8211; PAN","author":"Juliana","date":"marzo 3, 2011","format":false,"excerpt":"[hana-flv-player video=\"\/blog\/wp-content\/uploads\/2009\/01\/videos_ultimos\/av233.flv\" width=\"550\" height=\"\" description=\"Apoyo a Calder\u00f3n - PAN\" clickurl=\"\" clicktarget=\"\" player=\"4\" autoplay=\"false\" loop=\"false\" autorewind=\"true\" splashimage=\"\" skin=\"\" \/] [icon color=\"Accent-Color\" size=\"regular\" image=\"steadysets-icon-chat\"] Contexto Spot del Partido Acci\u00f3n Nacional, en el a\u00f1o 2007, para posicionar el apoyo de la colectividad al gobierno del Presidente Felipe Calder\u00f3n. Es una pieza t\u00edpica pol\u00edtica\u2026","rel":"","context":"En \u00ab2007\u00bb","block_context":{"text":"2007","link":"https:\/\/estrategica.com.co\/blog\/category\/ano\/2007\/"},"img":{"alt_text":"","src":"https:\/\/i0.wp.com\/estrategica.com.co\/blog\/wp-content\/uploads\/2009\/05\/av233_thumb.png?fit=430%2C351&ssl=1&resize=350%2C200","width":350,"height":200},"classes":[]},{"id":15428,"url":"https:\/\/estrategica.com.co\/blog\/nunca-restamos-pan\/","url_meta":{"origin":17995,"position":4},"title":"Nunca Restamos &#8211; PAN","author":"Juliana","date":"junio 16, 2009","format":false,"excerpt":"[hana-flv-player video=\"\/blog\/wp-content\/uploads\/2009\/01\/videos_ultimos\/av231.flv\" width=\"550\" height=\"\" description=\"Nunca Restamos - PAN\" clickurl=\"\" clicktarget=\"\" player=\"4\" autoplay=\"false\" loop=\"false\" autorewind=\"true\" splashimage=\"\" skin=\"\" \/] [icon color=\"Accent-Color\" size=\"regular\" image=\"steadysets-icon-chat\"] Contexto Spot del PAN en apoyo a la gesti\u00f3n del Presidente Felipe Calder\u00f3n. La pieza se origina en el hecho de la perdida de favorabilidad del gobierno. La pieza\u2026","rel":"","context":"En \u00ab2007\u00bb","block_context":{"text":"2007","link":"https:\/\/estrategica.com.co\/blog\/category\/ano\/2007\/"},"img":{"alt_text":"","src":"https:\/\/i0.wp.com\/estrategica.com.co\/blog\/wp-content\/uploads\/2009\/05\/av231_thumb.png?fit=440%2C353&ssl=1&resize=350%2C200","width":350,"height":200},"classes":[]},{"id":17608,"url":"https:\/\/estrategica.com.co\/blog\/guarderias-infantiles-pan\/","url_meta":{"origin":17995,"position":5},"title":"Guarderias Infantiles &#8211; PAN","author":"Juliana","date":"noviembre 13, 2009","format":false,"excerpt":"[hana-flv-player video=\"\/blog\/wp-content\/uploads\/2009\/01\/videosultimosconver\/mujeresecuador.flv\" width=\"550\" height=\"\" description=\"Guarderias Infantiles - PAN\" clickurl=\"\" clicktarget=\"\" player=\"4\" autoplay=\"false\" loop=\"false\" autorewind=\"true\" splashimage=\"\" skin=\"\" \/] [icon color=\"Accent-Color\" size=\"regular\" image=\"steadysets-icon-chat\"] Contexto Spot del Partido Acci\u00f3n Nacional, PAN, con el fin de posicionar los logros del gobierno panista, de cara a las elecciones parlamentarias. El partido rentabiliza sus acciones en\u2026","rel":"","context":"En \u00abCampa\u00f1a Cuerpo Colegiado\u00bb","block_context":{"text":"Campa\u00f1a Cuerpo Colegiado","link":"https:\/\/estrategica.com.co\/blog\/category\/temas\/campana-colegiada\/"},"img":{"alt_text":"","src":"https:\/\/i0.wp.com\/estrategica.com.co\/blog\/wp-content\/uploads\/2009\/06\/mujeresecuador_thumb.png?fit=701%2C369&ssl=1&resize=350%2C200","width":350,"height":200},"classes":[]}],"jetpack_sharing_enabled":true,"_links":{"self":[{"href":"https:\/\/estrategica.com.co\/blog\/wp-json\/wp\/v2\/posts\/17995","targetHints":{"allow":["GET"]}}],"collection":[{"href":"https:\/\/estrategica.com.co\/blog\/wp-json\/wp\/v2\/posts"}],"about":[{"href":"https:\/\/estrategica.com.co\/blog\/wp-json\/wp\/v2\/types\/post"}],"author":[{"embeddable":true,"href":"https:\/\/estrategica.com.co\/blog\/wp-json\/wp\/v2\/users\/5"}],"replies":[{"embeddable":true,"href":"https:\/\/estrategica.com.co\/blog\/wp-json\/wp\/v2\/comments?post=17995"}],"version-history":[{"count":8,"href":"https:\/\/estrategica.com.co\/blog\/wp-json\/wp\/v2\/posts\/17995\/revisions"}],"predecessor-version":[{"id":44699,"href":"https:\/\/estrategica.com.co\/blog\/wp-json\/wp\/v2\/posts\/17995\/revisions\/44699"}],"wp:featuredmedia":[{"embeddable":true,"href":"https:\/\/estrategica.com.co\/blog\/wp-json\/wp\/v2\/media\/17996"}],"wp:attachment":[{"href":"https:\/\/estrategica.com.co\/blog\/wp-json\/wp\/v2\/media?parent=17995"}],"wp:term":[{"taxonomy":"category","embeddable":true,"href":"https:\/\/estrategica.com.co\/blog\/wp-json\/wp\/v2\/categories?post=17995"},{"taxonomy":"post_tag","embeddable":true,"href":"https:\/\/estrategica.com.co\/blog\/wp-json\/wp\/v2\/tags?post=17995"}],"curies":[{"name":"wp","href":"https:\/\/api.w.org\/{rel}","templated":true}]}}