{"id":18058,"date":"2009-07-30T15:18:14","date_gmt":"2009-07-30T15:18:14","guid":{"rendered":"http:\/\/estrategica.com.co\/blog\/?p=18058"},"modified":"2014-11-20T11:08:46","modified_gmt":"2014-11-20T16:08:46","slug":"setratadeti","status":"publish","type":"post","link":"https:\/\/estrategica.com.co\/blog\/setratadeti\/","title":{"rendered":"Se Trata de Ti &#8211; Primero Justicia"},"content":{"rendered":"<p> <script type='text\/javascript' src='https:\/\/estrategica.com.co\/blog\/wp-content\/plugins\/hana-flv-player\/flowplayer3\/example\/flowplayer-3.2.6.min.js'><\/script>\n<div >\n<div id='hana_flv_flow3_1' style='display:block;width:550px;height:413px;background-color:#555555;color:#ffffff;padding:0' title=\"*Video:se trata de ti - primero justicia\"><\/div>\n<\/div>\n\n<script  type='text\/javascript'>\nif (typeof g_hanaFlash !== 'undefined' && !g_hanaFlash){\n    jQuery('#hana_flv_flow3_1').css( 'padding', '5px' );\n\tjQuery('#hana_flv_flow3_1').html(\"<span class='inactive_message' style='display:block'>Sorry, your browser does not support Flash Video Player<\/span> *Video:se trata de ti - primero justicia\");\n}else{\t\t\t\n\t\tflowplayer('hana_flv_flow3_1', { src: 'https:\/\/estrategica.com.co\/blog\/wp-content\/plugins\/hana-flv-player\/flowplayer3\/flowplayer-3.2.7.swf', wmode: 'transparent' }, { \n\n\t\t\tcanvas: { backgroundColor: '#000000', backgroundGradient: 'none',},\n    \t\tclip:  { \n    \t\t\turl: '\/blog\/wp-content\/uploads\/2009\/01\/videosultimosconver\/setratadeti.flv',\n        \t\tscaling: 'fit', autoPlay: false, autoBuffering: true \n\t\t\t\t   , onFinish : function () { this.seek(0); }  \n\n\t        }\n\n\t\t});\n}\n<\/script><br \/>\n<\/br><\/p>\n<p>[icon color=\u00bbAccent-Color\u00bb size=\u00bbregular\u00bb image=\u00bbsteadysets-icon-chat\u00bb] <strong>Contexto<\/strong><\/br><\/br><\/p>\n<p style=\"text-align: justify;\">Spot de la campa\u00f1a de Julio Borges a la Presidencia de Venezuela, durante la contienda de 2006. La aspiraci\u00f3n se canaliz\u00f3 a trav\u00e9s del movimiento Primero Justicia. Su slogan inicial fue \u00abHacia el Progreso Popular\u00bb y luego lo cambio por \u00abPrimero Venezuela\u00bb. La aspiraci\u00f3n, al final, fue declinada a favor de Manuel Rosales. El gui\u00f3n del spot desarrolla el valor de la justicia que es el par\u00e1metro de identificaci\u00f3n de la coalici\u00f3n pol\u00edtica. El esfuerzo es interesante pero visualmente no es atractivo ni genera recordaci\u00f3n.<\/p><\/p>\n","protected":false},"excerpt":{"rendered":"<p>*Video: se trata de ti &#8211; primero justicia [icon color=\u00bbAccent-Color\u00bb size=\u00bbregular\u00bb image=\u00bbsteadysets-icon-chat\u00bb] Contexto Spot de la campa\u00f1a de Julio Borges a la Presidencia de Venezuela, durante la contienda de 2006. La aspiraci\u00f3n se canaliz\u00f3 a trav\u00e9s del movimiento Primero Justicia. Su slogan inicial fue \u00abHacia el Progreso Popular\u00bb y luego lo cambio por \u00abPrimero Venezuela\u00bb. [&hellip;]<\/p>\n","protected":false},"author":4,"featured_media":18059,"comment_status":"open","ping_status":"open","sticky":false,"template":"","format":"standard","meta":{"_et_pb_use_builder":"","_et_pb_old_content":"","_et_gb_content_width":"","advanced_seo_description":"","jetpack_seo_html_title":"","jetpack_seo_noindex":false,"footnotes":""},"categories":[264,263,57,34,10,11,61,3],"tags":[196,605,606],"class_list":["post-18058","post","type-post","status-publish","format-standard","has-post-thumbnail","hentry","category-264","category-ano","category-campana-presidencial","category-electoral","category-geo","category-temas","category-venezuela","category-video","tag-elecciones-2006","tag-julio-borges","tag-primero-justicia"],"jetpack_featured_media_url":"https:\/\/i0.wp.com\/estrategica.com.co\/blog\/wp-content\/uploads\/2009\/06\/setratadeti_thumb.png?fit=662%2C462&ssl=1","jetpack_shortlink":"https:\/\/wp.me\/p4wgsh-4Hg","jetpack-related-posts":[{"id":18051,"url":"https:\/\/estrategica.com.co\/blog\/se-trata-de-ti-primero-justicia\/","url_meta":{"origin":18058,"position":0},"title":"Se Trata de Ti &#8211; Primero Justicia","author":"Juliana","date":"agosto 7, 2009","format":false,"excerpt":"[hana-flv-player video=\"\/blog\/wp-content\/uploads\/2009\/01\/videosultimosconver\/setrata.flv\" width=\"550\" height=\"\" description=\"Se Trata de Ti - Primero Justicia\" clickurl=\"\" clicktarget=\"\" player=\"4\" autoplay=\"false\" loop=\"false\" autorewind=\"true\" splashimage=\"\" skin=\"\" \/] [icon color=\"Accent-Color\" size=\"regular\" image=\"steadysets-icon-chat\"] Contexto Spot de la campa\u00f1a de Julio Borges a la Presidencia de Venezuela, durante la contienda de 2006. La aspiraci\u00f3n se canaliz\u00f3 a trav\u00e9s del movimiento\u2026","rel":"","context":"En \u00abCampa\u00f1a Presidencial\u00bb","block_context":{"text":"Campa\u00f1a Presidencial","link":"https:\/\/estrategica.com.co\/blog\/category\/temas\/campana-presidencial\/"},"img":{"alt_text":"","src":"https:\/\/i0.wp.com\/estrategica.com.co\/blog\/wp-content\/uploads\/2009\/06\/setrata_thumb.png?fit=626%2C472&ssl=1&resize=350%2C200","width":350,"height":200},"classes":[]},{"id":18055,"url":"https:\/\/estrategica.com.co\/blog\/inseguridad-se-trata-de-ti-primero-justicia\/","url_meta":{"origin":18058,"position":1},"title":"Inseguridad &#8211; Se trata de ti &#8211; Primero Justicia","author":"Juliana","date":"agosto 7, 2009","format":false,"excerpt":"[hana-flv-player video=\"\/blog\/wp-content\/uploads\/2009\/01\/videosultimosconver\/setratade.flv\" width=\"550\" height=\"\" description=\"Inseguridad - Se trata de ti - Primero Justicia\" clickurl=\"\" clicktarget=\"\" player=\"4\" autoplay=\"false\" loop=\"false\" autorewind=\"true\" splashimage=\"\" skin=\"\" \/] [icon color=\"Accent-Color\" size=\"regular\" image=\"steadysets-icon-chat\"] Contexto Spot de la campa\u00f1a de Julio Borges a la Presidencia de Venezuela, durante la contienda de 2006. La aspiraci\u00f3n se canaliz\u00f3 a trav\u00e9s\u2026","rel":"","context":"En \u00abCampa\u00f1a Presidencial\u00bb","block_context":{"text":"Campa\u00f1a Presidencial","link":"https:\/\/estrategica.com.co\/blog\/category\/temas\/campana-presidencial\/"},"img":{"alt_text":"","src":"https:\/\/i0.wp.com\/estrategica.com.co\/blog\/wp-content\/uploads\/2009\/06\/setratade_thumb.png?fit=687%2C468&ssl=1&resize=350%2C200","width":350,"height":200},"classes":[]},{"id":17467,"url":"https:\/\/estrategica.com.co\/blog\/justicia-es-borges-4\/","url_meta":{"origin":18058,"position":2},"title":"Justicia es&#8230; &#8211; Borges","author":"Juliana","date":"junio 23, 2009","format":false,"excerpt":"[hana-flv-player video=\"\/blog\/wp-content\/uploads\/2009\/01\/videosultimosconver\/JUSTICIA.flv\" width=\"550\" height=\"\" description=\"Justicia es... - Borges\" clickurl=\"\" clicktarget=\"\" player=\"4\" autoplay=\"false\" loop=\"false\" autorewind=\"true\" splashimage=\"\" skin=\"\" \/] [icon color=\"Accent-Color\" size=\"regular\" image=\"steadysets-icon-chat\"] Contexto Spot de la campa\u00f1a de Julio Borges a la Presidencia de Venezuela, durante la contienda de 2006. La aspiraci\u00f3n se canaliz\u00f3 a trav\u00e9s del movimiento Primero Justicia. Su\u2026","rel":"","context":"En \u00abCampa\u00f1a Presidencial\u00bb","block_context":{"text":"Campa\u00f1a Presidencial","link":"https:\/\/estrategica.com.co\/blog\/category\/temas\/campana-presidencial\/"},"img":{"alt_text":"","src":"https:\/\/i0.wp.com\/estrategica.com.co\/blog\/wp-content\/uploads\/2009\/06\/justicia_thumb.png?fit=579%2C464&ssl=1&resize=350%2C200","width":350,"height":200},"classes":[]},{"id":17471,"url":"https:\/\/estrategica.com.co\/blog\/justicia-es-borges-5\/","url_meta":{"origin":18058,"position":3},"title":"Justicia es&#8230; &#8211; Borges","author":"Juliana","date":"junio 23, 2009","format":false,"excerpt":"[hana-flv-player video=\"\/blog\/wp-content\/uploads\/2009\/01\/videosultimosconver\/justicia1.flv\" width=\"550\" height=\"\" description=\"Justicia es... - Borges\" clickurl=\"\" clicktarget=\"\" player=\"4\" autoplay=\"false\" loop=\"false\" autorewind=\"true\" splashimage=\"\" skin=\"\" \/] [icon color=\"Accent-Color\" size=\"regular\" image=\"steadysets-icon-chat\"] Contexto Spot de la campa\u00f1a de Julio Borges a la Presidencia de Venezuela, durante la contienda de 2006. La aspiraci\u00f3n se canaliz\u00f3 a trav\u00e9s del movimiento Primero Justicia. Su\u2026","rel":"","context":"En \u00abCampa\u00f1a Presidencial\u00bb","block_context":{"text":"Campa\u00f1a Presidencial","link":"https:\/\/estrategica.com.co\/blog\/category\/temas\/campana-presidencial\/"},"img":{"alt_text":"","src":"https:\/\/i0.wp.com\/estrategica.com.co\/blog\/wp-content\/uploads\/2009\/06\/justicia1_thumb.png?fit=613%2C467&ssl=1&resize=350%2C200","width":350,"height":200},"classes":[]},{"id":17475,"url":"https:\/\/estrategica.com.co\/blog\/adoctrinamiento-justicia-es-borges\/","url_meta":{"origin":18058,"position":4},"title":"Adoctrinamiento &#8211; Justicia es&#8230; &#8211; Borges","author":"Juliana","date":"junio 23, 2009","format":false,"excerpt":"[hana-flv-player video=\"\/blog\/wp-content\/uploads\/2009\/01\/videosultimosconver\/justiciaadoctrinamiento.flv\" width=\"550\" height=\"\" description=\"Adoctrinamiento - Justicia es... - Borges\" clickurl=\"\" clicktarget=\"\" player=\"4\" autoplay=\"false\" loop=\"false\" autorewind=\"true\" splashimage=\"\" skin=\"\" \/] [icon color=\"Accent-Color\" size=\"regular\" image=\"steadysets-icon-chat\"] Contexto Spot de la campa\u00f1a de Julio Borges a la Presidencia de Venezuela, durante la contienda de 2006. La aspiraci\u00f3n se canaliz\u00f3 a trav\u00e9s del movimiento Primero\u2026","rel":"","context":"En \u00abCampa\u00f1a Presidencial\u00bb","block_context":{"text":"Campa\u00f1a Presidencial","link":"https:\/\/estrategica.com.co\/blog\/category\/temas\/campana-presidencial\/"},"img":{"alt_text":"","src":"https:\/\/i0.wp.com\/estrategica.com.co\/blog\/wp-content\/uploads\/2009\/06\/justiciaadoctrinamiento_thumb.png?fit=659%2C470&ssl=1&resize=350%2C200","width":350,"height":200},"classes":[]},{"id":17479,"url":"https:\/\/estrategica.com.co\/blog\/justicia-es-borges-2\/","url_meta":{"origin":18058,"position":5},"title":"Justicia es&#8230; &#8211; Borges","author":"Juliana","date":"junio 23, 2009","format":false,"excerpt":"[hana-flv-player video=\"\/blog\/wp-content\/uploads\/2009\/01\/videosultimosconver\/justiciareeleccion.flv\" width=\"550\" height=\"\" description=\"Justicia es... - Borges\" clickurl=\"\" clicktarget=\"\" player=\"4\" autoplay=\"false\" loop=\"false\" autorewind=\"true\" splashimage=\"\" skin=\"\" \/] [icon color=\"Accent-Color\" size=\"regular\" image=\"steadysets-icon-chat\"] Contexto Spot de la campa\u00f1a de Julio Borges a la Presidencia de Venezuela, durante la contienda de 2006. La aspiraci\u00f3n se canaliz\u00f3 a trav\u00e9s del movimiento Primero Justicia. Su\u2026","rel":"","context":"En \u00abCampa\u00f1a Presidencial\u00bb","block_context":{"text":"Campa\u00f1a Presidencial","link":"https:\/\/estrategica.com.co\/blog\/category\/temas\/campana-presidencial\/"},"img":{"alt_text":"","src":"https:\/\/i0.wp.com\/estrategica.com.co\/blog\/wp-content\/uploads\/2009\/06\/justiciareeleccion_thumb.png?fit=519%2C336&ssl=1&resize=350%2C200","width":350,"height":200},"classes":[]}],"jetpack_sharing_enabled":true,"_links":{"self":[{"href":"https:\/\/estrategica.com.co\/blog\/wp-json\/wp\/v2\/posts\/18058","targetHints":{"allow":["GET"]}}],"collection":[{"href":"https:\/\/estrategica.com.co\/blog\/wp-json\/wp\/v2\/posts"}],"about":[{"href":"https:\/\/estrategica.com.co\/blog\/wp-json\/wp\/v2\/types\/post"}],"author":[{"embeddable":true,"href":"https:\/\/estrategica.com.co\/blog\/wp-json\/wp\/v2\/users\/4"}],"replies":[{"embeddable":true,"href":"https:\/\/estrategica.com.co\/blog\/wp-json\/wp\/v2\/comments?post=18058"}],"version-history":[{"count":14,"href":"https:\/\/estrategica.com.co\/blog\/wp-json\/wp\/v2\/posts\/18058\/revisions"}],"predecessor-version":[{"id":44918,"href":"https:\/\/estrategica.com.co\/blog\/wp-json\/wp\/v2\/posts\/18058\/revisions\/44918"}],"wp:featuredmedia":[{"embeddable":true,"href":"https:\/\/estrategica.com.co\/blog\/wp-json\/wp\/v2\/media\/18059"}],"wp:attachment":[{"href":"https:\/\/estrategica.com.co\/blog\/wp-json\/wp\/v2\/media?parent=18058"}],"wp:term":[{"taxonomy":"category","embeddable":true,"href":"https:\/\/estrategica.com.co\/blog\/wp-json\/wp\/v2\/categories?post=18058"},{"taxonomy":"post_tag","embeddable":true,"href":"https:\/\/estrategica.com.co\/blog\/wp-json\/wp\/v2\/tags?post=18058"}],"curies":[{"name":"wp","href":"https:\/\/api.w.org\/{rel}","templated":true}]}}