{"id":18145,"date":"2009-10-12T03:27:17","date_gmt":"2009-10-12T03:27:17","guid":{"rendered":"http:\/\/estrategica.com.co\/blog\/?p=18145"},"modified":"2014-10-24T16:12:57","modified_gmt":"2014-10-24T21:12:57","slug":"apoyo-al-presidente-pan","status":"publish","type":"post","link":"https:\/\/estrategica.com.co\/blog\/apoyo-al-presidente-pan\/","title":{"rendered":"Apoyo al Presidente &#8211; PAN"},"content":{"rendered":"<p> <script type='text\/javascript' src='https:\/\/estrategica.com.co\/blog\/wp-content\/plugins\/hana-flv-player\/flowplayer3\/example\/flowplayer-3.2.6.min.js'><\/script>\n<div >\n<div id='hana_flv_flow3_1' style='display:block;width:550px;height:413px;background-color:#555555;color:#ffffff;padding:0' title=\"*Video:apoyo al presidente - pan\"><\/div>\n<\/div>\n\n<script  type='text\/javascript'>\nif (typeof g_hanaFlash !== 'undefined' && !g_hanaFlash){\n    jQuery('#hana_flv_flow3_1').css( 'padding', '5px' );\n\tjQuery('#hana_flv_flow3_1').html(\"<span class='inactive_message' style='display:block'>Sorry, your browser does not support Flash Video Player<\/span> *Video:apoyo al presidente - pan\");\n}else{\t\t\t\n\t\tflowplayer('hana_flv_flow3_1', { src: 'https:\/\/estrategica.com.co\/blog\/wp-content\/plugins\/hana-flv-player\/flowplayer3\/flowplayer-3.2.7.swf', wmode: 'transparent' }, { \n\n\t\t\tcanvas: { backgroundColor: '#000000', backgroundGradient: 'none',},\n    \t\tclip:  { \n    \t\t\turl: '\/blog\/wp-content\/uploads\/2009\/01\/videosultimosconver\/SpotManuelEspino.flv',\n        \t\tscaling: 'fit', autoPlay: false, autoBuffering: true \n\t\t\t\t   , onFinish : function () { this.seek(0); }  \n\n\t        }\n\n\t\t});\n}\n<\/script><br \/>\n<\/br><\/p>\n<p>[icon color=\u00bbAccent-Color\u00bb size=\u00bbregular\u00bb image=\u00bbsteadysets-icon-chat\u00bb] <strong>Contexto<\/strong><\/br><\/br><\/p>\n<p style=\"text-align: justify;\">Spot del PAN en apoyo a la gesti\u00f3n del Presidente Felipe Calder\u00f3n. El gobierno pasa por un momento de vulnerabilidad p\u00fablica como consecuencia de la inseguridad que azota a M\u00e9xico. La vocer\u00eda del mensaje la asume Manuel Espino que es el presidente nacional del PAN. La pieza busca mostrar la cohesi\u00f3n del PAN con el gobierno m\u00e1s que propiciar comportamientos en el ciudadano, es m\u00e1s declarativo que persuasivo\u2026 en ese sentido esta bien.<\/p><\/p>\n","protected":false},"excerpt":{"rendered":"<p>*Video: apoyo al presidente &#8211; pan [icon color=\u00bbAccent-Color\u00bb size=\u00bbregular\u00bb image=\u00bbsteadysets-icon-chat\u00bb] Contexto Spot del PAN en apoyo a la gesti\u00f3n del Presidente Felipe Calder\u00f3n. El gobierno pasa por un momento de vulnerabilidad p\u00fablica como consecuencia de la inseguridad que azota a M\u00e9xico. La vocer\u00eda del mensaje la asume Manuel Espino que es el presidente nacional del [&hellip;]<\/p>\n","protected":false},"author":5,"featured_media":18146,"comment_status":"open","ping_status":"open","sticky":false,"template":"","format":"standard","meta":{"_et_pb_use_builder":"","_et_pb_old_content":"","_et_gb_content_width":"","advanced_seo_description":"","jetpack_seo_html_title":"","jetpack_seo_noindex":false,"footnotes":""},"categories":[269,263,27,10,35,201,11,3],"tags":[259,668,255],"class_list":["post-18145","post","type-post","status-publish","format-standard","has-post-thumbnail","hentry","category-269","category-ano","category-divulgacion-politica","category-geo","category-mensaje-politico","category-mexico","category-temas","category-video","tag-felipe-calderon","tag-manuel-espino","tag-pan"],"jetpack_featured_media_url":"https:\/\/i0.wp.com\/estrategica.com.co\/blog\/wp-content\/uploads\/2009\/06\/spotmanuelespino_thumb.png?fit=513%2C399&ssl=1","jetpack_shortlink":"https:\/\/wp.me\/p4wgsh-4IF","jetpack-related-posts":[{"id":15437,"url":"https:\/\/estrategica.com.co\/blog\/av233\/","url_meta":{"origin":18145,"position":0},"title":"Apoyo a Calder\u00f3n &#8211; PAN","author":"Juliana","date":"marzo 3, 2011","format":false,"excerpt":"[hana-flv-player video=\"\/blog\/wp-content\/uploads\/2009\/01\/videos_ultimos\/av233.flv\" width=\"550\" height=\"\" description=\"Apoyo a Calder\u00f3n - PAN\" clickurl=\"\" clicktarget=\"\" player=\"4\" autoplay=\"false\" loop=\"false\" autorewind=\"true\" splashimage=\"\" skin=\"\" \/] [icon color=\"Accent-Color\" size=\"regular\" image=\"steadysets-icon-chat\"] Contexto Spot del Partido Acci\u00f3n Nacional, en el a\u00f1o 2007, para posicionar el apoyo de la colectividad al gobierno del Presidente Felipe Calder\u00f3n. Es una pieza t\u00edpica pol\u00edtica\u2026","rel":"","context":"En \u00ab2007\u00bb","block_context":{"text":"2007","link":"https:\/\/estrategica.com.co\/blog\/category\/ano\/2007\/"},"img":{"alt_text":"","src":"https:\/\/i0.wp.com\/estrategica.com.co\/blog\/wp-content\/uploads\/2009\/05\/av233_thumb.png?fit=430%2C351&ssl=1&resize=350%2C200","width":350,"height":200},"classes":[]},{"id":15428,"url":"https:\/\/estrategica.com.co\/blog\/nunca-restamos-pan\/","url_meta":{"origin":18145,"position":1},"title":"Nunca Restamos &#8211; PAN","author":"Juliana","date":"junio 16, 2009","format":false,"excerpt":"[hana-flv-player video=\"\/blog\/wp-content\/uploads\/2009\/01\/videos_ultimos\/av231.flv\" width=\"550\" height=\"\" description=\"Nunca Restamos - PAN\" clickurl=\"\" clicktarget=\"\" player=\"4\" autoplay=\"false\" loop=\"false\" autorewind=\"true\" splashimage=\"\" skin=\"\" \/] [icon color=\"Accent-Color\" size=\"regular\" image=\"steadysets-icon-chat\"] Contexto Spot del PAN en apoyo a la gesti\u00f3n del Presidente Felipe Calder\u00f3n. La pieza se origina en el hecho de la perdida de favorabilidad del gobierno. La pieza\u2026","rel":"","context":"En \u00ab2007\u00bb","block_context":{"text":"2007","link":"https:\/\/estrategica.com.co\/blog\/category\/ano\/2007\/"},"img":{"alt_text":"","src":"https:\/\/i0.wp.com\/estrategica.com.co\/blog\/wp-content\/uploads\/2009\/05\/av231_thumb.png?fit=440%2C353&ssl=1&resize=350%2C200","width":350,"height":200},"classes":[]},{"id":7360,"url":"https:\/\/estrategica.com.co\/blog\/en-mexico-tenemos-nuevo-presidente-calderon\/","url_meta":{"origin":18145,"position":2},"title":"En M\u00e9xico tenemos nuevo Presidente &#8211; Calder\u00f3n","author":"Juliana","date":"marzo 21, 2009","format":false,"excerpt":"[hana-flv-player video=\"\/blog\/wp-content\/uploads\/2009\/01\/videos_varios_f\/Felipe_Calderon_Presidente_Spot.flv\" width=\"550\" height=\"\" description=\"En M\u00e9xico tenemos nuevo Presidente - Calder\u00f3n\" clickurl=\"\" clicktarget=\"\" player=\"4\" autoplay=\"false\" loop=\"false\" autorewind=\"true\" splashimage=\"\" skin=\"\" \/] [icon color=\"Accent-Color\" size=\"regular\" image=\"steadysets-icon-chat\"] Contexto Spot de Gobierno de Felipe Calder\u00f3n a las elecciones de 2006.\u00a0 La pieza tiene como finalidad trasmitir un mensaje de optimismo en medio de la\u2026","rel":"","context":"En \u00abComunicaci\u00f3n Gobierno\u00bb","block_context":{"text":"Comunicaci\u00f3n Gobierno","link":"https:\/\/estrategica.com.co\/blog\/category\/temas\/comunicacion-gobierno\/"},"img":{"alt_text":"","src":"","width":0,"height":0},"classes":[]},{"id":14906,"url":"https:\/\/estrategica.com.co\/blog\/un-peligro-para-mexico-calderon\/","url_meta":{"origin":18145,"position":3},"title":"Un Peligro para M\u00e9xico &#8211; Calder\u00f3n","author":"Juliana","date":"mayo 23, 2009","format":false,"excerpt":"[hana-flv-player video=\"\/blog\/wp-content\/uploads\/2009\/01\/videos_ultimos\/av175.flv\" width=\"550\" height=\"\" description=\"Mediador Internacional - Richardson\" clickurl=\"\" clicktarget=\"\" player=\"4\" autoplay=\"false\" loop=\"false\" autorewind=\"true\" splashimage=\"\" skin=\"\" \/] [icon color=\"Accent-Color\" size=\"regular\" image=\"steadysets-icon-chat\"] Contexto Spot de campa\u00f1a de Felipe Calder\u00f3n a las elecciones de 2006. La estrategia, inicialmente, estuvo dirigida a aumentar el nivel de conocimiento pues era el menos conocido de\u2026","rel":"","context":"En \u00abCampa\u00f1a Presidencial\u00bb","block_context":{"text":"Campa\u00f1a Presidencial","link":"https:\/\/estrategica.com.co\/blog\/category\/temas\/campana-presidencial\/"},"img":{"alt_text":"","src":"https:\/\/i0.wp.com\/estrategica.com.co\/blog\/wp-content\/uploads\/2009\/05\/av175_thumb.png?fit=454%2C350&ssl=1&resize=350%2C200","width":350,"height":200},"classes":[]},{"id":11929,"url":"https:\/\/estrategica.com.co\/blog\/mexicopan06\/","url_meta":{"origin":18145,"position":4},"title":"Segundo Piso de L\u00f3pez Obrador &#8211; PAN","author":"Juliana","date":"abril 25, 2009","format":false,"excerpt":"[hana-flv-player video=\"\/blog\/wp-content\/uploads\/2009\/01\/carpeta_muchos_varios\/MexicoPAN06.flv\" width=\"550\" height=\"\" description=\"Segundo Piso de L\u00f3pez Obrador - PAN\" clickurl=\"\" clicktarget=\"\" player=\"4\" autoplay=\"false\" loop=\"false\" autorewind=\"true\" splashimage=\"\" skin=\"\" \/] [icon color=\"Accent-Color\" size=\"regular\" image=\"steadysets-icon-chat\"] Contexto Spot de campa\u00f1a de Felipe Calder\u00f3n a las elecciones de 2006. La estrategia, inicialmente, estuvo dirigida a aumentar el nivel de conocimiento pues era el\u2026","rel":"","context":"En \u00abCampa\u00f1a Presidencial\u00bb","block_context":{"text":"Campa\u00f1a Presidencial","link":"https:\/\/estrategica.com.co\/blog\/category\/temas\/campana-presidencial\/"},"img":{"alt_text":"","src":"","width":0,"height":0},"classes":[]},{"id":37077,"url":"https:\/\/estrategica.com.co\/blog\/bienvenidoamijosefina\/","url_meta":{"origin":18145,"position":5},"title":"Bienvenido &#8211; V\u00e1zquez","author":"Juliana","date":"enero 30, 2013","format":false,"excerpt":"[hana-flv-player video=\"\/blog\/wp-content\/uploads\/2009\/01\/20121220\/BienvenidoamiJosefina.flv\" width=\"550\" height=\"\" description=\"Bienvenido - V\u00e1zquez\" clickurl=\"\" clicktarget=\"\" player=\"4\" autoplay=\"false\" loop=\"false\" autorewind=\"false\" splashimage=\"\" skin=\"\" \/] [icon color=\"Accent-Color\" size=\"regular\" image=\"steadysets-icon-chat\"] Contexto Spot de la Campa\u00f1a de Josefina V\u00e1zquez a la Presidencia de M\u00e9xico, durante la contienda electoral de 2012, a nombre del Partido Acci\u00f3n Nacional, PAN. La campa\u00f1a parti\u00f3 en\u2026","rel":"","context":"En \u00ab2012\u00bb","block_context":{"text":"2012","link":"https:\/\/estrategica.com.co\/blog\/category\/ano\/2012\/"},"img":{"alt_text":"","src":"https:\/\/i0.wp.com\/estrategica.com.co\/blog\/wp-content\/uploads\/2013\/01\/BienvenidoamiJosefina_thumb.png?fit=861%2C547&ssl=1&resize=350%2C200","width":350,"height":200},"classes":[]}],"jetpack_sharing_enabled":true,"_links":{"self":[{"href":"https:\/\/estrategica.com.co\/blog\/wp-json\/wp\/v2\/posts\/18145","targetHints":{"allow":["GET"]}}],"collection":[{"href":"https:\/\/estrategica.com.co\/blog\/wp-json\/wp\/v2\/posts"}],"about":[{"href":"https:\/\/estrategica.com.co\/blog\/wp-json\/wp\/v2\/types\/post"}],"author":[{"embeddable":true,"href":"https:\/\/estrategica.com.co\/blog\/wp-json\/wp\/v2\/users\/5"}],"replies":[{"embeddable":true,"href":"https:\/\/estrategica.com.co\/blog\/wp-json\/wp\/v2\/comments?post=18145"}],"version-history":[{"count":7,"href":"https:\/\/estrategica.com.co\/blog\/wp-json\/wp\/v2\/posts\/18145\/revisions"}],"predecessor-version":[{"id":60746,"href":"https:\/\/estrategica.com.co\/blog\/wp-json\/wp\/v2\/posts\/18145\/revisions\/60746"}],"wp:featuredmedia":[{"embeddable":true,"href":"https:\/\/estrategica.com.co\/blog\/wp-json\/wp\/v2\/media\/18146"}],"wp:attachment":[{"href":"https:\/\/estrategica.com.co\/blog\/wp-json\/wp\/v2\/media?parent=18145"}],"wp:term":[{"taxonomy":"category","embeddable":true,"href":"https:\/\/estrategica.com.co\/blog\/wp-json\/wp\/v2\/categories?post=18145"},{"taxonomy":"post_tag","embeddable":true,"href":"https:\/\/estrategica.com.co\/blog\/wp-json\/wp\/v2\/tags?post=18145"}],"curies":[{"name":"wp","href":"https:\/\/api.w.org\/{rel}","templated":true}]}}