{"id":18161,"date":"2009-09-15T14:23:24","date_gmt":"2009-09-15T14:23:24","guid":{"rendered":"http:\/\/estrategica.com.co\/blog\/?p=18161"},"modified":"2014-11-06T12:14:42","modified_gmt":"2014-11-06T17:14:42","slug":"primero-tu-primero-justicia","status":"publish","type":"post","link":"https:\/\/estrategica.com.co\/blog\/primero-tu-primero-justicia\/","title":{"rendered":"Primero Tu &#8211; PRIMERO JUSTICIA"},"content":{"rendered":"<p> <script type='text\/javascript' src='https:\/\/estrategica.com.co\/blog\/wp-content\/plugins\/hana-flv-player\/flowplayer3\/example\/flowplayer-3.2.6.min.js'><\/script>\n<div >\n<div id='hana_flv_flow3_1' style='display:block;width:550px;height:413px;background-color:#555555;color:#ffffff;padding:0' title=\"*Video:primero tu - primero justicia\"><\/div>\n<\/div>\n\n<script  type='text\/javascript'>\nif (typeof g_hanaFlash !== 'undefined' && !g_hanaFlash){\n    jQuery('#hana_flv_flow3_1').css( 'padding', '5px' );\n\tjQuery('#hana_flv_flow3_1').html(\"<span class='inactive_message' style='display:block'>Sorry, your browser does not support Flash Video Player<\/span> *Video:primero tu - primero justicia\");\n}else{\t\t\t\n\t\tflowplayer('hana_flv_flow3_1', { src: 'https:\/\/estrategica.com.co\/blog\/wp-content\/plugins\/hana-flv-player\/flowplayer3\/flowplayer-3.2.7.swf', wmode: 'transparent' }, { \n\n\t\t\tcanvas: { backgroundColor: '#000000', backgroundGradient: 'none',},\n    \t\tclip:  { \n    \t\t\turl: '\/blog\/wp-content\/uploads\/2009\/01\/videosultimosconver\/spotPRIMEROTU.flv',\n        \t\tscaling: 'fit', autoPlay: false, autoBuffering: true \n\t\t\t\t   , onFinish : function () { this.seek(0); }  \n\n\t        }\n\n\t\t});\n}\n<\/script><br \/>\n<\/br><\/p>\n<p>[icon color=\u00bbAccent-Color\u00bb size=\u00bbregular\u00bb image=\u00bbsteadysets-icon-chat\u00bb] <strong>Contexto<\/strong><\/br><\/br><\/p>\n<p style=\"text-align: justify;\">Spot musical de PRIMERO JUSTICIA para las elecciones regionales de 2008. La pieza, sin mayor creatividad visual, hace una secuencia con los distintos candidatos del partido a os cargos de representaci\u00f3n regional. La m\u00fasica salva la pieza al ser un ritmo pegajoso que genera recordaci\u00f3n por parte del ciudadano.<\/p><\/p>\n","protected":false},"excerpt":{"rendered":"<p>*Video: primero tu &#8211; primero justicia [icon color=\u00bbAccent-Color\u00bb size=\u00bbregular\u00bb image=\u00bbsteadysets-icon-chat\u00bb] Contexto Spot musical de PRIMERO JUSTICIA para las elecciones regionales de 2008. La pieza, sin mayor creatividad visual, hace una secuencia con los distintos candidatos del partido a os cargos de representaci\u00f3n regional. La m\u00fasica salva la pieza al ser un ritmo pegajoso que genera [&hellip;]<\/p>\n","protected":false},"author":5,"featured_media":18162,"comment_status":"open","ping_status":"open","sticky":false,"template":"","format":"standard","meta":{"_et_pb_use_builder":"","_et_pb_old_content":"","_et_gb_content_width":"","advanced_seo_description":"","jetpack_seo_html_title":"","jetpack_seo_noindex":false,"footnotes":""},"categories":[59,34,10,11,61,3],"tags":[93,606],"class_list":["post-18161","post","type-post","status-publish","format-standard","has-post-thumbnail","hentry","category-campana-uninominal","category-electoral","category-geo","category-temas","category-venezuela","category-video","tag-elecciones-2008","tag-primero-justicia"],"jetpack_featured_media_url":"https:\/\/i0.wp.com\/estrategica.com.co\/blog\/wp-content\/uploads\/2009\/06\/spotprimerotu_thumb.png?fit=670%2C501&ssl=1","jetpack_shortlink":"https:\/\/wp.me\/p4wgsh-4IV","jetpack-related-posts":[{"id":18101,"url":"https:\/\/estrategica.com.co\/blog\/primero-tu-primero-justicia-2\/","url_meta":{"origin":18161,"position":0},"title":"Primero Tu &#8211; PRIMERO JUSTICIA","author":"Juliana","date":"septiembre 15, 2009","format":false,"excerpt":"[hana-flv-player video=\"\/blog\/wp-content\/uploads\/2009\/01\/videosultimosconver\/spot2PRIMEROTU.flv\" width=\"550\" height=\"\" description=\"Primero Tu - PRIMERO JUSTICIA\" clickurl=\"\" clicktarget=\"\" player=\"4\" autoplay=\"false\" loop=\"false\" autorewind=\"true\" splashimage=\"\" skin=\"\" \/] [icon color=\"Accent-Color\" size=\"regular\" image=\"steadysets-icon-chat\"] Contexto Spot musical de PRIMERO JUSTICIA para las elecciones regionales de 2008. La pieza, sin mayor creatividad visual, hace una secuencia con los distintos candidatos del partido a\u2026","rel":"","context":"En \u00abCampa\u00f1a Uninominal\u00bb","block_context":{"text":"Campa\u00f1a Uninominal","link":"https:\/\/estrategica.com.co\/blog\/category\/temas\/campana-uninominal\/"},"img":{"alt_text":"","src":"https:\/\/i0.wp.com\/estrategica.com.co\/blog\/wp-content\/uploads\/2009\/06\/spot_platformy_obywatelskiej_thumb2.png?fit=685%2C503&ssl=1&resize=350%2C200","width":350,"height":200},"classes":[]},{"id":17934,"url":"https:\/\/estrategica.com.co\/blog\/domino-primero-justicia\/","url_meta":{"origin":18161,"position":1},"title":"Domin\u00f3 &#8211; Primero Justicia","author":"Juliana","date":"agosto 29, 2009","format":false,"excerpt":"[hana-flv-player video=\"\/blog\/wp-content\/uploads\/2009\/01\/videosultimosconver\/PUBLICIDAD.flv\" width=\"550\" height=\"\" description=\"Domin\u00f3 - Primero Justicia\" clickurl=\"\" clicktarget=\"\" player=\"4\" autoplay=\"false\" loop=\"false\" autorewind=\"true\" splashimage=\"\" skin=\"\" \/] [icon color=\"Accent-Color\" size=\"regular\" image=\"steadysets-icon-chat\"] Contexto Spot de Primero Justicia para promover la anticipaci\u00f3n en las elecciones regionales del 23 de noviembre de 2008. La pieza es atractiva visualmente, pero no genera un mensaje\u2026","rel":"","context":"En \u00abCampa\u00f1a Uninominal\u00bb","block_context":{"text":"Campa\u00f1a Uninominal","link":"https:\/\/estrategica.com.co\/blog\/category\/temas\/campana-uninominal\/"},"img":{"alt_text":"","src":"https:\/\/i0.wp.com\/estrategica.com.co\/blog\/wp-content\/uploads\/2009\/06\/publicidad_thumb.png?fit=604%2C386&ssl=1&resize=350%2C200","width":350,"height":200},"classes":[]},{"id":17968,"url":"https:\/\/estrategica.com.co\/blog\/chacao-muchacho\/","url_meta":{"origin":18161,"position":2},"title":"Chacao &#8211; Muchacho","author":"Juliana","date":"octubre 11, 2009","format":false,"excerpt":"[hana-flv-player video=\"\/blog\/wp-content\/uploads\/2009\/01\/videosultimosconver\/RamonChacao.flv\" width=\"550\" height=\"\" description=\"Chacao - Muchacho\" clickurl=\"\" clicktarget=\"\" player=\"4\" autoplay=\"false\" loop=\"false\" autorewind=\"true\" splashimage=\"\" skin=\"\" \/] [icon color=\"Accent-Color\" size=\"regular\" image=\"steadysets-icon-chat\"] Contexto Spot de Ram\u00f3n Muchacho para impulsar su aspiraci\u00f3n a la Alcald\u00eda de Chacao por el movimiento PRIMERO JUSTICIA, en las elecciones de 2008. La pieza es una enumeraci\u00f3n d\u2026","rel":"","context":"En \u00abCampa\u00f1a Uninominal\u00bb","block_context":{"text":"Campa\u00f1a Uninominal","link":"https:\/\/estrategica.com.co\/blog\/category\/temas\/campana-uninominal\/"},"img":{"alt_text":"","src":"https:\/\/i0.wp.com\/estrategica.com.co\/blog\/wp-content\/uploads\/2009\/06\/ramonchacao_thumb.png?fit=669%2C476&ssl=1&resize=350%2C200","width":350,"height":200},"classes":[]},{"id":17948,"url":"https:\/\/estrategica.com.co\/blog\/no-al-referendo-primero-justicia\/","url_meta":{"origin":18161,"position":3},"title":"NO al Referendo &#8211; Primero Justicia","author":"Juliana","date":"agosto 13, 2009","format":false,"excerpt":"[hana-flv-player video=\"\/blog\/wp-content\/uploads\/2009\/01\/videosultimosconver\/PUBLICIDAD3.flv\" width=\"550\" height=\"\" description=\"NO al Referendo - Primero Justicia\" clickurl=\"\" clicktarget=\"\" player=\"4\" autoplay=\"false\" loop=\"false\" autorewind=\"true\" splashimage=\"\" skin=\"\" \/] [icon color=\"Accent-Color\" size=\"regular\" image=\"steadysets-icon-chat\"] Contexto Spot del NO, del Partido Primero Justicia, para el referendo aprobatorio de la enmienda constitucional en Venezuela durante la consulta popular de 2009. El objetivo de\u2026","rel":"","context":"En \u00abConsulta Popular\u00bb","block_context":{"text":"Consulta Popular","link":"https:\/\/estrategica.com.co\/blog\/category\/temas\/consulta-popular\/"},"img":{"alt_text":"","src":"https:\/\/i0.wp.com\/estrategica.com.co\/blog\/wp-content\/uploads\/2009\/06\/publicidad3_thumb.png?fit=585%2C428&ssl=1&resize=350%2C200","width":350,"height":200},"classes":[]},{"id":17939,"url":"https:\/\/estrategica.com.co\/blog\/papel-higienico-primero-justicia\/","url_meta":{"origin":18161,"position":4},"title":"Papel Higi\u00e9nico &#8211; Primero Justicia","author":"Juliana","date":"agosto 29, 2009","format":false,"excerpt":"[hana-flv-player video=\"\/blog\/wp-content\/uploads\/2009\/01\/videosultimosconver\/PUBLICIDAD1.flv\" width=\"550\" height=\"\" description=\"Papel Higi\u00e9nico - Primero Justicia\" clickurl=\"\" clicktarget=\"\" player=\"4\" autoplay=\"false\" loop=\"false\" autorewind=\"true\" splashimage=\"\" skin=\"\" \/] [icon color=\"Accent-Color\" size=\"regular\" image=\"steadysets-icon-chat\"] Contexto Spot de Primero Justicia con el que pretende atacar algunas acciones gubernamentales dirigidas a modificar alguna legislaci\u00f3n en salud, trabajo y educaci\u00f3n. La pieza es impactante por\u2026","rel":"","context":"En \u00ab2008\u00bb","block_context":{"text":"2008","link":"https:\/\/estrategica.com.co\/blog\/category\/ano\/2008\/"},"img":{"alt_text":"","src":"https:\/\/i0.wp.com\/estrategica.com.co\/blog\/wp-content\/uploads\/2009\/06\/publicidad1_thumb.png?fit=671%2C464&ssl=1&resize=350%2C200","width":350,"height":200},"classes":[]},{"id":17944,"url":"https:\/\/estrategica.com.co\/blog\/nadie-se-burla-del-pueblo-primero-justicia\/","url_meta":{"origin":18161,"position":5},"title":"Nadie se Burla del Pueblo &#8211; Primero Justicia","author":"Juliana","date":"agosto 30, 2009","format":false,"excerpt":"[hana-flv-player video=\"\/blog\/wp-content\/uploads\/2009\/01\/videosultimosconver\/PUBLICIDAD2.flv\" width=\"550\" height=\"\" description=\"Nadie se Burla del Pueblo - Primero Justicia\" clickurl=\"\" clicktarget=\"\" player=\"4\" autoplay=\"false\" loop=\"false\" autorewind=\"true\" splashimage=\"\" skin=\"\" \/] [icon color=\"Accent-Color\" size=\"regular\" image=\"steadysets-icon-chat\"] Contexto Spot de Primero Justicia con el que pretende atacar algunas acciones gubernamentales dirigidas a modificar alguna legislaci\u00f3n en salud, trabajo y educaci\u00f3n. La pieza\u2026","rel":"","context":"En \u00ab2008\u00bb","block_context":{"text":"2008","link":"https:\/\/estrategica.com.co\/blog\/category\/ano\/2008\/"},"img":{"alt_text":"","src":"https:\/\/i0.wp.com\/estrategica.com.co\/blog\/wp-content\/uploads\/2009\/06\/publicidad2_thumb.png?fit=666%2C467&ssl=1&resize=350%2C200","width":350,"height":200},"classes":[]}],"jetpack_sharing_enabled":true,"_links":{"self":[{"href":"https:\/\/estrategica.com.co\/blog\/wp-json\/wp\/v2\/posts\/18161","targetHints":{"allow":["GET"]}}],"collection":[{"href":"https:\/\/estrategica.com.co\/blog\/wp-json\/wp\/v2\/posts"}],"about":[{"href":"https:\/\/estrategica.com.co\/blog\/wp-json\/wp\/v2\/types\/post"}],"author":[{"embeddable":true,"href":"https:\/\/estrategica.com.co\/blog\/wp-json\/wp\/v2\/users\/5"}],"replies":[{"embeddable":true,"href":"https:\/\/estrategica.com.co\/blog\/wp-json\/wp\/v2\/comments?post=18161"}],"version-history":[{"count":6,"href":"https:\/\/estrategica.com.co\/blog\/wp-json\/wp\/v2\/posts\/18161\/revisions"}],"predecessor-version":[{"id":44745,"href":"https:\/\/estrategica.com.co\/blog\/wp-json\/wp\/v2\/posts\/18161\/revisions\/44745"}],"wp:featuredmedia":[{"embeddable":true,"href":"https:\/\/estrategica.com.co\/blog\/wp-json\/wp\/v2\/media\/18162"}],"wp:attachment":[{"href":"https:\/\/estrategica.com.co\/blog\/wp-json\/wp\/v2\/media?parent=18161"}],"wp:term":[{"taxonomy":"category","embeddable":true,"href":"https:\/\/estrategica.com.co\/blog\/wp-json\/wp\/v2\/categories?post=18161"},{"taxonomy":"post_tag","embeddable":true,"href":"https:\/\/estrategica.com.co\/blog\/wp-json\/wp\/v2\/tags?post=18161"}],"curies":[{"name":"wp","href":"https:\/\/api.w.org\/{rel}","templated":true}]}}