{"id":18229,"date":"2009-06-26T18:00:20","date_gmt":"2009-06-26T18:00:20","guid":{"rendered":"http:\/\/estrategica.com.co\/blog\/?p=18229"},"modified":"2014-12-19T16:22:10","modified_gmt":"2014-12-19T21:22:10","slug":"diego-torres-%e2%80%93-maltrato-infantil-unicef","status":"publish","type":"post","link":"https:\/\/estrategica.com.co\/blog\/diego-torres-%e2%80%93-maltrato-infantil-unicef\/","title":{"rendered":"Diego Torres \u2013 Maltrato Infantil &#8211; UNICEF"},"content":{"rendered":"<p> <script type='text\/javascript' src='https:\/\/estrategica.com.co\/blog\/wp-content\/plugins\/hana-flv-player\/flowplayer3\/example\/flowplayer-3.2.6.min.js'><\/script>\n<div >\n<div id='hana_flv_flow3_1' style='display:block;width:550px;height:413px;background-color:#555555;color:#ffffff;padding:0' title=\"*Video:diego torres \u2013 maltrato infantil - unicef\"><\/div>\n<\/div>\n\n<script  type='text\/javascript'>\nif (typeof g_hanaFlash !== 'undefined' && !g_hanaFlash){\n    jQuery('#hana_flv_flow3_1').css( 'padding', '5px' );\n\tjQuery('#hana_flv_flow3_1').html(\"<span class='inactive_message' style='display:block'>Sorry, your browser does not support Flash Video Player<\/span> *Video:diego torres \u2013 maltrato infantil - unicef\");\n}else{\t\t\t\n\t\tflowplayer('hana_flv_flow3_1', { src: 'https:\/\/estrategica.com.co\/blog\/wp-content\/plugins\/hana-flv-player\/flowplayer3\/flowplayer-3.2.7.swf', wmode: 'transparent' }, { \n\n\t\t\tcanvas: { backgroundColor: '#000000', backgroundGradient: 'none',},\n    \t\tclip:  { \n    \t\t\turl: '\/blog\/wp-content\/uploads\/2009\/01\/videosultimosconver\/UNICEFDiegoTorres.flv',\n        \t\tscaling: 'fit', autoPlay: false, autoBuffering: true \n\t\t\t\t   , onFinish : function () { this.seek(0); }  \n\n\t        }\n\n\t\t});\n}\n<\/script><br \/>\n<\/br><\/p>\n<p>[icon color=\u00bbAccent-Color\u00bb size=\u00bbregular\u00bb image=\u00bbsteadysets-icon-chat\u00bb] <strong>Contexto<\/strong><\/br><\/br><\/p>\n<p style=\"text-align: justify;\">Spot de UNICEF del a\u00f1o 2007 en el cual el cantante argentino Diego Torres asume la vocer\u00eda para posicionar un mensaje contra el maltrato infantil. La pieza tiene el tractivo del vocero, lo cual genera recordaci\u00f3n especialmente en la audiencia del cantante.<\/p><\/p>\n","protected":false},"excerpt":{"rendered":"<p>*Video: diego torres \u2013 maltrato infantil &#8211; unicef [icon color=\u00bbAccent-Color\u00bb size=\u00bbregular\u00bb image=\u00bbsteadysets-icon-chat\u00bb] Contexto Spot de UNICEF del a\u00f1o 2007 en el cual el cantante argentino Diego Torres asume la vocer\u00eda para posicionar un mensaje contra el maltrato infantil. La pieza tiene el tractivo del vocero, lo cual genera recordaci\u00f3n especialmente en la audiencia del cantante.<\/p>\n","protected":false},"author":5,"featured_media":18230,"comment_status":"open","ping_status":"open","sticky":false,"template":"","format":"standard","meta":{"_et_pb_use_builder":"","_et_pb_old_content":"","_et_gb_content_width":"","advanced_seo_description":"","jetpack_seo_html_title":"","jetpack_seo_noindex":false,"footnotes":""},"categories":[269,263,24,27,10,35,11,3],"tags":[617,317,414,172],"class_list":["post-18229","post","type-post","status-publish","format-standard","has-post-thumbnail","hentry","category-269","category-ano","category-argentina","category-divulgacion-politica","category-geo","category-mensaje-politico","category-temas","category-video","tag-diego-torres","tag-maltrato","tag-ninos","tag-unicef"],"jetpack_featured_media_url":"https:\/\/i0.wp.com\/estrategica.com.co\/blog\/wp-content\/uploads\/2009\/06\/unicefdiegotorres_thumb.png?fit=591%2C411&ssl=1","jetpack_shortlink":"https:\/\/wp.me\/p4wgsh-4K1","jetpack-related-posts":[{"id":14731,"url":"https:\/\/estrategica.com.co\/blog\/el-maltrato-deja-una-marca-unicef\/","url_meta":{"origin":18229,"position":0},"title":"El Maltrato deja una Marca\u00bb &#8211; UNICEF","author":"estrategica.com","date":"mayo 21, 2009","format":false,"excerpt":"[hana-flv-player video=\"\/blog\/wp-content\/uploads\/2009\/01\/videos_ultimos\/av162.flv\" width=\"550\" height=\"\" description=\"El Maltrato deja una Marca\" - UNICEF\" clickurl=\"\" clicktarget=\"\" player=\"4\" autoplay=\"false\" loop=\"false\" autorewind=\"true\" splashimage=\"\" skin=\"\" \/] [icon color=\"Accent-Color\" size=\"regular\" image=\"steadysets-icon-chat\"] Contexto Spot de la campa\u00f1a de UNICEF Chile contra el maltrato infantil, en el a\u00f1o 2007. La est\u00e9tica es dram\u00e1tica y posiciona un mensaje contundente en\u2026","rel":"","context":"En \u00ab2007\u00bb","block_context":{"text":"2007","link":"https:\/\/estrategica.com.co\/blog\/category\/ano\/2007\/"},"img":{"alt_text":"","src":"https:\/\/i0.wp.com\/estrategica.com.co\/blog\/wp-content\/uploads\/2009\/05\/av162_thumb.png?fit=358%2C230&ssl=1&resize=350%2C200","width":350,"height":200},"classes":[]},{"id":15863,"url":"https:\/\/estrategica.com.co\/blog\/maltrato-infantil-unicef-gobierno-de-chile\/","url_meta":{"origin":18229,"position":1},"title":"Maltrato Infantil &#8211; UNICEF &#8211; Gobierno de Chile","author":"Juliana","date":"junio 13, 2009","format":false,"excerpt":"[hana-flv-player video=\"\/blog\/wp-content\/uploads\/2009\/01\/videos_ultimos\/av324.flv\" width=\"550\" height=\"\" description=\"Maltrato Infantil - UNICEF - Gobierno de Chile\" clickurl=\"\" clicktarget=\"\" player=\"4\" autoplay=\"false\" loop=\"false\" autorewind=\"true\" splashimage=\"\" skin=\"\" \/] [icon color=\"Accent-Color\" size=\"regular\" image=\"steadysets-icon-chat\"] Contexto Spot del Gobierno de Chile y UNICEF para posicionar el tema del maltrato infantil en el a\u00f1o 2006. El spot no es impactante ni\u2026","rel":"","context":"En \u00ab2006\u00bb","block_context":{"text":"2006","link":"https:\/\/estrategica.com.co\/blog\/category\/ano\/2006\/"},"img":{"alt_text":"","src":"https:\/\/i0.wp.com\/estrategica.com.co\/blog\/wp-content\/uploads\/2009\/05\/av324_thumb.png?fit=456%2C346&ssl=1&resize=350%2C200","width":350,"height":200},"classes":[]},{"id":15565,"url":"https:\/\/estrategica.com.co\/blog\/discriminacion-unicef\/","url_meta":{"origin":18229,"position":2},"title":"Discriminaci\u00f3n &#8211; UNICEF","author":"Juliana","date":"junio 15, 2009","format":false,"excerpt":"[hana-flv-player video=\"\/blog\/wp-content\/uploads\/2009\/01\/videos_ultimos\/av261.flv\" width=\"550\" height=\"\" description=\"Discriminaci\u00f3n - UNICEF\" clickurl=\"\" clicktarget=\"\" player=\"4\" autoplay=\"false\" loop=\"false\" autorewind=\"true\" splashimage=\"\" skin=\"\" \/] [icon color=\"Accent-Color\" size=\"regular\" image=\"steadysets-icon-chat\"] Contexto Spot de UNICEF en al a\u00f1o 2007. La campa\u00f1a es contra la discriminaci\u00f3n y trata de estimular a los adultos a que generen comportamientos tolerantes en los menores. La\u2026","rel":"","context":"En \u00ab2007\u00bb","block_context":{"text":"2007","link":"https:\/\/estrategica.com.co\/blog\/category\/ano\/2007\/"},"img":{"alt_text":"","src":"https:\/\/i0.wp.com\/estrategica.com.co\/blog\/wp-content\/uploads\/2009\/05\/av261_thumb.png?fit=344%2C316&ssl=1&resize=350%2C200","width":350,"height":200},"classes":[]},{"id":18064,"url":"https:\/\/estrategica.com.co\/blog\/unicef-shakira\/","url_meta":{"origin":18229,"position":3},"title":"UNICEF &#8211; Shakira","author":"estrategica.com","date":"octubre 7, 2009","format":false,"excerpt":"[hana-flv-player video=\"\/blog\/wp-content\/uploads\/2009\/01\/videosultimosconver\/ShakiraUNICEF.flv\" width=\"550\" height=\"\" description=\"UNICEF - Shakira\" clickurl=\"\" clicktarget=\"\" player=\"4\" autoplay=\"false\" loop=\"false\" autorewind=\"true\" splashimage=\"\" skin=\"\" \/] [icon color=\"Accent-Color\" size=\"regular\" image=\"steadysets-icon-chat\"] Contexto Spot de la cantante Shakira para UNICEF con el fin de sensibilizar al espectador con respecto a las personas vulnerables que nos rodean, el mensaje \u201cmira con el coraz\u00f3n\u2026","rel":"","context":"En \u00ab2007\u00bb","block_context":{"text":"2007","link":"https:\/\/estrategica.com.co\/blog\/category\/ano\/2007\/"},"img":{"alt_text":"","src":"https:\/\/i0.wp.com\/estrategica.com.co\/blog\/wp-content\/uploads\/2009\/06\/shakiraunicef_thumb.png?fit=625%2C393&ssl=1&resize=350%2C200","width":350,"height":200},"classes":[]},{"id":23999,"url":"https:\/\/estrategica.com.co\/blog\/corto-de-pelicula-unicef\/","url_meta":{"origin":18229,"position":4},"title":"Corto de Pel\u00edcula &#8211; UNICEF","author":"Juliana","date":"noviembre 16, 2010","format":false,"excerpt":"[hana-flv-player video=\"\/blog\/wp-content\/uploads\/2009\/01\/20100708\/PlayingUnicefSavethAIDSvictims.flv\" width=\"550\" height=\"\" description=\"Corto de Pel\u00edcula - UNICEF\" clickurl=\"\" clicktarget=\"\" player=\"4\" autoplay=\"false\" loop=\"false\" autorewind=\"true\" splashimage=\"\" skin=\"\" \/] [icon color=\"Accent-Color\" size=\"regular\" image=\"steadysets-icon-chat\"] Contexto Spot de UNICEF Suiza en el a\u00f1o 2007 para concientizar sobre la ayuda a las victimas del SIDA. La pieza muestra una est\u00e9tica cinematogr\u00e1fica para evidenciar una\u2026","rel":"","context":"En \u00ab2007\u00bb","block_context":{"text":"2007","link":"https:\/\/estrategica.com.co\/blog\/category\/ano\/2007\/"},"img":{"alt_text":"","src":"https:\/\/i0.wp.com\/estrategica.com.co\/blog\/wp-content\/uploads\/2010\/07\/PlayingUnicefSavethAIDSvictims_thumb.png?fit=490%2C307&ssl=1&resize=350%2C200","width":350,"height":200},"classes":[]},{"id":17292,"url":"https:\/\/estrategica.com.co\/blog\/el-hambre-mata-unicef\/","url_meta":{"origin":18229,"position":5},"title":"El Hambre Mata &#8211; UNICEF","author":"Juliana","date":"octubre 11, 2009","format":false,"excerpt":"[hana-flv-player video=\"\/blog\/wp-content\/uploads\/2009\/01\/videosultimosconver\/El_hambra_mata._Spot.flv\" width=\"550\" height=\"\" description=\"El Hambre Mata - UNICEF\" clickurl=\"\" clicktarget=\"\" player=\"4\" autoplay=\"false\" loop=\"false\" autorewind=\"true\" splashimage=\"\" skin=\"\" \/] [icon color=\"Accent-Color\" size=\"regular\" image=\"steadysets-icon-chat\"] Contexto Spot de UNICEF Francia para propiciar ayuda humanitaria para los ni\u00f1os de Irak. La pieza usa una bala convertida en biber\u00f3n para decir: el hambre mata a\u2026","rel":"","context":"En \u00ab2007\u00bb","block_context":{"text":"2007","link":"https:\/\/estrategica.com.co\/blog\/category\/ano\/2007\/"},"img":{"alt_text":"","src":"https:\/\/i0.wp.com\/estrategica.com.co\/blog\/wp-content\/uploads\/2009\/06\/el_hambra_mata_spot_thumb.png?fit=545%2C476&ssl=1&resize=350%2C200","width":350,"height":200},"classes":[]}],"jetpack_sharing_enabled":true,"_links":{"self":[{"href":"https:\/\/estrategica.com.co\/blog\/wp-json\/wp\/v2\/posts\/18229","targetHints":{"allow":["GET"]}}],"collection":[{"href":"https:\/\/estrategica.com.co\/blog\/wp-json\/wp\/v2\/posts"}],"about":[{"href":"https:\/\/estrategica.com.co\/blog\/wp-json\/wp\/v2\/types\/post"}],"author":[{"embeddable":true,"href":"https:\/\/estrategica.com.co\/blog\/wp-json\/wp\/v2\/users\/5"}],"replies":[{"embeddable":true,"href":"https:\/\/estrategica.com.co\/blog\/wp-json\/wp\/v2\/comments?post=18229"}],"version-history":[{"count":5,"href":"https:\/\/estrategica.com.co\/blog\/wp-json\/wp\/v2\/posts\/18229\/revisions"}],"predecessor-version":[{"id":45225,"href":"https:\/\/estrategica.com.co\/blog\/wp-json\/wp\/v2\/posts\/18229\/revisions\/45225"}],"wp:featuredmedia":[{"embeddable":true,"href":"https:\/\/estrategica.com.co\/blog\/wp-json\/wp\/v2\/media\/18230"}],"wp:attachment":[{"href":"https:\/\/estrategica.com.co\/blog\/wp-json\/wp\/v2\/media?parent=18229"}],"wp:term":[{"taxonomy":"category","embeddable":true,"href":"https:\/\/estrategica.com.co\/blog\/wp-json\/wp\/v2\/categories?post=18229"},{"taxonomy":"post_tag","embeddable":true,"href":"https:\/\/estrategica.com.co\/blog\/wp-json\/wp\/v2\/tags?post=18229"}],"curies":[{"name":"wp","href":"https:\/\/api.w.org\/{rel}","templated":true}]}}