{"id":18233,"date":"2009-06-30T00:53:36","date_gmt":"2009-06-30T00:53:36","guid":{"rendered":"http:\/\/estrategica.com.co\/blog\/?p=18233"},"modified":"2014-12-19T12:26:07","modified_gmt":"2014-12-19T17:26:07","slug":"pasaportes-human-rigths-action-center","status":"publish","type":"post","link":"https:\/\/estrategica.com.co\/blog\/pasaportes-human-rigths-action-center\/","title":{"rendered":"Pasaportes &#8211; Human Rigths Action Center"},"content":{"rendered":"<p> <script type='text\/javascript' src='https:\/\/estrategica.com.co\/blog\/wp-content\/plugins\/hana-flv-player\/flowplayer3\/example\/flowplayer-3.2.6.min.js'><\/script>\n<div >\n<div id='hana_flv_flow3_1' style='display:block;width:550px;height:413px;background-color:#555555;color:#ffffff;padding:0' title=\"*Video:pasaportes - human rigths action center\"><\/div>\n<\/div>\n\n<script  type='text\/javascript'>\nif (typeof g_hanaFlash !== 'undefined' && !g_hanaFlash){\n    jQuery('#hana_flv_flow3_1').css( 'padding', '5px' );\n\tjQuery('#hana_flv_flow3_1').html(\"<span class='inactive_message' style='display:block'>Sorry, your browser does not support Flash Video Player<\/span> *Video:pasaportes - human rigths action center\");\n}else{\t\t\t\n\t\tflowplayer('hana_flv_flow3_1', { src: 'https:\/\/estrategica.com.co\/blog\/wp-content\/plugins\/hana-flv-player\/flowplayer3\/flowplayer-3.2.7.swf', wmode: 'transparent' }, { \n\n\t\t\tcanvas: { backgroundColor: '#000000', backgroundGradient: 'none',},\n    \t\tclip:  { \n    \t\t\turl: '\/blog\/wp-content\/uploads\/2009\/01\/videosultimosconver\/Universal_Declaration_of_Human_Rights_in_Passports.flv',\n        \t\tscaling: 'fit', autoPlay: false, autoBuffering: true \n\t\t\t\t   , onFinish : function () { this.seek(0); }  \n\n\t        }\n\n\t\t});\n}\n<\/script><br \/>\n<\/br><\/p>\n<p>[icon color=\u00bbAccent-Color\u00bb size=\u00bbregular\u00bb image=\u00bbsteadysets-icon-chat\u00bb] <strong>Contexto<\/strong><\/br><\/br><\/p>\n<p style=\"text-align: justify;\">Video de Human Rigths Action Center en donde posicionan la iniciativa de que los pasaportes de las personas cuenten con la impresi\u00f3n de la Declaraci\u00f3n Universal de los Derechos Humanos. La imagen de la campa\u00f1a es la activista y premio N\u00f3bel de la paz Aung San Suu kyi. La pieza es atractiva visualmente y la imagen de la activista le imprime vocaci\u00f3n de recordaci\u00f3n y por lo tanto efectividad.<\/p><\/p>\n","protected":false},"excerpt":{"rendered":"<p>*Video: pasaportes &#8211; human rigths action center [icon color=\u00bbAccent-Color\u00bb size=\u00bbregular\u00bb image=\u00bbsteadysets-icon-chat\u00bb] Contexto Video de Human Rigths Action Center en donde posicionan la iniciativa de que los pasaportes de las personas cuenten con la impresi\u00f3n de la Declaraci\u00f3n Universal de los Derechos Humanos. La imagen de la campa\u00f1a es la activista y premio N\u00f3bel de la [&hellip;]<\/p>\n","protected":false},"author":5,"featured_media":18234,"comment_status":"open","ping_status":"open","sticky":false,"template":"","format":"standard","meta":{"_et_pb_use_builder":"","_et_pb_old_content":"","_et_gb_content_width":"","advanced_seo_description":"","jetpack_seo_html_title":"","jetpack_seo_noindex":false,"footnotes":""},"categories":[268,263,27,64,10,35,11,3],"tags":[167],"class_list":["post-18233","post","type-post","status-publish","format-standard","has-post-thumbnail","hentry","category-268","category-ano","category-divulgacion-politica","category-estados-unidos","category-geo","category-mensaje-politico","category-temas","category-video","tag-derechos-humanos"],"jetpack_featured_media_url":"https:\/\/i0.wp.com\/estrategica.com.co\/blog\/wp-content\/uploads\/2009\/06\/universal_declaration_of_human_rights_in_passports_thumb.png?fit=625%2C362&ssl=1","jetpack_shortlink":"https:\/\/wp.me\/p4wgsh-4K5","jetpack-related-posts":[{"id":14765,"url":"https:\/\/estrategica.com.co\/blog\/60-anos-declaracion-universal-human-rights-action-center\/","url_meta":{"origin":18233,"position":0},"title":"60 a\u00f1os Declaraci\u00f3n Universal &#8211; Human Rights Action Center","author":"estrategica.com","date":"mayo 23, 2009","format":false,"excerpt":"[hana-flv-player video=\"\/blog\/wp-content\/uploads\/2009\/01\/videos_ultimos\/av167.flv\" width=\"550\" height=\"\" description=\"60 a\u00f1os Declaraci\u00f3n Universal - Human Rights Action Center\" clickurl=\"\" clicktarget=\"\" player=\"4\" autoplay=\"false\" loop=\"false\" autorewind=\"true\" splashimage=\"\" skin=\"\" \/] [icon color=\"Accent-Color\" size=\"regular\" image=\"steadysets-icon-chat\"] Contexto Spot de la organizaci\u00f3n Human Rights Action Center con el fin de celebrar los 60 a\u00f1os de la Declaraci\u00f3n Universal de los Derechos\u2026","rel":"","context":"En \u00ab2008\u00bb","block_context":{"text":"2008","link":"https:\/\/estrategica.com.co\/blog\/category\/ano\/2008\/"},"img":{"alt_text":"","src":"https:\/\/i0.wp.com\/estrategica.com.co\/blog\/wp-content\/uploads\/2009\/05\/av167_thumb.png?fit=466%2C355&ssl=1&resize=350%2C200","width":350,"height":200},"classes":[]},{"id":15816,"url":"https:\/\/estrategica.com.co\/blog\/av314\/","url_meta":{"origin":18233,"position":1},"title":"60 a\u00f1os Declaraci\u00f3n Universal &#8211; Human Rights Action Center","author":"Juliana","date":"junio 13, 2009","format":false,"excerpt":"[hana-flv-player video=\"\/blog\/wp-content\/uploads\/2009\/01\/videos_ultimos\/av314.flv\" width=\"550\" height=\"\" description=\"60 a\u00f1os Declaraci\u00f3n Universal - Human Rights Action Center\" clickurl=\"\" clicktarget=\"\" player=\"4\" autoplay=\"false\" loop=\"false\" autorewind=\"true\" splashimage=\"\" skin=\"\" \/] [icon color=\"Accent-Color\" size=\"regular\" image=\"steadysets-icon-chat\"] Contexto Spot de la organizaci\u00f3n Human Rights Action Center con el fin de celebrar los 60 a\u00f1os de la Declaraci\u00f3n Universal de los Derechos\u2026","rel":"","context":"En \u00ab2008\u00bb","block_context":{"text":"2008","link":"https:\/\/estrategica.com.co\/blog\/category\/ano\/2008\/"},"img":{"alt_text":"","src":"https:\/\/i0.wp.com\/estrategica.com.co\/blog\/wp-content\/uploads\/2009\/05\/av314_thumb.png?fit=463%2C353&ssl=1&resize=350%2C200","width":350,"height":200},"classes":[]},{"id":19079,"url":"https:\/\/estrategica.com.co\/blog\/the_universal_declaration_of_human_rights_ii\/","url_meta":{"origin":18233,"position":2},"title":"Declaraci\u00f3n Universal de los Derechos Humanos &#8211; Actores &#8211; Human Rights Action Center","author":"Juliana","date":"julio 11, 2009","format":false,"excerpt":"[hana-flv-player video=\"\/blog\/wp-content\/uploads\/2009\/01\/videosotrosfin\/The_Universal_Declaration_of_Human_Rights_II.flv\" width=\"550\" height=\"\" description=\" Declaraci\u00f3n Universal de los Derechos Humanos - Actores - Human Rights Action Center\" clickurl=\"\" clicktarget=\"\" player=\"4\" autoplay=\"false\" loop=\"false\" autorewind=\"true\" splashimage=\"\" skin=\"\" \/] [icon color=\"Accent-Color\" size=\"regular\" image=\"steadysets-icon-chat\"] Contexto Spot de la organizaci\u00f3n Human Rights Action Center con el fin de celebrar los 60 a\u00f1os de la\u2026","rel":"","context":"En \u00ab2008\u00bb","block_context":{"text":"2008","link":"https:\/\/estrategica.com.co\/blog\/category\/ano\/2008\/"},"img":{"alt_text":"","src":"https:\/\/i0.wp.com\/estrategica.com.co\/blog\/wp-content\/uploads\/2009\/07\/the_universal_declaration_of_human_rights_ii_thumb.png?fit=715%2C551&ssl=1&resize=350%2C200","width":350,"height":200},"classes":[]},{"id":14182,"url":"https:\/\/estrategica.com.co\/blog\/derecho-a-la-nacionalidad-jovenes-por-los-derechos-humanos-internacional\/","url_meta":{"origin":18233,"position":3},"title":"Derecho a la Nacionalidad &#8211; J\u00f3venes por los Derechos Humanos Internacional","author":"Juliana","date":"mayo 19, 2009","format":false,"excerpt":"[hana-flv-player video=\"\/blog\/wp-content\/uploads\/2009\/01\/videos_ultimos\/av091.flv\" width=\"550\" height=\"\" description=\"Derecho a la Nacionalidad - J\u00f3venes por los Derechos Humanos Internacional\" clickurl=\"\" clicktarget=\"\" player=\"4\" autoplay=\"false\" loop=\"false\" autorewind=\"true\" splashimage=\"\" skin=\"\" \/] [icon color=\"Accent-Color\" size=\"regular\" image=\"steadysets-icon-chat\"] Contexto Spot de la campa\u00f1a impulsada por los J\u00f3venes por los Derechos Humanos Internacional (Youth for Human Rights International). El objetivo de\u2026","rel":"","context":"En \u00ab2007\u00bb","block_context":{"text":"2007","link":"https:\/\/estrategica.com.co\/blog\/category\/ano\/2007\/"},"img":{"alt_text":"","src":"https:\/\/i0.wp.com\/estrategica.com.co\/blog\/wp-content\/uploads\/2009\/05\/av091_thumb.png?fit=404%2C322&ssl=1&resize=350%2C200","width":350,"height":200},"classes":[]},{"id":14304,"url":"https:\/\/estrategica.com.co\/blog\/derecho-a-la-educacion\/","url_meta":{"origin":18233,"position":4},"title":"Derecho a la Educaci\u00f3n &#8211; J\u00f3venes por los Derechos Humanos Internacional","author":"estrategica.com","date":"mayo 24, 2009","format":false,"excerpt":"[hana-flv-player video=\"\/blog\/wp-content\/uploads\/2009\/01\/videos_ultimos\/av105.flv\" width=\"550\" height=\"\" description=\"Derecho a la Educaci\u00f3n - J\u00f3venes por los Derechos Humanos Internacional \" clickurl=\"\" clicktarget=\"\" player=\"4\" autoplay=\"false\" loop=\"false\" autorewind=\"true\" splashimage=\"\" skin=\"\" \/] [icon color=\"Accent-Color\" size=\"regular\" image=\"steadysets-icon-chat\"] Contexto Spot de la campa\u00f1a impulsada por los J\u00f3venes por los Derechos Humanos Internacional (Youth for Human Rights International). El objetivo\u2026","rel":"","context":"En \u00ab2007\u00bb","block_context":{"text":"2007","link":"https:\/\/estrategica.com.co\/blog\/category\/ano\/2007\/"},"img":{"alt_text":"","src":"https:\/\/i0.wp.com\/estrategica.com.co\/blog\/wp-content\/uploads\/2009\/05\/av105_thumb.png?fit=460%2C325&ssl=1&resize=350%2C200","width":350,"height":200},"classes":[]},{"id":15858,"url":"https:\/\/estrategica.com.co\/blog\/av323\/","url_meta":{"origin":18233,"position":5},"title":"Derecho a un Mundo Libre y Justo &#8211; J\u00f3venes por los Derechos Humanos Internacional","author":"Juliana","date":"junio 13, 2009","format":false,"excerpt":"[hana-flv-player video=\"\/blog\/wp-content\/uploads\/2009\/01\/videos_ultimos\/av323.flv\" width=\"550\" height=\"\" description=\"Derecho a un Mundo Libre y Justo - J\u00f3venes por los Derechos Humanos Internacional\" clickurl=\"\" clicktarget=\"\" player=\"4\" autoplay=\"false\" loop=\"false\" autorewind=\"true\" splashimage=\"\" skin=\"\" \/] [icon color=\"Accent-Color\" size=\"regular\" image=\"steadysets-icon-chat\"] Contexto Spot de la campa\u00f1a impulsada por los J\u00f3venes por los Derechos Humanos Internacional (Youth for Human Rights International).\u2026","rel":"","context":"En \u00ab2007\u00bb","block_context":{"text":"2007","link":"https:\/\/estrategica.com.co\/blog\/category\/ano\/2007\/"},"img":{"alt_text":"","src":"https:\/\/i0.wp.com\/estrategica.com.co\/blog\/wp-content\/uploads\/2009\/05\/av323_thumb.png?fit=427%2C333&ssl=1&resize=350%2C200","width":350,"height":200},"classes":[]}],"jetpack_sharing_enabled":true,"_links":{"self":[{"href":"https:\/\/estrategica.com.co\/blog\/wp-json\/wp\/v2\/posts\/18233","targetHints":{"allow":["GET"]}}],"collection":[{"href":"https:\/\/estrategica.com.co\/blog\/wp-json\/wp\/v2\/posts"}],"about":[{"href":"https:\/\/estrategica.com.co\/blog\/wp-json\/wp\/v2\/types\/post"}],"author":[{"embeddable":true,"href":"https:\/\/estrategica.com.co\/blog\/wp-json\/wp\/v2\/users\/5"}],"replies":[{"embeddable":true,"href":"https:\/\/estrategica.com.co\/blog\/wp-json\/wp\/v2\/comments?post=18233"}],"version-history":[{"count":5,"href":"https:\/\/estrategica.com.co\/blog\/wp-json\/wp\/v2\/posts\/18233\/revisions"}],"predecessor-version":[{"id":45184,"href":"https:\/\/estrategica.com.co\/blog\/wp-json\/wp\/v2\/posts\/18233\/revisions\/45184"}],"wp:featuredmedia":[{"embeddable":true,"href":"https:\/\/estrategica.com.co\/blog\/wp-json\/wp\/v2\/media\/18234"}],"wp:attachment":[{"href":"https:\/\/estrategica.com.co\/blog\/wp-json\/wp\/v2\/media?parent=18233"}],"wp:term":[{"taxonomy":"category","embeddable":true,"href":"https:\/\/estrategica.com.co\/blog\/wp-json\/wp\/v2\/categories?post=18233"},{"taxonomy":"post_tag","embeddable":true,"href":"https:\/\/estrategica.com.co\/blog\/wp-json\/wp\/v2\/tags?post=18233"}],"curies":[{"name":"wp","href":"https:\/\/api.w.org\/{rel}","templated":true}]}}