{"id":18263,"date":"2009-06-30T00:42:54","date_gmt":"2009-06-30T00:42:54","guid":{"rendered":"http:\/\/estrategica.com.co\/blog\/?p=18263"},"modified":"2014-12-19T12:26:53","modified_gmt":"2014-12-19T17:26:53","slug":"violencia-de-genero-psoe","status":"publish","type":"post","link":"https:\/\/estrategica.com.co\/blog\/violencia-de-genero-psoe\/","title":{"rendered":"Violencia de G\u00e9nero &#8211; PSOE"},"content":{"rendered":"<p> <script type='text\/javascript' src='https:\/\/estrategica.com.co\/blog\/wp-content\/plugins\/hana-flv-player\/flowplayer3\/example\/flowplayer-3.2.6.min.js'><\/script>\n<div >\n<div id='hana_flv_flow3_1' style='display:block;width:550px;height:413px;background-color:#555555;color:#ffffff;padding:0' title=\"*Video:violencia de g\u00e9nero - psoe\"><\/div>\n<\/div>\n\n<script  type='text\/javascript'>\nif (typeof g_hanaFlash !== 'undefined' && !g_hanaFlash){\n    jQuery('#hana_flv_flow3_1').css( 'padding', '5px' );\n\tjQuery('#hana_flv_flow3_1').html(\"<span class='inactive_message' style='display:block'>Sorry, your browser does not support Flash Video Player<\/span> *Video:violencia de g\u00e9nero - psoe\");\n}else{\t\t\t\n\t\tflowplayer('hana_flv_flow3_1', { src: 'https:\/\/estrategica.com.co\/blog\/wp-content\/plugins\/hana-flv-player\/flowplayer3\/flowplayer-3.2.7.swf', wmode: 'transparent' }, { \n\n\t\t\tcanvas: { backgroundColor: '#000000', backgroundGradient: 'none',},\n    \t\tclip:  { \n    \t\t\turl: '\/blog\/wp-content\/uploads\/2009\/01\/videosultimosconver\/violenciadegenero.flv',\n        \t\tscaling: 'fit', autoPlay: false, autoBuffering: true \n\t\t\t\t   , onFinish : function () { this.seek(0); }  \n\n\t        }\n\n\t\t});\n}\n<\/script><br \/>\n<\/br><\/p>\n<p>[icon color=\u00bbAccent-Color\u00bb size=\u00bbregular\u00bb image=\u00bbsteadysets-icon-chat\u00bb] <strong>Contexto<\/strong><\/br><\/br><\/p>\n<p style=\"text-align: justify;\">Acto del PSOE en donde un grupo de actores, en presencia de la Ministra de Igualdad, posicionan un mensaje con ocasi\u00f3n del d\u00eda internacional de la lucha contra la violencia de g\u00e9nero. El PSOE ha liderado infinidad de medidas y campa\u00f1as dirigidas a proteger a las mujeres maltratadas, entre ellas un plan de integraci\u00f3n laboral para la mujer maltratada.<\/p><\/p>\n","protected":false},"excerpt":{"rendered":"<p>*Video: violencia de g\u00e9nero &#8211; psoe [icon color=\u00bbAccent-Color\u00bb size=\u00bbregular\u00bb image=\u00bbsteadysets-icon-chat\u00bb] Contexto Acto del PSOE en donde un grupo de actores, en presencia de la Ministra de Igualdad, posicionan un mensaje con ocasi\u00f3n del d\u00eda internacional de la lucha contra la violencia de g\u00e9nero. El PSOE ha liderado infinidad de medidas y campa\u00f1as dirigidas a proteger [&hellip;]<\/p>\n","protected":false},"author":5,"featured_media":18264,"comment_status":"open","ping_status":"open","sticky":false,"template":"","format":"standard","meta":{"_et_pb_use_builder":"","_et_pb_old_content":"","_et_gb_content_width":"","advanced_seo_description":"","jetpack_seo_html_title":"","jetpack_seo_noindex":false,"footnotes":""},"categories":[268,263,27,23,10,35,11,3],"tags":[317,316],"class_list":["post-18263","post","type-post","status-publish","format-standard","has-post-thumbnail","hentry","category-268","category-ano","category-divulgacion-politica","category-espana","category-geo","category-mensaje-politico","category-temas","category-video","tag-maltrato","tag-violencia-de-genero"],"jetpack_featured_media_url":"https:\/\/i0.wp.com\/estrategica.com.co\/blog\/wp-content\/uploads\/2009\/06\/violenciadegenero_thumb.png?fit=659%2C419&ssl=1","jetpack_shortlink":"https:\/\/wp.me\/p4wgsh-4Kz","jetpack-related-posts":[{"id":6985,"url":"https:\/\/estrategica.com.co\/blog\/ante-el-maltratador-tolerancia-cero-hombres\/","url_meta":{"origin":18263,"position":0},"title":"Ante el maltratador tolerancia cero &#8211; hombres","author":"Juliana","date":"marzo 20, 2009","format":false,"excerpt":"[hana-flv-player video=\"\/blog\/wp-content\/uploads\/2009\/01\/videos_varios_f\/Ante_el_maltratador_tolerancia_cero_spot_hombres_0_0.flv\" width=\"550\" height=\"\" description=\"Ante el maltratador tolerancia cero - hombres\" clickurl=\"\" clicktarget=\"\" player=\"4\" autoplay=\"false\" loop=\"false\" autorewind=\"true\" splashimage=\"\" skin=\"\" \/] [icon color=\"Accent-Color\" size=\"regular\" image=\"steadysets-icon-chat\"] Contexto Campa\u00f1a del Ministerio de Igualdad contra la violencia de g\u00e9nero: \u201cAnte el maltratador, tolerancia cero\u201d lanzada el 8 de julio de 2008. El Ministerio expres\u00f3,\u2026","rel":"","context":"En \u00ab2008\u00bb","block_context":{"text":"2008","link":"https:\/\/estrategica.com.co\/blog\/category\/ano\/2008\/"},"img":{"alt_text":"","src":"","width":0,"height":0},"classes":[]},{"id":6991,"url":"https:\/\/estrategica.com.co\/blog\/ante-el-maltratador-tolerancia-cero-mujeres\/","url_meta":{"origin":18263,"position":1},"title":"Ante el maltratador tolerancia cero &#8211; mujeres","author":"Juliana","date":"marzo 20, 2009","format":false,"excerpt":"[hana-flv-player video=\"\/blog\/wp-content\/uploads\/2009\/01\/videos_varios_f\/Ante_el_maltratador_tolerancia_cero_spot_mujeres_0.flv\" width=\"550\" height=\"\" description=\"Ante el maltratador tolerancia cero - mujeres\" clickurl=\"\" clicktarget=\"\" player=\"4\" autoplay=\"false\" loop=\"false\" autorewind=\"true\" splashimage=\"\" skin=\"\" \/] [icon color=\"Accent-Color\" size=\"regular\" image=\"steadysets-icon-chat\"] Contexto Campa\u00f1a del Ministerio de Igualdad contra la violencia de g\u00e9nero: \u201cAnte el maltratador, tolerancia cero\u201d lanzada el 8 de julio de 2008. El Ministerio expres\u00f3,\u2026","rel":"","context":"En \u00ab2008\u00bb","block_context":{"text":"2008","link":"https:\/\/estrategica.com.co\/blog\/category\/ano\/2008\/"},"img":{"alt_text":"","src":"","width":0,"height":0},"classes":[]},{"id":7161,"url":"https:\/\/estrategica.com.co\/blog\/campana_igualdad_ante_el_maltratador_tolerancia_cero\/","url_meta":{"origin":18263,"position":2},"title":"Ante el Maltratador, Tolerancia Cero &#8211; Ni\u00f1os","author":"Juliana","date":"marzo 21, 2009","format":false,"excerpt":"[hana-flv-player video=\"\/blog\/wp-content\/uploads\/2009\/01\/videos_varios_f\/campana_Igualdad_Ante_el_maltratador_tolerancia_cero.flv\" width=\"550\" height=\"\" description=\"Ante el Maltratador, Tolerancia Cero - Ni\u00f1os\" clickurl=\"\" clicktarget=\"\" player=\"4\" autoplay=\"false\" loop=\"false\" autorewind=\"true\" splashimage=\"\" skin=\"\" \/] [icon color=\"Accent-Color\" size=\"regular\" image=\"steadysets-icon-chat\"] Contexto Campa\u00f1a del Ministerio de Igualdad contra la violencia de g\u00e9nero: \u201cAnte el maltratador, tolerancia cero\u201d lanzada el 8 de julio de 2008. El Ministerio expres\u00f3,\u2026","rel":"","context":"En \u00ab2008\u00bb","block_context":{"text":"2008","link":"https:\/\/estrategica.com.co\/blog\/category\/ano\/2008\/"},"img":{"alt_text":"","src":"","width":0,"height":0},"classes":[]},{"id":21729,"url":"https:\/\/estrategica.com.co\/blog\/la-discriminacion-genera-violencia-amnistia-internacional\/","url_meta":{"origin":18263,"position":3},"title":"La Discriminaci\u00f3n Genera Violencia &#8211; Amnist\u00eda Internacional","author":"Juliana","date":"junio 14, 2010","format":false,"excerpt":"[hana-flv-player video=\"\/blog\/wp-content\/uploads\/2009\/01\/20100609\/Ladiscriminacingeneraviolencia.flv\" width=\"550\" height=\"\" description=\"La Discriminaci\u00f3n Genera Violencia - Amnist\u00eda Internacional\" clickurl=\"\" clicktarget=\"\" player=\"4\" autoplay=\"false\" loop=\"false\" autorewind=\"true\" splashimage=\"\" skin=\"\" \/] [icon color=\"Accent-Color\" size=\"regular\" image=\"steadysets-icon-chat\"] Contexto Spot de Amnist\u00eda Internacional para evidenciar el problema de la violencia de genero en Espa\u00f1a , en el a\u00f1o 2007. La pieza es contundente por\u2026","rel":"","context":"En \u00ab2007\u00bb","block_context":{"text":"2007","link":"https:\/\/estrategica.com.co\/blog\/category\/ano\/2007\/"},"img":{"alt_text":"","src":"https:\/\/i0.wp.com\/estrategica.com.co\/blog\/wp-content\/uploads\/2010\/06\/Ladiscriminacingeneraviolencia_thumb.png?fit=701%2C485&ssl=1&resize=350%2C200","width":350,"height":200},"classes":[]},{"id":15271,"url":"https:\/\/estrategica.com.co\/blog\/maltrato-infantil-maria-ayuda\/","url_meta":{"origin":18263,"position":4},"title":"Maltrato Infantil &#8211; Mar\u00eda Ayuda","author":"Juliana","date":"junio 6, 2010","format":false,"excerpt":"[hana-flv-player video=\"\/blog\/wp-content\/uploads\/2009\/01\/videos_ultimos\/av194.flv\" width=\"550\" height=\"\" description=\"Maltrato Infantil - Mar\u00eda Ayuda\" clickurl=\"\" clicktarget=\"\" player=\"4\" autoplay=\"false\" loop=\"false\" autorewind=\"true\" splashimage=\"\" skin=\"\" \/] [icon color=\"Accent-Color\" size=\"regular\" image=\"steadysets-icon-chat\"] Contexto Spot de la Fundaci\u00f3n Mar\u00eda Ayuda para posicionar la problem\u00e1tica del maltrato infantil en el a\u00f1o 2007 en Chile. Una pieza bien lograda que capta la atenci\u00f3n\u2026","rel":"","context":"En \u00ab2007\u00bb","block_context":{"text":"2007","link":"https:\/\/estrategica.com.co\/blog\/category\/ano\/2007\/"},"img":{"alt_text":"","src":"https:\/\/i0.wp.com\/estrategica.com.co\/blog\/wp-content\/uploads\/2009\/05\/av194_thumb.png?fit=393%2C362&ssl=1&resize=350%2C200","width":350,"height":200},"classes":[]},{"id":15275,"url":"https:\/\/estrategica.com.co\/blog\/maltrato-psicologico-maria-ayuda\/","url_meta":{"origin":18263,"position":5},"title":"Maltrato Psicol\u00f3gico &#8211; Mar\u00eda Ayuda","author":"Juliana","date":"junio 6, 2010","format":false,"excerpt":"[hana-flv-player video=\"\/blog\/wp-content\/uploads\/2009\/01\/videos_ultimos\/av195.flv\" width=\"550\" height=\"\" description=\"Maltrato Psicol\u00f3gico - Mar\u00eda Ayuda\" clickurl=\"\" clicktarget=\"\" player=\"4\" autoplay=\"false\" loop=\"false\" autorewind=\"true\" splashimage=\"\" skin=\"\" \/] [icon color=\"Accent-Color\" size=\"regular\" image=\"steadysets-icon-chat\"] Contexto Spot de la Fundaci\u00f3n Mar\u00eda Ayuda para posicionar la problem\u00e1tica del maltrato psicol\u00f3gico en el a\u00f1o 2007 en Chile. Una pieza bien lograda que capta la atenci\u00f3n\u2026","rel":"","context":"En \u00ab2007\u00bb","block_context":{"text":"2007","link":"https:\/\/estrategica.com.co\/blog\/category\/ano\/2007\/"},"img":{"alt_text":"","src":"https:\/\/i0.wp.com\/estrategica.com.co\/blog\/wp-content\/uploads\/2009\/05\/av195_thumb.png?fit=464%2C364&ssl=1&resize=350%2C200","width":350,"height":200},"classes":[]}],"jetpack_sharing_enabled":true,"_links":{"self":[{"href":"https:\/\/estrategica.com.co\/blog\/wp-json\/wp\/v2\/posts\/18263","targetHints":{"allow":["GET"]}}],"collection":[{"href":"https:\/\/estrategica.com.co\/blog\/wp-json\/wp\/v2\/posts"}],"about":[{"href":"https:\/\/estrategica.com.co\/blog\/wp-json\/wp\/v2\/types\/post"}],"author":[{"embeddable":true,"href":"https:\/\/estrategica.com.co\/blog\/wp-json\/wp\/v2\/users\/5"}],"replies":[{"embeddable":true,"href":"https:\/\/estrategica.com.co\/blog\/wp-json\/wp\/v2\/comments?post=18263"}],"version-history":[{"count":5,"href":"https:\/\/estrategica.com.co\/blog\/wp-json\/wp\/v2\/posts\/18263\/revisions"}],"predecessor-version":[{"id":45186,"href":"https:\/\/estrategica.com.co\/blog\/wp-json\/wp\/v2\/posts\/18263\/revisions\/45186"}],"wp:featuredmedia":[{"embeddable":true,"href":"https:\/\/estrategica.com.co\/blog\/wp-json\/wp\/v2\/media\/18264"}],"wp:attachment":[{"href":"https:\/\/estrategica.com.co\/blog\/wp-json\/wp\/v2\/media?parent=18263"}],"wp:term":[{"taxonomy":"category","embeddable":true,"href":"https:\/\/estrategica.com.co\/blog\/wp-json\/wp\/v2\/categories?post=18263"},{"taxonomy":"post_tag","embeddable":true,"href":"https:\/\/estrategica.com.co\/blog\/wp-json\/wp\/v2\/tags?post=18263"}],"curies":[{"name":"wp","href":"https:\/\/api.w.org\/{rel}","templated":true}]}}