{"id":18276,"date":"2009-06-29T19:18:48","date_gmt":"2009-06-29T19:18:48","guid":{"rendered":"http:\/\/estrategica.com.co\/blog\/?p=18276"},"modified":"2016-04-28T00:52:13","modified_gmt":"2016-04-28T05:52:13","slug":"sangre-esfuerzo-lagrimas-y-sudor-churchill","status":"publish","type":"post","link":"https:\/\/estrategica.com.co\/blog\/sangre-esfuerzo-lagrimas-y-sudor-churchill\/","title":{"rendered":"Sangre, esfuerzo, l\u00e1grimas y sudor &#8211; Churchill"},"content":{"rendered":"<p> <script type='text\/javascript' src='https:\/\/estrategica.com.co\/blog\/wp-content\/plugins\/hana-flv-player\/flowplayer3\/example\/flowplayer-3.2.6.min.js'><\/script>\n<div >\n<div id='hana_flv_flow3_1' style='display:block;width:550px;height:413px;background-color:#555555;color:#ffffff;padding:0' title=\"*Video:sangre, esfuerzo, l\u00e1grimas y sudor - churchill\"><\/div>\n<\/div>\n\n<script  type='text\/javascript'>\nif (typeof g_hanaFlash !== 'undefined' && !g_hanaFlash){\n    jQuery('#hana_flv_flow3_1').css( 'padding', '5px' );\n\tjQuery('#hana_flv_flow3_1').html(\"<span class='inactive_message' style='display:block'>Sorry, your browser does not support Flash Video Player<\/span> *Video:sangre, esfuerzo, l\u00e1grimas y sudor - churchill\");\n}else{\t\t\t\n\t\tflowplayer('hana_flv_flow3_1', { src: 'https:\/\/estrategica.com.co\/blog\/wp-content\/plugins\/hana-flv-player\/flowplayer3\/flowplayer-3.2.7.swf', wmode: 'transparent' }, { \n\n\t\t\tcanvas: { backgroundColor: '#000000', backgroundGradient: 'none',},\n    \t\tclip:  { \n    \t\t\turl: '\/blog\/wp-content\/uploads\/2009\/01\/videosultimosconver\/Winston_Churchill1940.flv',\n        \t\tscaling: 'fit', autoPlay: false, autoBuffering: true \n\t\t\t\t   , onFinish : function () { this.seek(0); }  \n\n\t        }\n\n\t\t});\n}\n<\/script><br \/>\n<\/br><\/p>\n<p>[icon color=\u00bbAccent-Color\u00bb size=\u00bbregular\u00bb image=\u00bbsteadysets-icon-chat\u00bb] <strong>Contexto<\/strong><\/br><\/br><\/p>\n<p style=\"text-align: justify;\">Video en donde se referencia el audio del discurso de Winston Churchill el 13 de Mayo de 1940 como Primer Ministro. El escenario no pod\u00eda ser m\u00e1s desalentador: tres d\u00edas antes Hitler hab\u00eda invadido  a Francia y a Holanda. El liderazgo brit\u00e1nico cambia en un esp\u00edritu de desencanto y sin mucho optimismo. El texto de la pieza es el siguiente: \u201cDebemos recordar que estamos en las fases preliminares de una de las grandes batallas de la historia, que nosotros estamos actuando en muchos puntos de Noruega y Holanda, que estamos preparados en el Mediterr\u00e1neo, que la batalla a\u00e9rea es continua y que muchos preparativos tienen que hacerse aqu\u00ed y en el exterior. En esta crisis, espero que pueda perdon\u00e1rseme si no me extiendo mucho al dirigirme a la C\u00e1mara hoy. Espero que cualquiera de mis amigos y colegas, o antiguos colegas, que est\u00e1n preocupados por la reconstrucci\u00f3n pol\u00edtica, se har\u00e1n cargo, y plenamente, de la falta total de ceremonial con la que ha sido necesario actuar. Yo dir\u00eda a la C\u00e1mara, como dije a todos los que se han incorporado a este Gobierno: \u00abNo tengo nada m\u00e1s que ofrecer que sangre, esfuerzo, l\u00e1grimas y sudor\u00bb. Tenemos ante nosotros una prueba de la m\u00e1s penosa naturaleza. Tenemos ante nosotros muchos, muchos, largos meses de combate y sufrimiento. Me pregunt\u00e1is: \u00bfCu\u00e1l es nuestra pol\u00edtica?. Os lo dir\u00e9: Hacer la guerra por mar, por tierra y por aire, con toda nuestra potencia y con toda la fuerza que Dios nos pueda dar; hacer la guerra contra una tiran\u00eda monstruosa, nunca superada en el oscuro y lamentable cat\u00e1logo de cr\u00edmenes humanos. Esta es nuestra pol\u00edtica. Me pregunt\u00e1is; \u00bfCu\u00e1l es nuestra aspiraci\u00f3n? Puedo responder con una palabra: Victoria, victoria a toda costa, victoria a pesar de todo el terror; victoria por largo y duro que pueda ser su camino; porque, sin victoria, no hay supervivencia. Tened esto por cierto; no habr\u00e1 supervivencia para todo aquello que el Imperio Brit\u00e1nico ha defendido, no habr\u00e1 supervivencia para el est\u00edmulo y el impulso de todas las generaciones, para que la humanidad avance hacia su objetivo. Pero yo asumo mi tarea con \u00e1nimo y esperanza.  <\/p>\n<div style='left: -5000px; position: absolute; top: -5000px;color:white'>\n  <a href=\"http:\/\/www.taibobeauty.com\">980nm diode laser vascular removal machine<\/a><\/div>\n<p> Estoy seguro de que no se tolerar\u00e1 que nuestra causa se malogre en medio de los hombres. En este tiempo me siento autorizado para reclamar la ayuda de todas las personas y decir: \u00abVenid, pues, y vayamos juntos adelante con nuestras fuerzas unidas\u201d.<\/p><\/p>\n","protected":false},"excerpt":{"rendered":"<p>*Video: sangre, esfuerzo, l\u00e1grimas y sudor &#8211; churchill [icon color=\u00bbAccent-Color\u00bb size=\u00bbregular\u00bb image=\u00bbsteadysets-icon-chat\u00bb] Contexto Video en donde se referencia el audio del discurso de Winston Churchill el 13 de Mayo de 1940 como Primer Ministro. El escenario no pod\u00eda ser m\u00e1s desalentador: tres d\u00edas antes Hitler hab\u00eda invadido a Francia y a Holanda. El liderazgo brit\u00e1nico [&hellip;]<\/p>\n","protected":false},"author":5,"featured_media":18277,"comment_status":"open","ping_status":"open","sticky":false,"template":"","format":"standard","meta":{"_et_pb_use_builder":"","_et_pb_old_content":"","_et_gb_content_width":"","advanced_seo_description":"","jetpack_seo_html_title":"","jetpack_seo_noindex":false,"footnotes":""},"categories":[620,263,28,36,10,515,11,3],"tags":[621],"class_list":["post-18276","post","type-post","status-publish","format-standard","has-post-thumbnail","hentry","category-620","category-ano","category-comunicacion-gobierno","category-de-gobierno","category-geo","category-gran-bretana","category-temas","category-video","tag-winston-churchill"],"jetpack_featured_media_url":"https:\/\/i0.wp.com\/estrategica.com.co\/blog\/wp-content\/uploads\/2009\/06\/winston_churchill_blood_toil_tears_and_sweat_1940_thumb.png?fit=571%2C385&ssl=1","jetpack_shortlink":"https:\/\/wp.me\/p4wgsh-4KM","jetpack-related-posts":[{"id":18213,"url":"https:\/\/estrategica.com.co\/blog\/elecciones-generales-churchill-attlee\/","url_meta":{"origin":18276,"position":0},"title":"Elecciones Generales &#8211; Churchill &#8211; Attlee","author":"Juliana","date":"junio 30, 2009","format":false,"excerpt":"[hana-flv-player video=\"\/blog\/wp-content\/uploads\/2009\/01\/videosultimosconver\/UK_General_Election_1945.flv\" width=\"550\" height=\"\" description=\"Elecciones Generales - Churchill - Attlee\" clickurl=\"\" clicktarget=\"\" player=\"4\" autoplay=\"false\" loop=\"false\" autorewind=\"true\" splashimage=\"\" skin=\"\" \/] [icon color=\"Accent-Color\" size=\"regular\" image=\"steadysets-icon-chat\"] Contexto Video que muestra la situaci\u00f3n vivida n Gran Breta\u00f1a con ocasi\u00f3n de las elecciones de 1945 en la que se enfrentaron Wiston Churchill y el laborista\u2026","rel":"","context":"En \u00abCampa\u00f1a Cuerpo Colegiado\u00bb","block_context":{"text":"Campa\u00f1a Cuerpo Colegiado","link":"https:\/\/estrategica.com.co\/blog\/category\/temas\/campana-colegiada\/"},"img":{"alt_text":"","src":"https:\/\/i0.wp.com\/estrategica.com.co\/blog\/wp-content\/uploads\/2009\/06\/uk_general_election_1945_churchills_shock_defeat_thumb.png?fit=544%2C472&ssl=1&resize=350%2C200","width":350,"height":200},"classes":[]},{"id":5652,"url":"https:\/\/estrategica.com.co\/blog\/churchill-teodoro-roosevelt-hombre-en-la-arena-mccain\/","url_meta":{"origin":18276,"position":1},"title":"Churchill -Teodoro Roosevelt &#8211; Hombre en la Arena &#8211; McCain","author":"Juliana","date":"marzo 17, 2009","format":false,"excerpt":"[hana-flv-player video=\"\/blog\/wp-content\/uploads\/2009\/01\/CONVERTIDOS_USA\/Man_In_the_Arena.flv\" width=\"550\" height=\"\" description=\"Churchill -Teodoro Roosevelt - Hombre en la Arena - McCain\" clickurl=\"\" clicktarget=\"\" player=\"4\" autoplay=\"false\" loop=\"false\" autorewind=\"true\" splashimage=\"\" skin=\"\" \/] [icon color=\"Accent-Color\" size=\"regular\" image=\"steadysets-icon-chat\"] Contexto Spot de campa\u00f1a de John McCain en las elecciones de 2008. El candidato es un h\u00e9roe americano, anciano y vinculado a unos\u2026","rel":"","context":"En \u00abCampa\u00f1a Presidencial\u00bb","block_context":{"text":"Campa\u00f1a Presidencial","link":"https:\/\/estrategica.com.co\/blog\/category\/temas\/campana-presidencial\/"},"img":{"alt_text":"","src":"","width":0,"height":0},"classes":[]},{"id":23245,"url":"https:\/\/estrategica.com.co\/blog\/lagrimas-cdu\/","url_meta":{"origin":18276,"position":2},"title":"Lagrimas &#8211; CDU","author":"Juliana","date":"diciembre 1, 2010","format":false,"excerpt":"[hana-flv-player video=\"\/blog\/wp-content\/uploads\/2009\/01\/20100708\/CDUSPD.flv\" width=\"550\" height=\"\" description=\"Lagrimas - CDU\" clickurl=\"\" clicktarget=\"\" player=\"4\" autoplay=\"false\" loop=\"false\" autorewind=\"true\" splashimage=\"\" skin=\"\" \/] [icon color=\"Accent-Color\" size=\"regular\" image=\"steadysets-icon-chat\"] Contexto Uni\u00f3n Dem\u00f3crata Cristiana de Alemania, en el a\u00f1o 2007, para posicionar el partido de una forma fresca y divertida. En la pieza una joven descubre que su pareja aplic\u00f3\u2026","rel":"","context":"En \u00ab2007\u00bb","block_context":{"text":"2007","link":"https:\/\/estrategica.com.co\/blog\/category\/ano\/2007\/"},"img":{"alt_text":"","src":"https:\/\/i0.wp.com\/estrategica.com.co\/blog\/wp-content\/uploads\/2010\/07\/CDUSPD_thumb.png?fit=639%2C386&ssl=1&resize=350%2C200","width":350,"height":200},"classes":[]},{"id":35290,"url":"https:\/\/estrategica.com.co\/blog\/guerracontratuesfuerzo\/","url_meta":{"origin":18276,"position":3},"title":"Guerra contra tu Esfuerzo &#8211; Primero Justicia","author":"Juliana","date":"agosto 4, 2012","format":false,"excerpt":"[hana-flv-player video=\"\/blog\/wp-content\/uploads\/2009\/01\/20111213\/GuerracontraTuesfuerzo.flv\" width=\"550\" height=\"\" description=\"Guerra contra tu Esfuerzo - Primero Justicia\" clickurl=\"\" clicktarget=\"\" player=\"4\" autoplay=\"false\" loop=\"false\" autorewind=\"false\" splashimage=\"\" skin=\"\" \/] [icon color=\"Accent-Color\" size=\"regular\" image=\"steadysets-icon-chat\"] Contexto Spot del Partido Primero Justicia, durante el a\u00f1o 2010, para capitalizar el descontento por las acciones de expropiaci\u00f3n que lleva a cabo el gobierno de\u2026","rel":"","context":"En \u00ab2010\u00bb","block_context":{"text":"2010","link":"https:\/\/estrategica.com.co\/blog\/category\/ano\/2010\/"},"img":{"alt_text":"","src":"https:\/\/i0.wp.com\/estrategica.com.co\/blog\/wp-content\/uploads\/2012\/08\/GuerracontraTuesfuerzo_thumb.png?fit=809%2C619&ssl=1&resize=350%2C200","width":350,"height":200},"classes":[]},{"id":17402,"url":"https:\/\/estrategica.com.co\/blog\/influenza-calderon-2\/","url_meta":{"origin":18276,"position":4},"title":"Influenza &#8211; Calder\u00f3n","author":"Juliana","date":"junio 20, 2009","format":false,"excerpt":"[hana-flv-player video=\"\/blog\/wp-content\/uploads\/2009\/01\/videosultimosconver\/influenza1.flv\" width=\"550\" height=\"\" description=\"Influenza - Calder\u00f3n\" clickurl=\"\" clicktarget=\"\" player=\"4\" autoplay=\"false\" loop=\"false\" autorewind=\"true\" splashimage=\"\" skin=\"\" \/] [icon color=\"Accent-Color\" size=\"regular\" image=\"steadysets-icon-chat\"] Contexto Spot del Gobierno de Felipe Calder\u00f3n con el cual intenta posicionar sus logros y programas de cara al cumplimiento de los primeros dos a\u00f1os de gobierno. La piezas, est\u00e9ticamente,\u2026","rel":"","context":"En \u00ab2009\u00bb","block_context":{"text":"2009","link":"https:\/\/estrategica.com.co\/blog\/category\/ano\/2009\/"},"img":{"alt_text":"","src":"https:\/\/i0.wp.com\/estrategica.com.co\/blog\/wp-content\/uploads\/2009\/06\/influenza_thumb1.png?fit=655%2C422&ssl=1&resize=350%2C200","width":350,"height":200},"classes":[]},{"id":17407,"url":"https:\/\/estrategica.com.co\/blog\/influenza-calderon-4\/","url_meta":{"origin":18276,"position":5},"title":"Influenza &#8211; Calder\u00f3n","author":"Juliana","date":"junio 20, 2009","format":false,"excerpt":"[hana-flv-player video=\"\/blog\/wp-content\/uploads\/2009\/01\/videosultimosconver\/Influenza03.flv\" width=\"550\" height=\"\" description=\"Influenza - Calder\u00f3n\" clickurl=\"\" clicktarget=\"\" player=\"4\" autoplay=\"false\" loop=\"false\" autorewind=\"true\" splashimage=\"\" skin=\"\" \/] [icon color=\"Accent-Color\" size=\"regular\" image=\"steadysets-icon-chat\"] Contexto Spot del Gobierno de Felipe Calder\u00f3n con el cual intenta posicionar sus logros y programas de cara al cumplimiento de los primeros dos a\u00f1os de gobierno. La piezas, est\u00e9ticamente,\u2026","rel":"","context":"En \u00ab2009\u00bb","block_context":{"text":"2009","link":"https:\/\/estrategica.com.co\/blog\/category\/ano\/2009\/"},"img":{"alt_text":"","src":"https:\/\/i0.wp.com\/estrategica.com.co\/blog\/wp-content\/uploads\/2009\/06\/influenza03_thumb.png?fit=696%2C543&ssl=1&resize=350%2C200","width":350,"height":200},"classes":[]}],"jetpack_sharing_enabled":true,"_links":{"self":[{"href":"https:\/\/estrategica.com.co\/blog\/wp-json\/wp\/v2\/posts\/18276","targetHints":{"allow":["GET"]}}],"collection":[{"href":"https:\/\/estrategica.com.co\/blog\/wp-json\/wp\/v2\/posts"}],"about":[{"href":"https:\/\/estrategica.com.co\/blog\/wp-json\/wp\/v2\/types\/post"}],"author":[{"embeddable":true,"href":"https:\/\/estrategica.com.co\/blog\/wp-json\/wp\/v2\/users\/5"}],"replies":[{"embeddable":true,"href":"https:\/\/estrategica.com.co\/blog\/wp-json\/wp\/v2\/comments?post=18276"}],"version-history":[{"count":9,"href":"https:\/\/estrategica.com.co\/blog\/wp-json\/wp\/v2\/posts\/18276\/revisions"}],"predecessor-version":[{"id":59452,"href":"https:\/\/estrategica.com.co\/blog\/wp-json\/wp\/v2\/posts\/18276\/revisions\/59452"}],"wp:featuredmedia":[{"embeddable":true,"href":"https:\/\/estrategica.com.co\/blog\/wp-json\/wp\/v2\/media\/18277"}],"wp:attachment":[{"href":"https:\/\/estrategica.com.co\/blog\/wp-json\/wp\/v2\/media?parent=18276"}],"wp:term":[{"taxonomy":"category","embeddable":true,"href":"https:\/\/estrategica.com.co\/blog\/wp-json\/wp\/v2\/categories?post=18276"},{"taxonomy":"post_tag","embeddable":true,"href":"https:\/\/estrategica.com.co\/blog\/wp-json\/wp\/v2\/tags?post=18276"}],"curies":[{"name":"wp","href":"https:\/\/api.w.org\/{rel}","templated":true}]}}