{"id":18633,"date":"2009-08-23T15:18:33","date_gmt":"2009-08-23T15:18:33","guid":{"rendered":"http:\/\/estrategica.com.co\/blog\/?p=18633"},"modified":"2024-09-28T10:26:56","modified_gmt":"2024-09-28T15:26:56","slug":"mendicidad-pt","status":"publish","type":"post","link":"https:\/\/estrategica.com.co\/blog\/mendicidad-pt\/","title":{"rendered":"Mendicidad &#8211; PT"},"content":{"rendered":"<p><script type='text\/javascript' src='https:\/\/estrategica.com.co\/blog\/wp-content\/plugins\/hana-flv-player\/flowplayer3\/example\/flowplayer-3.2.6.min.js'><\/script>\n<div >\n<div id='hana_flv_flow3_1' style='display:block;width:550px;height:413px;background-color:#555555;color:#ffffff;padding:0' title=\"*Video:mendicidad - pt\"><\/div>\n<\/div>\n\n<script  type='text\/javascript'>\nif (typeof g_hanaFlash !== 'undefined' && !g_hanaFlash){\n    jQuery('#hana_flv_flow3_1').css( 'padding', '5px' );\n\tjQuery('#hana_flv_flow3_1').html(\"<span class='inactive_message' style='display:block'>Sorry, your browser does not support Flash Video Player<\/span> *Video:mendicidad - pt\");\n}else{\t\t\t\n\t\tflowplayer('hana_flv_flow3_1', { src: 'https:\/\/estrategica.com.co\/blog\/wp-content\/plugins\/hana-flv-player\/flowplayer3\/flowplayer-3.2.7.swf', wmode: 'transparent' }, { \n\n\t\t\tcanvas: { backgroundColor: '#000000', backgroundGradient: 'none',},\n    \t\tclip:  { \n    \t\t\turl: '\/blog\/wp-content\/uploads\/2009\/01\/videosfinconver\/PTMendiga.flv',\n        \t\tscaling: 'fit', autoPlay: false, autoBuffering: true \n\t\t\t\t   , onFinish : function () { this.seek(0); }  \n\n\t        }\n\n\t\t});\n}\n<\/script><\/p>\n<p>[icon color=\u00bbAccent-Color\u00bb size=\u00bbregular\u00bb image=\u00bbsteadysets-icon-chat\u00bb] <strong>Contexto<\/strong><\/p>\n<p style=\"text-align: justify;\">Spot creado por Duda Mendonca en 2003 para el Partido de los Trabajadores, posicionando el tema de la mendicidad y la indiferencia que suscita en los ciudadanos.<\/p>\n","protected":false},"excerpt":{"rendered":"<p>*Video: mendicidad &#8211; pt [icon color=\u00bbAccent-Color\u00bb size=\u00bbregular\u00bb image=\u00bbsteadysets-icon-chat\u00bb] Contexto Spot creado por Duda Mendonca en 2003 para el Partido de los Trabajadores, posicionando el tema de la mendicidad y la indiferencia que suscita en los ciudadanos.<\/p>\n","protected":false},"author":5,"featured_media":18634,"comment_status":"open","ping_status":"open","sticky":false,"template":"","format":"standard","meta":{"_et_pb_use_builder":"","_et_pb_old_content":"","_et_gb_content_width":"","advanced_seo_description":"","jetpack_seo_html_title":"","jetpack_seo_noindex":false,"footnotes":""},"categories":[357,263,60,27,10,35,11,3],"tags":[642,109,594],"class_list":["post-18633","post","type-post","status-publish","format-standard","has-post-thumbnail","hentry","category-357","category-ano","category-brazil","category-divulgacion-politica","category-geo","category-mensaje-politico","category-temas","category-video","tag-duda-mendonca","tag-partido-de-los-trabajadores","tag-pt"],"jetpack_featured_media_url":"https:\/\/i0.wp.com\/estrategica.com.co\/blog\/wp-content\/uploads\/2009\/07\/ptmendiga_thumb.png?fit=611%2C504&ssl=1","jetpack_shortlink":"https:\/\/wp.me\/p4wgsh-4Qx","jetpack-related-posts":[{"id":18584,"url":"https:\/\/estrategica.com.co\/blog\/futbol-marta-pt\/","url_meta":{"origin":18633,"position":0},"title":"F\u00fatbol &#8211; Marta PT","author":"Juliana","date":"julio 24, 2009","format":false,"excerpt":"[hana-flv-player video=\"\/blog\/wp-content\/uploads\/2009\/01\/videosfinconver\/MartaFutebolPT.flv\" width=\"550\" height=\"\" description=\"F\u00fatbol - Marta PT\" clickurl=\"\" clicktarget=\"\" player=\"4\" autoplay=\"false\" loop=\"false\" autorewind=\"true\" splashimage=\"\" skin=\"\" \/] [icon color=\"Accent-Color\" size=\"regular\" image=\"steadysets-icon-chat\"] Contexto Marta busca la reelecci\u00f3n en la alcald\u00eda de Sao Paulo a la cual fue elegida, inicialmente, en el a\u00f1o 2000. La campa\u00f1a que vemos hace relaci\u00f3n a la\u2026","rel":"","context":"En \u00abBrazil\u00bb","block_context":{"text":"Brazil","link":"https:\/\/estrategica.com.co\/blog\/category\/geo\/america\/brazil\/"},"img":{"alt_text":"","src":"https:\/\/i0.wp.com\/estrategica.com.co\/blog\/wp-content\/uploads\/2009\/07\/martafutebolpt_thumb.png?fit=630%2C456&ssl=1&resize=350%2C200","width":350,"height":200},"classes":[]},{"id":18590,"url":"https:\/\/estrategica.com.co\/blog\/logros-de-gestion-marta-pt\/","url_meta":{"origin":18633,"position":1},"title":"Logros de Gesti\u00f3n &#8211; Marta PT","author":"Juliana","date":"julio 24, 2009","format":false,"excerpt":"[hana-flv-player video=\"\/blog\/wp-content\/uploads\/2009\/01\/videosfinconver\/MartaSaoPaulo.flv\" width=\"550\" height=\"\" description=\"Logros de Gesti\u00f3n - Marta PT\" clickurl=\"\" clicktarget=\"\" player=\"4\" autoplay=\"false\" loop=\"false\" autorewind=\"true\" splashimage=\"\" skin=\"\" \/] [icon color=\"Accent-Color\" size=\"regular\" image=\"steadysets-icon-chat\"] Contexto Marta busca la reelecci\u00f3n en la alcald\u00eda de Sao Paulo a la cual fue elegida, inicialmente, en el a\u00f1o 2000. La campa\u00f1a que vemos hace relaci\u00f3n\u2026","rel":"","context":"En \u00abBrazil\u00bb","block_context":{"text":"Brazil","link":"https:\/\/estrategica.com.co\/blog\/category\/geo\/america\/brazil\/"},"img":{"alt_text":"","src":"https:\/\/i0.wp.com\/estrategica.com.co\/blog\/wp-content\/uploads\/2009\/07\/martasaopaulo_thumb.png?fit=559%2C398&ssl=1&resize=350%2C200","width":350,"height":200},"classes":[]},{"id":18580,"url":"https:\/\/estrategica.com.co\/blog\/logros-de-gestion-marta-pt-2\/","url_meta":{"origin":18633,"position":2},"title":"Logros de Gesti\u00f3n &#8211; Marta PT","author":"Juliana","date":"julio 24, 2009","format":false,"excerpt":"[hana-flv-player video=\"\/blog\/wp-content\/uploads\/2009\/01\/videosfinconver\/MartaCeuPT.flv\" width=\"550\" height=\"\" description=\"Logros de Gesti\u00f3n - Marta PT\" clickurl=\"\" clicktarget=\"\" player=\"4\" autoplay=\"false\" loop=\"false\" autorewind=\"true\" splashimage=\"\" skin=\"\" \/] [icon color=\"Accent-Color\" size=\"regular\" image=\"steadysets-icon-chat\"] Contexto Marta busca la reelecci\u00f3n en la alcald\u00eda de Sao Paulo a la cual fue elegida, inicialmente, en el a\u00f1o 2000. La campa\u00f1a que vemos hace relaci\u00f3n\u2026","rel":"","context":"En \u00abBrazil\u00bb","block_context":{"text":"Brazil","link":"https:\/\/estrategica.com.co\/blog\/category\/geo\/america\/brazil\/"},"img":{"alt_text":"","src":"https:\/\/i0.wp.com\/estrategica.com.co\/blog\/wp-content\/uploads\/2009\/07\/martaceupt_thumb.png?fit=578%2C507&ssl=1&resize=350%2C200","width":350,"height":200},"classes":[]},{"id":18629,"url":"https:\/\/estrategica.com.co\/blog\/cinta-metrica-pimentel\/","url_meta":{"origin":18633,"position":3},"title":"Cinta M\u00e9trica &#8211; Pimentel","author":"Juliana","date":"agosto 23, 2009","format":false,"excerpt":"[hana-flv-player video=\"\/blog\/wp-content\/uploads\/2009\/01\/videosfinconver\/PimentelFitametrica.flv\" width=\"550\" height=\"\" description=\"Cinta M\u00e9trica - Pimentel\" clickurl=\"\" clicktarget=\"\" player=\"4\" autoplay=\"false\" loop=\"false\" autorewind=\"true\" splashimage=\"\" skin=\"\" \/] [icon color=\"Accent-Color\" size=\"regular\" image=\"steadysets-icon-chat\"] Contexto Spot de la campa\u00f1a de Fernando Pimentel a la Alcald\u00eda de Belo Horizonte en el a\u00f1o 2005, a nombre del Partido de los Trabajadores. En 2001 hab\u00eda sido\u2026","rel":"","context":"En \u00abBrazil\u00bb","block_context":{"text":"Brazil","link":"https:\/\/estrategica.com.co\/blog\/category\/geo\/america\/brazil\/"},"img":{"alt_text":"","src":"https:\/\/i0.wp.com\/estrategica.com.co\/blog\/wp-content\/uploads\/2009\/07\/pimentelfitametrica_thumb.png?fit=652%2C388&ssl=1&resize=350%2C200","width":350,"height":200},"classes":[]},{"id":20002,"url":"https:\/\/estrategica.com.co\/blog\/embarazadas-pt-lula\/","url_meta":{"origin":18633,"position":4},"title":"Embarazadas &#8211; PT &#8211; Lula","author":"Juliana","date":"mayo 16, 2010","format":false,"excerpt":"[hana-flv-player video=\"\/blog\/wp-content\/uploads\/2009\/01\/Videos2010\/Comercial_PT___Grvidas.flv\" width=\"550\" height=\"\" description=\"Embarazadas - PT - Lula\" clickurl=\"\" clicktarget=\"\" player=\"4\" autoplay=\"false\" loop=\"false\" autorewind=\"true\" splashimage=\"\" skin=\"\" \/] [icon color=\"Accent-Color\" size=\"regular\" image=\"steadysets-icon-chat\"] Contexto Spot de la campa\u00f1a de Lu\u00eds Ignacio Lula da Silva, durante la contienda electoral de 2002. Era la cuarta campa\u00f1a presidencial que hacia Lula luego de haber\u2026","rel":"","context":"En \u00abBrazil\u00bb","block_context":{"text":"Brazil","link":"https:\/\/estrategica.com.co\/blog\/category\/geo\/america\/brazil\/"},"img":{"alt_text":"","src":"https:\/\/i0.wp.com\/estrategica.com.co\/blog\/wp-content\/uploads\/2010\/05\/Comercial_PT___Grvidas_thumb.png?fit=697%2C446&ssl=1&resize=350%2C200","width":350,"height":200},"classes":[]},{"id":18528,"url":"https:\/\/estrategica.com.co\/blog\/yo-soy-del-pt-lula\/","url_meta":{"origin":18633,"position":5},"title":"Yo Soy del PT &#8211; Lula","author":"estrategica.com","date":"agosto 17, 2009","format":false,"excerpt":"[hana-flv-player video=\"\/blog\/wp-content\/uploads\/2009\/01\/videosfinconver\/EuSouoPT.flv\" width=\"550\" height=\"\" description=\"Yo Soy del PT - Lula\" clickurl=\"\" clicktarget=\"\" player=\"4\" autoplay=\"false\" loop=\"false\" autorewind=\"true\" splashimage=\"\" skin=\"\" \/] [icon color=\"Accent-Color\" size=\"regular\" image=\"steadysets-icon-chat\"] Contexto Spot de la campa\u00f1a de Lu\u00eds Ignacio Lula da Silva, durante la contienda electoral de 2002. Era la cuarta campa\u00f1a presidencial que hacia Lula luego de\u2026","rel":"","context":"En \u00abBrazil\u00bb","block_context":{"text":"Brazil","link":"https:\/\/estrategica.com.co\/blog\/category\/geo\/america\/brazil\/"},"img":{"alt_text":"","src":"https:\/\/i0.wp.com\/estrategica.com.co\/blog\/wp-content\/uploads\/2009\/06\/eusouopt_thumb.png?fit=642%2C508&ssl=1&resize=350%2C200","width":350,"height":200},"classes":[]}],"jetpack_sharing_enabled":true,"_links":{"self":[{"href":"https:\/\/estrategica.com.co\/blog\/wp-json\/wp\/v2\/posts\/18633","targetHints":{"allow":["GET"]}}],"collection":[{"href":"https:\/\/estrategica.com.co\/blog\/wp-json\/wp\/v2\/posts"}],"about":[{"href":"https:\/\/estrategica.com.co\/blog\/wp-json\/wp\/v2\/types\/post"}],"author":[{"embeddable":true,"href":"https:\/\/estrategica.com.co\/blog\/wp-json\/wp\/v2\/users\/5"}],"replies":[{"embeddable":true,"href":"https:\/\/estrategica.com.co\/blog\/wp-json\/wp\/v2\/comments?post=18633"}],"version-history":[{"count":8,"href":"https:\/\/estrategica.com.co\/blog\/wp-json\/wp\/v2\/posts\/18633\/revisions"}],"predecessor-version":[{"id":60730,"href":"https:\/\/estrategica.com.co\/blog\/wp-json\/wp\/v2\/posts\/18633\/revisions\/60730"}],"wp:featuredmedia":[{"embeddable":true,"href":"https:\/\/estrategica.com.co\/blog\/wp-json\/wp\/v2\/media\/18634"}],"wp:attachment":[{"href":"https:\/\/estrategica.com.co\/blog\/wp-json\/wp\/v2\/media?parent=18633"}],"wp:term":[{"taxonomy":"category","embeddable":true,"href":"https:\/\/estrategica.com.co\/blog\/wp-json\/wp\/v2\/categories?post=18633"},{"taxonomy":"post_tag","embeddable":true,"href":"https:\/\/estrategica.com.co\/blog\/wp-json\/wp\/v2\/tags?post=18633"}],"curies":[{"name":"wp","href":"https:\/\/api.w.org\/{rel}","templated":true}]}}