{"id":18862,"date":"2009-07-10T16:01:03","date_gmt":"2009-07-10T16:01:03","guid":{"rendered":"http:\/\/estrategica.com.co\/blog\/?p=18862"},"modified":"2014-12-12T15:39:00","modified_gmt":"2014-12-12T20:39:00","slug":"feliz-navidad-rajoy","status":"publish","type":"post","link":"https:\/\/estrategica.com.co\/blog\/feliz-navidad-rajoy\/","title":{"rendered":"Feliz Navidad &#8211; Rajoy"},"content":{"rendered":"<p> <script type='text\/javascript' src='https:\/\/estrategica.com.co\/blog\/wp-content\/plugins\/hana-flv-player\/flowplayer3\/example\/flowplayer-3.2.6.min.js'><\/script>\n<div >\n<div id='hana_flv_flow3_1' style='display:block;width:550px;height:413px;background-color:#555555;color:#ffffff;padding:0' title=\"*Video:mapa de la inseguridad - de narv\u00e1ez\"><\/div>\n<\/div>\n\n<script  type='text\/javascript'>\nif (typeof g_hanaFlash !== 'undefined' && !g_hanaFlash){\n    jQuery('#hana_flv_flow3_1').css( 'padding', '5px' );\n\tjQuery('#hana_flv_flow3_1').html(\"<span class='inactive_message' style='display:block'>Sorry, your browser does not support Flash Video Player<\/span> *Video:mapa de la inseguridad - de narv\u00e1ez\");\n}else{\t\t\t\n\t\tflowplayer('hana_flv_flow3_1', { src: 'https:\/\/estrategica.com.co\/blog\/wp-content\/plugins\/hana-flv-player\/flowplayer3\/flowplayer-3.2.7.swf', wmode: 'transparent' }, { \n\n\t\t\tcanvas: { backgroundColor: '#000000', backgroundGradient: 'none',},\n    \t\tclip:  { \n    \t\t\turl: '\/blog\/wp-content\/uploads\/2009\/01\/videosotrosfin\/Mariano_el_PP_felicitan_la_Navidad.flv',\n        \t\tscaling: 'fit', autoPlay: false, autoBuffering: true \n\t\t\t\t   , onFinish : function () { this.seek(0); }  \n\n\t        }\n\n\t\t});\n}\n<\/script><br \/>\n<\/br><\/p>\n<p>[icon color=\u00bbAccent-Color\u00bb size=\u00bbregular\u00bb image=\u00bbsteadysets-icon-chat\u00bb] <strong>Contexto<\/strong><\/br><\/br><\/p>\n<p style=\"text-align: justify;\">Spot del Partido Popular en diciembre de 2007 para desearles feliz navidad a los espa\u00f1oles. La pieza muestra la cotidianidad del partido en un ambiente festivo y de camarader\u00eda mientras la m\u00fasica de navidad suena como fondo. Los lideres del partido se muestra cercanos y trasmiten un mensaje de positivismo y optimismo. El mensaje final de Rajoy le baja un poco el ritmo al mensaje pero en t\u00e9rminos generales esta bien.<\/p><\/p>\n","protected":false},"excerpt":{"rendered":"<p>*Video: mapa de la inseguridad &#8211; de narv\u00e1ez [icon color=\u00bbAccent-Color\u00bb size=\u00bbregular\u00bb image=\u00bbsteadysets-icon-chat\u00bb] Contexto Spot del Partido Popular en diciembre de 2007 para desearles feliz navidad a los espa\u00f1oles. La pieza muestra la cotidianidad del partido en un ambiente festivo y de camarader\u00eda mientras la m\u00fasica de navidad suena como fondo. Los lideres del partido se [&hellip;]<\/p>\n","protected":false},"author":5,"featured_media":18863,"comment_status":"open","ping_status":"open","sticky":false,"template":"","format":"standard","meta":{"_et_pb_use_builder":"","_et_pb_old_content":"","_et_gb_content_width":"","advanced_seo_description":"","jetpack_seo_html_title":"","jetpack_seo_noindex":false,"footnotes":""},"categories":[269,263,27,23,10,35,11,3],"tags":[97,100,99],"class_list":["post-18862","post","type-post","status-publish","format-standard","has-post-thumbnail","hentry","category-269","category-ano","category-divulgacion-politica","category-espana","category-geo","category-mensaje-politico","category-temas","category-video","tag-mariano-rajoy","tag-partido-popular","tag-pp"],"jetpack_featured_media_url":"https:\/\/i0.wp.com\/estrategica.com.co\/blog\/wp-content\/uploads\/2009\/07\/mariano_el_pp_felicitan_la_navidad_thumb.png?fit=580%2C426&ssl=1","jetpack_shortlink":"https:\/\/wp.me\/p4wgsh-4Ue","jetpack-related-posts":[{"id":17634,"url":"https:\/\/estrategica.com.co\/blog\/los-ninos-del-partido-popular-navidad-rajoy\/","url_meta":{"origin":18862,"position":0},"title":"Los Ni\u00f1os del Partido Popular &#8211; Navidad &#8211; Rajoy","author":"Juliana","date":"junio 20, 2009","format":false,"excerpt":"[hana-flv-player video=\"\/blog\/wp-content\/uploads\/2009\/01\/videosultimosconver\/navidadPP.flv\" width=\"550\" height=\"\" description=\"Los Ni\u00f1os del Partido Popular - Navidad - Rajoy\" clickurl=\"\" clicktarget=\"\" player=\"4\" autoplay=\"false\" loop=\"false\" autorewind=\"true\" splashimage=\"\" skin=\"\" \/] [icon color=\"Accent-Color\" size=\"regular\" image=\"steadysets-icon-chat\"] Contexto Video del Partido Popular durante la navidad de 2008. En la pieza aparecen las im\u00e1genes infantiles de algunos de los l\u00edderes del PP\u2026","rel":"","context":"En \u00ab2008\u00bb","block_context":{"text":"2008","link":"https:\/\/estrategica.com.co\/blog\/category\/ano\/2008\/"},"img":{"alt_text":"","src":"https:\/\/i0.wp.com\/estrategica.com.co\/blog\/wp-content\/uploads\/2009\/06\/navidadpp_thumb1.png?fit=424%2C320&ssl=1&resize=350%2C200","width":350,"height":200},"classes":[]},{"id":21789,"url":"https:\/\/estrategica.com.co\/blog\/rajoy-es-el-futuro-pp\/","url_meta":{"origin":18862,"position":1},"title":"Rajoy es el Futuro &#8211; PP","author":"Juliana","date":"junio 14, 2010","format":false,"excerpt":"[hana-flv-player video=\"\/blog\/wp-content\/uploads\/2009\/01\/20100609\/Rajoyeselfuturocopia.flv\" width=\"550\" height=\"\" description=\"Rajoy es el Futuro - PP\" clickurl=\"\" clicktarget=\"\" player=\"4\" autoplay=\"false\" loop=\"false\" autorewind=\"true\" splashimage=\"\" skin=\"\" \/] [icon color=\"Accent-Color\" size=\"regular\" image=\"steadysets-icon-chat\"] Contexto Video con la Presentaci\u00f3n de Mariano Rajoy en la Convenci\u00f3n Nacional del Partido Popular celebrada en marzo de 2006. Una pieza est\u00e9ticamente interesante, emocional, pero sin\u2026","rel":"","context":"En \u00ab2006\u00bb","block_context":{"text":"2006","link":"https:\/\/estrategica.com.co\/blog\/category\/ano\/2006\/"},"img":{"alt_text":"","src":"https:\/\/i0.wp.com\/estrategica.com.co\/blog\/wp-content\/uploads\/2010\/06\/Rajoyeselfuturocopia_thumb.png?fit=707%2C578&ssl=1&resize=350%2C200","width":350,"height":200},"classes":[]},{"id":20481,"url":"https:\/\/estrategica.com.co\/blog\/navidad-un-techo-para-chile\/","url_meta":{"origin":18862,"position":2},"title":"Navidad &#8211; Un Techo para Chile","author":"Juliana","date":"abril 29, 2010","format":false,"excerpt":"[hana-flv-player video=\"\/blog\/wp-content\/uploads\/2009\/01\/videos20102\/SPOTUNTECHOPARACHILE.flv\" width=\"550\" height=\"\" description=\"Navidad - Un Techo para Chile\" clickurl=\"\" clicktarget=\"\" player=\"4\" autoplay=\"false\" loop=\"false\" autorewind=\"true\" splashimage=\"\" skin=\"\" \/] [icon color=\"Accent-Color\" size=\"regular\" image=\"steadysets-icon-chat\"] Contexto Spot realizado por la fundaci\u00f3n Un Techo para Chile durante la Navidad de 2007. Una pieza bonita y acorde con el esp\u00edritu de la \u00e9poca.","rel":"","context":"En \u00ab2007\u00bb","block_context":{"text":"2007","link":"https:\/\/estrategica.com.co\/blog\/category\/ano\/2007\/"},"img":{"alt_text":"","src":"https:\/\/i0.wp.com\/estrategica.com.co\/blog\/wp-content\/uploads\/2010\/01\/SPOT-UN-TECHO-PARA-CHILE_thumb.png?fit=504%2C384&ssl=1&resize=350%2C200","width":350,"height":200},"classes":[]},{"id":20532,"url":"https:\/\/estrategica.com.co\/blog\/navidad-un-techo-para-chile-2\/","url_meta":{"origin":18862,"position":3},"title":"Navidad &#8211; Un Techo para Chile","author":"Juliana","date":"mayo 5, 2010","format":false,"excerpt":"[hana-flv-player video=\"\/blog\/wp-content\/uploads\/2009\/01\/videos20102\/SPOTUNTECHOPARACHILE.flv\" width=\"550\" height=\"\" description=\"Navidad - Un Techo para Chile\" clickurl=\"\" clicktarget=\"\" player=\"4\" autoplay=\"false\" loop=\"false\" autorewind=\"true\" splashimage=\"\" skin=\"\" \/] [icon color=\"Accent-Color\" size=\"regular\" image=\"steadysets-icon-chat\"] Contexto Spot realizado por la Fundaci\u00f3n Un Techo para Chile durante la navidad del a\u00f1o 2007.","rel":"","context":"En \u00ab2007\u00bb","block_context":{"text":"2007","link":"https:\/\/estrategica.com.co\/blog\/category\/ano\/2007\/"},"img":{"alt_text":"","src":"https:\/\/i0.wp.com\/estrategica.com.co\/blog\/wp-content\/uploads\/2010\/01\/SPOT-UN-TECHO-PARA-CHILE_thumb1.png?fit=486%2C309&ssl=1&resize=350%2C200","width":350,"height":200},"classes":[]},{"id":2759,"url":"https:\/\/estrategica.com.co\/blog\/hay-equipo-pp\/","url_meta":{"origin":18862,"position":4},"title":"Hay Equipo &#8211; PP","author":"Juliana","date":"enero 25, 2009","format":false,"excerpt":"[hana-flv-player video=\"\/blog\/wp-content\/uploads\/2009\/01\/ESPANA\/PP_Hay_Equipo.flv\" width=\"550\" height=\"\" description=\"Hay Equipo - PP\" clickurl=\"\" clicktarget=\"\" player=\"4\" autoplay=\"false\" loop=\"false\" autorewind=\"true\" splashimage=\"\" skin=\"\" \/] [icon color=\"Accent-Color\" size=\"regular\" image=\"steadysets-icon-chat\"] Contexto Video de presentaci\u00f3n de los candidatos del Partido Popular a las elecciones auton\u00f3micas de 2007. El spot alude a fuerzas de la naturaleza, a caracter\u00edsticas humanas y a\u2026","rel":"","context":"En \u00abCampa\u00f1a Cuerpo Colegiado\u00bb","block_context":{"text":"Campa\u00f1a Cuerpo Colegiado","link":"https:\/\/estrategica.com.co\/blog\/category\/temas\/campana-colegiada\/"},"img":{"alt_text":"","src":"https:\/\/i0.wp.com\/estrategica.com.co\/blog\/wp-content\/uploads\/2009\/01\/pp_hay_equipo_thumb.png?fit=286%2C219&ssl=1&resize=350%2C200","width":350,"height":200},"classes":[]},{"id":2673,"url":"https:\/\/estrategica.com.co\/blog\/confianza_pp\/","url_meta":{"origin":18862,"position":5},"title":"Confianza en el Futuro &#8211; PP","author":"Juliana","date":"enero 28, 2009","format":false,"excerpt":"[hana-flv-player video=\"\/blog\/wp-content\/uploads\/2009\/01\/ESPANA\/Confianza_PP.flv\" width=\"550\" height=\"\" description=\"Confianza en el Futuro - PP\" clickurl=\"\" clicktarget=\"\" player=\"4\" autoplay=\"false\" loop=\"false\" autorewind=\"true\" splashimage=\"\" skin=\"\" \/] [icon color=\"Accent-Color\" size=\"regular\" image=\"steadysets-icon-chat\"] Contexto Campa\u00f1a del Partido Popular Espa\u00f1ol para las elecciones Auton\u00f3micas y Municipales de 2007. La estrategia es conectarse con el ciudadano com\u00fan y corriente con un mensaje\u2026","rel":"","context":"En \u00abCampa\u00f1a Uninominal\u00bb","block_context":{"text":"Campa\u00f1a Uninominal","link":"https:\/\/estrategica.com.co\/blog\/category\/temas\/campana-uninominal\/"},"img":{"alt_text":"","src":"","width":0,"height":0},"classes":[]}],"jetpack_sharing_enabled":true,"_links":{"self":[{"href":"https:\/\/estrategica.com.co\/blog\/wp-json\/wp\/v2\/posts\/18862","targetHints":{"allow":["GET"]}}],"collection":[{"href":"https:\/\/estrategica.com.co\/blog\/wp-json\/wp\/v2\/posts"}],"about":[{"href":"https:\/\/estrategica.com.co\/blog\/wp-json\/wp\/v2\/types\/post"}],"author":[{"embeddable":true,"href":"https:\/\/estrategica.com.co\/blog\/wp-json\/wp\/v2\/users\/5"}],"replies":[{"embeddable":true,"href":"https:\/\/estrategica.com.co\/blog\/wp-json\/wp\/v2\/comments?post=18862"}],"version-history":[{"count":6,"href":"https:\/\/estrategica.com.co\/blog\/wp-json\/wp\/v2\/posts\/18862\/revisions"}],"predecessor-version":[{"id":60716,"href":"https:\/\/estrategica.com.co\/blog\/wp-json\/wp\/v2\/posts\/18862\/revisions\/60716"}],"wp:featuredmedia":[{"embeddable":true,"href":"https:\/\/estrategica.com.co\/blog\/wp-json\/wp\/v2\/media\/18863"}],"wp:attachment":[{"href":"https:\/\/estrategica.com.co\/blog\/wp-json\/wp\/v2\/media?parent=18862"}],"wp:term":[{"taxonomy":"category","embeddable":true,"href":"https:\/\/estrategica.com.co\/blog\/wp-json\/wp\/v2\/categories?post=18862"},{"taxonomy":"post_tag","embeddable":true,"href":"https:\/\/estrategica.com.co\/blog\/wp-json\/wp\/v2\/tags?post=18862"}],"curies":[{"name":"wp","href":"https:\/\/api.w.org\/{rel}","templated":true}]}}