{"id":190,"date":"2009-01-03T01:36:35","date_gmt":"2009-01-03T01:36:35","guid":{"rendered":"http:\/\/estrategica.com.co\/blog\/?p=190"},"modified":"2009-02-21T13:29:59","modified_gmt":"2009-02-21T13:29:59","slug":"juntos-todo-se-vuelve-posible","status":"publish","type":"post","link":"https:\/\/estrategica.com.co\/blog\/juntos-todo-se-vuelve-posible\/","title":{"rendered":"JUNTOS TODO ES POSIBLE"},"content":{"rendered":"<p><img loading=\"lazy\" decoding=\"async\" data-attachment-id=\"189\" data-permalink=\"https:\/\/estrategica.com.co\/blog\/juntos-todo-se-vuelve-posible\/medium_nsaffmilitante\/\" data-orig-file=\"https:\/\/i0.wp.com\/estrategica.com.co\/blog\/wp-content\/uploads\/2009\/01\/medium_nsaffmilitante.jpg?fit=324%2C450&amp;ssl=1\" data-orig-size=\"324,450\" data-comments-opened=\"1\" data-image-meta=\"{&quot;aperture&quot;:&quot;0&quot;,&quot;credit&quot;:&quot;&quot;,&quot;camera&quot;:&quot;&quot;,&quot;caption&quot;:&quot;&quot;,&quot;created_timestamp&quot;:&quot;0&quot;,&quot;copyright&quot;:&quot;&quot;,&quot;focal_length&quot;:&quot;0&quot;,&quot;iso&quot;:&quot;0&quot;,&quot;shutter_speed&quot;:&quot;0&quot;,&quot;title&quot;:&quot;&quot;}\" data-image-title=\"medium_nsaffmilitante\" data-image-description=\"\" data-image-caption=\"\" data-medium-file=\"https:\/\/i0.wp.com\/estrategica.com.co\/blog\/wp-content\/uploads\/2009\/01\/medium_nsaffmilitante.jpg?fit=216%2C300&amp;ssl=1\" data-large-file=\"https:\/\/i0.wp.com\/estrategica.com.co\/blog\/wp-content\/uploads\/2009\/01\/medium_nsaffmilitante.jpg?fit=324%2C450&amp;ssl=1\" class=\"alignnone size-full wp-image-189\" title=\"medium_nsaffmilitante\" src=\"https:\/\/i0.wp.com\/estrategica.com.co\/blog\/wp-content\/uploads\/2009\/01\/medium_nsaffmilitante.jpg?resize=324%2C450\" alt=\"medium_nsaffmilitante\" width=\"324\" height=\"450\" srcset=\"https:\/\/i0.wp.com\/estrategica.com.co\/blog\/wp-content\/uploads\/2009\/01\/medium_nsaffmilitante.jpg?w=324&amp;ssl=1 324w, https:\/\/i0.wp.com\/estrategica.com.co\/blog\/wp-content\/uploads\/2009\/01\/medium_nsaffmilitante.jpg?resize=216%2C300&amp;ssl=1 216w\" sizes=\"(max-width: 324px) 100vw, 324px\" data-recalc-dims=\"1\" \/><\/p>\n<p style=\"text-align: justify;\">Un afiche curioso que rompe la coherencia comunicativa que primo en la campa\u00f1a. Ac\u00e1 permanece la mirada directa y amigable pero desaparece la campi\u00f1a francesa, el firmamento y hasta el ave que vuela en solitario. No esta tampoco la may\u00fascula de la palabra \u201ctodo\u201d. El azul es remplazado por el verde. La p\u00e1gina Web tambi\u00e9n se esfuma. Solo permanece el slogan manteniendo por lo menos la disciplina de mensaje.<\/p>\n<p style=\"text-align: justify;\">\u00a0<\/p>\n","protected":false},"excerpt":{"rendered":"<p>Un afiche curioso que rompe la coherencia comunicativa que primo en la campa\u00f1a. Ac\u00e1 permanece la mirada directa y amigable pero desaparece la campi\u00f1a francesa, el firmamento y hasta el ave que vuela en solitario. No esta tampoco la may\u00fascula de la palabra \u201ctodo\u201d. El azul es remplazado por el verde. La p\u00e1gina Web tambi\u00e9n [&hellip;]<\/p>\n","protected":false},"author":2,"featured_media":59159,"comment_status":"open","ping_status":"open","sticky":false,"template":"","format":"standard","meta":{"_et_pb_use_builder":"","_et_pb_old_content":"","_et_gb_content_width":"","advanced_seo_description":"","jetpack_seo_html_title":"","jetpack_seo_noindex":false,"footnotes":""},"categories":[269,5,263,57,46,50,10,11],"tags":[52,55,79,80],"class_list":["post-190","post","type-post","status-publish","format-standard","has-post-thumbnail","hentry","category-269","category-afiches","category-ano","category-campana-presidencial","category-fotograficos","category-francia","category-geo","category-temas","tag-elecciones-2007","tag-jacques-seguela","tag-nicolas-sarkosy","tag-union-por-un-movimiento-popular"],"jetpack_featured_media_url":"https:\/\/i0.wp.com\/estrategica.com.co\/blog\/wp-content\/uploads\/2009\/01\/JUNTOS-TODO-ES-POSIBLE2.jpg?fit=324%2C450&ssl=1","jetpack_shortlink":"https:\/\/wp.me\/p4wgsh-34","jetpack-related-posts":[{"id":3235,"url":"https:\/\/estrategica.com.co\/blog\/lo-que-crece-unido-permanece-unido\/","url_meta":{"origin":190,"position":0},"title":"Lo que crece unido permanece unido.","author":"estrategica.com","date":"enero 31, 2009","format":false,"excerpt":"Campa\u00f1a de la Socialdemocracia para las elecciones de 1990. El afiche muestra a Willy Brandt, en la puerta de Brandenburgo, ante una multitud. La frase dice: \u201cLo que crece unido permanece unido\u201d. La estrategia electoral es evidenciar el trabajo de los socialdem\u00f3cratas por la reunificaci\u00f3n y como ahora se trata\u2026","rel":"","context":"En \u00abAFICHES\u00bb","block_context":{"text":"AFICHES","link":"https:\/\/estrategica.com.co\/blog\/category\/afiches\/"},"img":{"alt_text":"","src":"https:\/\/i0.wp.com\/estrategica.com.co\/blog\/wp-content\/uploads\/2009\/01\/brandt.jpg?fit=500%2C355&ssl=1&resize=350%2C200","width":350,"height":200},"classes":[]},{"id":233,"url":"https:\/\/estrategica.com.co\/blog\/con-le-pen-todos-juntos-tomaremos-nuestra-francia\/","url_meta":{"origin":190,"position":1},"title":"CON LE PEN, todos juntos, tomaremos nuestra Francia!","author":"camilorojas","date":"enero 3, 2009","format":false,"excerpt":"Jean-Marie Le Pen es el representante de la extrema derecha pol\u00edtica a trav\u00e9s del partido Frente Nacional a nombre del cual ha sido candidato a la presidencia de Francia. En la campa\u00f1a de 2007 Le Pen tiene casi 79 a\u00f1os convirti\u00e9ndose en el aspirante m\u00e1s viejo en la historia de\u2026","rel":"","context":"En \u00ab2007\u00bb","block_context":{"text":"2007","link":"https:\/\/estrategica.com.co\/blog\/category\/ano\/2007\/"},"img":{"alt_text":"","src":"https:\/\/i0.wp.com\/estrategica.com.co\/blog\/wp-content\/uploads\/2009\/01\/CON-LE-PEN-todos-juntos-tomaremos-nuestra-Francia.jpg?fit=800%2C600&ssl=1&resize=350%2C200","width":350,"height":200},"classes":[]},{"id":274,"url":"https:\/\/estrategica.com.co\/blog\/le-pen-presidente\/","url_meta":{"origin":190,"position":2},"title":"LE PEN PRESIDENTE","author":"camilorojas","date":"enero 3, 2009","format":false,"excerpt":"Un afiche cl\u00e1sico de Le Pen. Su rostro en primer plano, sonriendo. La cercan\u00eda le deja ver los a\u00f1os, lo cual puede ser contraproducente. El nombre del Frente Nacional no aparece. Este afiche rompe la estrategia visual que se hab\u00eda hecho posiblemente por el esfuerza que conlleva posicionar siete afiches.","rel":"","context":"En \u00ab2007\u00bb","block_context":{"text":"2007","link":"https:\/\/estrategica.com.co\/blog\/category\/ano\/2007\/"},"img":{"alt_text":"","src":"https:\/\/i0.wp.com\/estrategica.com.co\/blog\/wp-content\/uploads\/2009\/01\/LE-PEN-PRESIDENTE.jpg?fit=300%2C428&ssl=1&resize=350%2C200","width":350,"height":200},"classes":[]},{"id":399,"url":"https:\/\/estrategica.com.co\/blog\/para-romper-con-la-union-europea\/","url_meta":{"origin":190,"position":3},"title":"PARA ROMPER CON LA UNION EUROPEA","author":"camilorojas","date":"enero 4, 2009","format":false,"excerpt":"Es el candidato del Partido de los Trabajadores. En la campa\u00f1a, auque tenia otros temas, Eligio la vocer\u00eda de izquierda contra el tratado de Maastricht. En las elecciones de 2007 obtuvo 123,540 votos que representaban el 0,34% de la votaci\u00f3n. En la segunda vuelta no apoyo a nadie. Su afiche\u2026","rel":"","context":"En \u00ab2007\u00bb","block_context":{"text":"2007","link":"https:\/\/estrategica.com.co\/blog\/category\/ano\/2007\/"},"img":{"alt_text":"","src":"https:\/\/i0.wp.com\/estrategica.com.co\/blog\/wp-content\/uploads\/2009\/01\/PARA-ROMPER-CON-LA-UNION-EUROPEA.jpg?fit=339%2C456&ssl=1&resize=350%2C200","width":350,"height":200},"classes":[]},{"id":147,"url":"https:\/\/estrategica.com.co\/blog\/pour-une-alternative-a-gauche\/","url_meta":{"origin":190,"position":4},"title":"Por una Alternativa de Izquierda","author":"camilorojas","date":"diciembre 31, 2008","format":false,"excerpt":"Jos\u00e9 Bov\u00e9 se lanza a la Presidencia en una entrevista al diario Lib\u00e9ration el 13 de junio de 2006 con la intenci\u00f3n de agrupar a la izquierda antiliberal, es decir, a lo que \u00e9l mismo denomin\u00f3 \u201cla izquierda de la izquierda\u201d. Sin embargo, sus diferencias con el candidato del Partido\u2026","rel":"","context":"En \u00ab2007\u00bb","block_context":{"text":"2007","link":"https:\/\/estrategica.com.co\/blog\/category\/ano\/2007\/"},"img":{"alt_text":"","src":"https:\/\/i0.wp.com\/estrategica.com.co\/blog\/wp-content\/uploads\/2008\/12\/Por-una-Alternativa-de-Izquierda.jpg?fit=306%2C400&ssl=1&resize=350%2C200","width":350,"height":200},"classes":[]},{"id":270,"url":"https:\/\/estrategica.com.co\/blog\/vote-le-pen\/","url_meta":{"origin":190,"position":5},"title":"VOTE LE PEN","author":"camilorojas","date":"enero 3, 2009","format":false,"excerpt":"Jean-Marie Le Pen es el representante de la extrema derecha pol\u00edtica a trav\u00e9s del partido Frente Nacional a nombre del cual ha sido candidato a la presidencia de Francia. En la campa\u00f1a de 2007 Le Pen tiene casi 79 convirti\u00e9ndose en el aspirante m\u00e1s viejo en la historia de Francia.\u2026","rel":"","context":"En \u00ab2007\u00bb","block_context":{"text":"2007","link":"https:\/\/estrategica.com.co\/blog\/category\/ano\/2007\/"},"img":{"alt_text":"","src":"https:\/\/i0.wp.com\/estrategica.com.co\/blog\/wp-content\/uploads\/2009\/01\/VOTE-LE-PEN.jpg?fit=324%2C456&ssl=1&resize=350%2C200","width":350,"height":200},"classes":[]}],"jetpack_sharing_enabled":true,"_links":{"self":[{"href":"https:\/\/estrategica.com.co\/blog\/wp-json\/wp\/v2\/posts\/190","targetHints":{"allow":["GET"]}}],"collection":[{"href":"https:\/\/estrategica.com.co\/blog\/wp-json\/wp\/v2\/posts"}],"about":[{"href":"https:\/\/estrategica.com.co\/blog\/wp-json\/wp\/v2\/types\/post"}],"author":[{"embeddable":true,"href":"https:\/\/estrategica.com.co\/blog\/wp-json\/wp\/v2\/users\/2"}],"replies":[{"embeddable":true,"href":"https:\/\/estrategica.com.co\/blog\/wp-json\/wp\/v2\/comments?post=190"}],"version-history":[{"count":5,"href":"https:\/\/estrategica.com.co\/blog\/wp-json\/wp\/v2\/posts\/190\/revisions"}],"predecessor-version":[{"id":4039,"href":"https:\/\/estrategica.com.co\/blog\/wp-json\/wp\/v2\/posts\/190\/revisions\/4039"}],"wp:featuredmedia":[{"embeddable":true,"href":"https:\/\/estrategica.com.co\/blog\/wp-json\/wp\/v2\/media\/59159"}],"wp:attachment":[{"href":"https:\/\/estrategica.com.co\/blog\/wp-json\/wp\/v2\/media?parent=190"}],"wp:term":[{"taxonomy":"category","embeddable":true,"href":"https:\/\/estrategica.com.co\/blog\/wp-json\/wp\/v2\/categories?post=190"},{"taxonomy":"post_tag","embeddable":true,"href":"https:\/\/estrategica.com.co\/blog\/wp-json\/wp\/v2\/tags?post=190"}],"curies":[{"name":"wp","href":"https:\/\/api.w.org\/{rel}","templated":true}]}}