{"id":19888,"date":"2010-05-31T19:19:36","date_gmt":"2010-05-31T19:19:36","guid":{"rendered":"http:\/\/estrategica.com.co\/blog\/?p=19888"},"modified":"2014-09-25T12:01:30","modified_gmt":"2014-09-25T17:01:30","slug":"mil-millones-por-mil-millones-programa-mundial-de-alimentos","status":"publish","type":"post","link":"https:\/\/estrategica.com.co\/blog\/mil-millones-por-mil-millones-programa-mundial-de-alimentos\/","title":{"rendered":"Mil Millones por Mil Millones &#8211; Programa Mundial de Alimentos"},"content":{"rendered":"<p> <script type='text\/javascript' src='https:\/\/estrategica.com.co\/blog\/wp-content\/plugins\/hana-flv-player\/flowplayer3\/example\/flowplayer-3.2.6.min.js'><\/script>\n<div >\n<div id='hana_flv_flow3_1' style='display:block;width:550px;height:413px;background-color:#555555;color:#ffffff;padding:0' title=\"*Video:mil millones por mil millones - programa mundial de alimentos\"><\/div>\n<\/div>\n\n<script  type='text\/javascript'>\nif (typeof g_hanaFlash !== 'undefined' && !g_hanaFlash){\n    jQuery('#hana_flv_flow3_1').css( 'padding', '5px' );\n\tjQuery('#hana_flv_flow3_1').html(\"<span class='inactive_message' style='display:block'>Sorry, your browser does not support Flash Video Player<\/span> *Video:mil millones por mil millones - programa mundial de alimentos\");\n}else{\t\t\t\n\t\tflowplayer('hana_flv_flow3_1', { src: 'https:\/\/estrategica.com.co\/blog\/wp-content\/plugins\/hana-flv-player\/flowplayer3\/flowplayer-3.2.7.swf', wmode: 'transparent' }, { \n\n\t\t\tcanvas: { backgroundColor: '#000000', backgroundGradient: 'none',},\n    \t\tclip:  { \n    \t\t\turl: '\/blog\/wp-content\/uploads\/2009\/01\/Videos2010\/A_Billion_for_a_Billion.flv',\n        \t\tscaling: 'fit', autoPlay: false, autoBuffering: true \n\t\t\t\t   , onFinish : function () { this.seek(0); }  \n\n\t        }\n\n\t\t});\n}\n<\/script><br \/>\n<\/br><\/p>\n<p>[icon color=\u00bbAccent-Color\u00bb size=\u00bbregular\u00bb image=\u00bbsteadysets-icon-chat\u00bb] <strong>Contexto<\/strong><\/br><\/br><\/p>\n<p style=\"text-align: justify;\">Spot del Programa Mundial de Alimentos con el cual pretenden cuantificar y dimensionar la realidad del hambre en el mundo. La estrategia denominada \u201cMil Millones por Mil Millones\u201d busca comparar la realidad del hambre con otras cifras como los mails enviados, las entradas a youtube, las entradas a Facebook o el uso de Twitter. El objetivo es lograr que mil millones de personas que esta online participen y donen 25 centavos para trabajar por la soluci\u00f3n de esta problem\u00e1tica. Es interesante la iniciativa dirigida a comunidades virtuales persuadiendo la militancia humanitaria.<\/p><\/p>\n","protected":false},"excerpt":{"rendered":"<p>*Video: mil millones por mil millones &#8211; programa mundial de alimentos [icon color=\u00bbAccent-Color\u00bb size=\u00bbregular\u00bb image=\u00bbsteadysets-icon-chat\u00bb] Contexto Spot del Programa Mundial de Alimentos con el cual pretenden cuantificar y dimensionar la realidad del hambre en el mundo. La estrategia denominada \u201cMil Millones por Mil Millones\u201d busca comparar la realidad del hambre con otras cifras como los [&hellip;]<\/p>\n","protected":false},"author":5,"featured_media":19889,"comment_status":"open","ping_status":"open","sticky":false,"template":"","format":"standard","meta":{"_et_pb_use_builder":"","_et_pb_old_content":"","_et_gb_content_width":"","advanced_seo_description":"","jetpack_seo_html_title":"","jetpack_seo_noindex":false,"footnotes":""},"categories":[322,263,27,64,10,35,11,3],"tags":[551,702],"class_list":["post-19888","post","type-post","status-publish","format-standard","has-post-thumbnail","hentry","category-322","category-ano","category-divulgacion-politica","category-estados-unidos","category-geo","category-mensaje-politico","category-temas","category-video","tag-derecho-al-alimento","tag-programa-mundial-de-alimentos"],"jetpack_featured_media_url":"https:\/\/i0.wp.com\/estrategica.com.co\/blog\/wp-content\/uploads\/2010\/01\/A_Billion_for_a_Billion_thumb.png?fit=491%2C357&ssl=1","jetpack_shortlink":"https:\/\/wp.me\/p4wgsh-5aM","jetpack-related-posts":[{"id":24771,"url":"https:\/\/estrategica.com.co\/blog\/desesperados-why-hunger\/","url_meta":{"origin":19888,"position":0},"title":"Desesperados &#8211; Why Hunger","author":"Juliana","date":"agosto 19, 2010","format":false,"excerpt":"[hana-flv-player video=\"\/blog\/wp-content\/uploads\/2009\/01\/20100708\/WhyHungerquotDesperatequot.flv\" width=\"550\" height=\"\" description=\"Desesperados - Why Hunger\" clickurl=\"\" clicktarget=\"\" player=\"4\" autoplay=\"false\" loop=\"false\" autorewind=\"true\" splashimage=\"\" skin=\"\" \/] [icon color=\"Accent-Color\" size=\"regular\" image=\"steadysets-icon-chat\"] Contexto Spot de la fundaci\u00f3n Why Hunger, en la que posiciona en forma dram\u00e1tica la problem\u00e1tica del hambre al interior de los Estados Unidos de America. El mensaje es\u2026","rel":"","context":"En \u00ab2009\u00bb","block_context":{"text":"2009","link":"https:\/\/estrategica.com.co\/blog\/category\/ano\/2009\/"},"img":{"alt_text":"","src":"https:\/\/i0.wp.com\/estrategica.com.co\/blog\/wp-content\/uploads\/2010\/07\/WhyHungerquotDesperatequot_thumb.png?fit=448%2C351&ssl=1&resize=350%2C200","width":350,"height":200},"classes":[]},{"id":8043,"url":"https:\/\/estrategica.com.co\/blog\/sin-miedo-contra-la-corriente-en-chile-nadie-pesca\/","url_meta":{"origin":19888,"position":1},"title":"SIN MIEDO Contra la Corriente &#8211; En Chile Nadie Pesca","author":"estrategica.com","date":"marzo 24, 2009","format":false,"excerpt":"Campa\u00f1a de Oxfam y la fundaci\u00f3n Terram que busca informar y sensibilizar a nivel nacional sobre el impacto en materia laboral y ambiental de la salmonicultura. Chile es uno de los principales productores a nivel mundial de con ventas de m\u00e1s de dos mil doscientos millones de d\u00f3lares. Sin embargo,\u2026","rel":"","context":"En \u00ab2008\u00bb","block_context":{"text":"2008","link":"https:\/\/estrategica.com.co\/blog\/category\/ano\/2008\/"},"img":{"alt_text":"","src":"https:\/\/i0.wp.com\/estrategica.com.co\/blog\/wp-content\/uploads\/2009\/03\/2122775785_cec6ab9bb6_b.jpg?fit=1024%2C682&ssl=1&resize=350%2C200","width":350,"height":200},"classes":[]},{"id":24592,"url":"https:\/\/estrategica.com.co\/blog\/muneca-de-trapo-trocaire\/","url_meta":{"origin":19888,"position":2},"title":"Mu\u00f1eca de Trapo &#8211; TROCAIRE","author":"Juliana","date":"agosto 23, 2010","format":false,"excerpt":"[hana-flv-player video=\"\/blog\/wp-content\/uploads\/2009\/01\/20100708\/TrocairTeaParty.flv\" width=\"550\" height=\"\" description=\"Mu\u00f1eca de Trapo - TROCAIRE\" clickurl=\"\" clicktarget=\"\" player=\"4\" autoplay=\"false\" loop=\"false\" autorewind=\"true\" splashimage=\"\" skin=\"\" \/] [icon color=\"Accent-Color\" size=\"regular\" image=\"steadysets-icon-chat\"] Contexto Spot de la fundaci\u00f3n irlandesa TROCAIRE, en 2010, para propiciar ayuda en programas de lucha contra el hambre. La pieza, desarrollada por la Agencia Chemistry de Dubl\u00edn,\u2026","rel":"","context":"En \u00ab2010\u00bb","block_context":{"text":"2010","link":"https:\/\/estrategica.com.co\/blog\/category\/ano\/2010\/"},"img":{"alt_text":"","src":"https:\/\/i0.wp.com\/estrategica.com.co\/blog\/wp-content\/uploads\/2010\/07\/TrocairTeaParty_thumb.png?fit=589%2C401&ssl=1&resize=350%2C200","width":350,"height":200},"classes":[]},{"id":14296,"url":"https:\/\/estrategica.com.co\/blog\/derecho-al-alimento-y-la-vivienda-jovenes-por-los-derechos-humanos-internacional\/","url_meta":{"origin":19888,"position":3},"title":"Derecho al Alimento y la Vivienda &#8211; J\u00f3venes por los Derechos Humanos Internacional","author":"estrategica.com","date":"mayo 24, 2009","format":false,"excerpt":"[hana-flv-player video=\"\/blog\/wp-content\/uploads\/2009\/01\/videos_ultimos\/av104.flv\" width=\"550\" height=\"\" description=\"Derecho al Alimento y la Vivienda - J\u00f3venes por los Derechos Humanos Internacional\" clickurl=\"\" clicktarget=\"\" player=\"4\" autoplay=\"false\" loop=\"false\" autorewind=\"true\" splashimage=\"\" skin=\"\" \/] [icon color=\"Accent-Color\" size=\"regular\" image=\"steadysets-icon-chat\"] Contexto Spot de la campa\u00f1a impulsada por los J\u00f3venes por los Derechos Humanos Internacional (Youth for Human Rights International). El\u2026","rel":"","context":"En \u00ab2007\u00bb","block_context":{"text":"2007","link":"https:\/\/estrategica.com.co\/blog\/category\/ano\/2007\/"},"img":{"alt_text":"","src":"https:\/\/i0.wp.com\/estrategica.com.co\/blog\/wp-content\/uploads\/2009\/05\/av104_thumb.png?fit=408%2C320&ssl=1&resize=350%2C200","width":350,"height":200},"classes":[]},{"id":8363,"url":"https:\/\/estrategica.com.co\/blog\/saben-mucho-mas-mucho-mejor-cavallo-y-beliz\/","url_meta":{"origin":19888,"position":4},"title":"Saben mucho m\u00e1s, mucho mejor &#8211; Cavallo y Beliz","author":"Juliana","date":"marzo 28, 2009","format":false,"excerpt":"[hana-flv-player video=\"\/blog\/wp-content\/uploads\/2009\/01\/videos_varios_f\/Viejas_campa_politicas_Cavallo_Beliz.flv\" width=\"550\" height=\"\" description=\"Saben mucho m\u00e1s, mucho mejor - Cavallo y Beliz\" clickurl=\"\" clicktarget=\"\" player=\"4\" autoplay=\"false\" loop=\"false\" autorewind=\"true\" splashimage=\"\" skin=\"\" \/] [icon color=\"Accent-Color\" size=\"regular\" image=\"steadysets-icon-chat\"] Contexto Spot de la campa\u00f1a de Domingo Cavallo y Gustavo Beliz para las elecciones porte\u00f1as. El ex titular de Econom\u00eda, Cavallo, encabezar\u00e1 la lista\u2026","rel":"","context":"En \u00abArgentina\u00bb","block_context":{"text":"Argentina","link":"https:\/\/estrategica.com.co\/blog\/category\/geo\/america\/argentina\/"},"img":{"alt_text":"","src":"https:\/\/i0.wp.com\/estrategica.com.co\/blog\/wp-content\/uploads\/2009\/03\/viejas_campa_politicas_cavallo_beliz_thumb.png?fit=314%2C240&ssl=1&resize=350%2C200","width":350,"height":200},"classes":[]},{"id":15325,"url":"https:\/\/estrategica.com.co\/blog\/crisis-economica-mundial-calderon\/","url_meta":{"origin":19888,"position":5},"title":"Crisis Econ\u00f3mica Mundial &#8211; Calder\u00f3n","author":"Juliana","date":"junio 6, 2010","format":false,"excerpt":"[hana-flv-player video=\"\/blog\/wp-content\/uploads\/2009\/01\/videos_ultimos\/av207.flv\" width=\"550\" height=\"\" description=\"Crisis Econ\u00f3mica Mundial - Calder\u00f3n\" clickurl=\"\" clicktarget=\"\" player=\"4\" autoplay=\"false\" loop=\"false\" autorewind=\"true\" splashimage=\"\" skin=\"\" \/] [icon color=\"Accent-Color\" size=\"regular\" image=\"steadysets-icon-chat\"] Contexto Spot del Gobierno de Felipe Calder\u00f3n con el cual intenta posicionar sus logros y programas de cara al cumplimiento de los primeros dos a\u00f1os de gobierno. La\u2026","rel":"","context":"En \u00abComunicaci\u00f3n Gobierno\u00bb","block_context":{"text":"Comunicaci\u00f3n Gobierno","link":"https:\/\/estrategica.com.co\/blog\/category\/temas\/comunicacion-gobierno\/"},"img":{"alt_text":"","src":"https:\/\/i0.wp.com\/estrategica.com.co\/blog\/wp-content\/uploads\/2009\/05\/av207_thumb.png?fit=433%2C353&ssl=1&resize=350%2C200","width":350,"height":200},"classes":[]}],"jetpack_sharing_enabled":true,"_links":{"self":[{"href":"https:\/\/estrategica.com.co\/blog\/wp-json\/wp\/v2\/posts\/19888","targetHints":{"allow":["GET"]}}],"collection":[{"href":"https:\/\/estrategica.com.co\/blog\/wp-json\/wp\/v2\/posts"}],"about":[{"href":"https:\/\/estrategica.com.co\/blog\/wp-json\/wp\/v2\/types\/post"}],"author":[{"embeddable":true,"href":"https:\/\/estrategica.com.co\/blog\/wp-json\/wp\/v2\/users\/5"}],"replies":[{"embeddable":true,"href":"https:\/\/estrategica.com.co\/blog\/wp-json\/wp\/v2\/comments?post=19888"}],"version-history":[{"count":6,"href":"https:\/\/estrategica.com.co\/blog\/wp-json\/wp\/v2\/posts\/19888\/revisions"}],"predecessor-version":[{"id":60782,"href":"https:\/\/estrategica.com.co\/blog\/wp-json\/wp\/v2\/posts\/19888\/revisions\/60782"}],"wp:featuredmedia":[{"embeddable":true,"href":"https:\/\/estrategica.com.co\/blog\/wp-json\/wp\/v2\/media\/19889"}],"wp:attachment":[{"href":"https:\/\/estrategica.com.co\/blog\/wp-json\/wp\/v2\/media?parent=19888"}],"wp:term":[{"taxonomy":"category","embeddable":true,"href":"https:\/\/estrategica.com.co\/blog\/wp-json\/wp\/v2\/categories?post=19888"},{"taxonomy":"post_tag","embeddable":true,"href":"https:\/\/estrategica.com.co\/blog\/wp-json\/wp\/v2\/tags?post=19888"}],"curies":[{"name":"wp","href":"https:\/\/api.w.org\/{rel}","templated":true}]}}