{"id":19896,"date":"2010-01-16T23:21:47","date_gmt":"2010-01-16T23:21:47","guid":{"rendered":"http:\/\/estrategica.com.co\/blog\/?p=19896"},"modified":"2016-05-10T02:17:40","modified_gmt":"2016-05-10T07:17:40","slug":"desposeidos-acnur","status":"publish","type":"post","link":"https:\/\/estrategica.com.co\/blog\/desposeidos-acnur\/","title":{"rendered":"Desposeidos &#8211; ACNUR"},"content":{"rendered":"<p><script type='text\/javascript' src='https:\/\/estrategica.com.co\/blog\/wp-content\/plugins\/hana-flv-player\/flowplayer3\/example\/flowplayer-3.2.6.min.js'><\/script>\n<div >\n<div id='hana_flv_flow3_1' style='display:block;width:550px;height:413px;background-color:#555555;color:#ffffff;padding:0' title=\"*Video:desposeidos - acnur\"><\/div>\n<\/div>\n\n<script  type='text\/javascript'>\nif (typeof g_hanaFlash !== 'undefined' && !g_hanaFlash){\n    jQuery('#hana_flv_flow3_1').css( 'padding', '5px' );\n\tjQuery('#hana_flv_flow3_1').html(\"<span class='inactive_message' style='display:block'>Sorry, your browser does not support Flash Video Player<\/span> *Video:desposeidos - acnur\");\n}else{\t\t\t\n\t\tflowplayer('hana_flv_flow3_1', { src: 'https:\/\/estrategica.com.co\/blog\/wp-content\/plugins\/hana-flv-player\/flowplayer3\/flowplayer-3.2.7.swf', wmode: 'transparent' }, { \n\n\t\t\tcanvas: { backgroundColor: '#000000', backgroundGradient: 'none',},\n    \t\tclip:  { \n    \t\t\turl: '\/blog\/wp-content\/uploads\/2009\/01\/Videos2010\/ACNURDESPOSEIDOS.flv',\n        \t\tscaling: 'fit', autoPlay: false, autoBuffering: true \n\t\t\t\t   , onFinish : function () { this.seek(0); }  \n\n\t        }\n\n\t\t});\n}\n<\/script><\/p>\n<p>[icon color=\u00bbAccent-Color\u00bb size=\u00bbregular\u00bb image=\u00bbsteadysets-icon-chat\u00bb] <strong>Contexto<\/strong><\/p>\n<p style=\"text-align: justify;\">Spot del Alto Comisionado de Naciones Unidas para los <a href=\"http:\/\/iplhairremovalmachine.publicoton.fr\/3-large-summer-women-exfoliating-mistakes-757300\">Refugiados,<\/a> ACNUR, para posicionar la oficina en Venezuela. La pieza fue producida en 2007 y logra trasmitir a trav\u00e9s de sus recursos y est\u00e9tica un sentido de despojo, desarraigo y vulnerabilidad muy persuasivo y con capacidad de generar recordaci\u00f3n en el espectador.<\/p>\n","protected":false},"excerpt":{"rendered":"<p>*Video: desposeidos &#8211; acnur [icon color=\u00bbAccent-Color\u00bb size=\u00bbregular\u00bb image=\u00bbsteadysets-icon-chat\u00bb] Contexto Spot del Alto Comisionado de Naciones Unidas para los Refugiados, ACNUR, para posicionar la oficina en Venezuela. La pieza fue producida en 2007 y logra trasmitir a trav\u00e9s de sus recursos y est\u00e9tica un sentido de despojo, desarraigo y vulnerabilidad muy persuasivo y con capacidad de [&hellip;]<\/p>\n","protected":false},"author":5,"featured_media":19897,"comment_status":"open","ping_status":"open","sticky":false,"template":"","format":"standard","meta":{"_et_pb_use_builder":"","_et_pb_old_content":"","_et_gb_content_width":"","advanced_seo_description":"","jetpack_seo_html_title":"","jetpack_seo_noindex":false,"footnotes":""},"categories":[269,263,27,10,35,11,61,3],"tags":[679,681,680],"class_list":["post-19896","post","type-post","status-publish","format-standard","has-post-thumbnail","hentry","category-269","category-ano","category-divulgacion-politica","category-geo","category-mensaje-politico","category-temas","category-venezuela","category-video","tag-acnur","tag-desplazados","tag-refugiados"],"jetpack_featured_media_url":"https:\/\/i0.wp.com\/estrategica.com.co\/blog\/wp-content\/uploads\/2010\/01\/ACNUR-DESPOSEIDOS_thumb.png?fit=501%2C383&ssl=1","jetpack_shortlink":"https:\/\/wp.me\/p4wgsh-5aU","jetpack-related-posts":[{"id":20342,"url":"https:\/\/estrategica.com.co\/blog\/la-huida-acnur\/","url_meta":{"origin":19896,"position":0},"title":"La Huida &#8211; ACNUR","author":"Juliana","date":"enero 17, 2010","format":false,"excerpt":"[hana-flv-player video=\"\/blog\/wp-content\/uploads\/2009\/01\/videos20102\/LaHuida.flv\" width=\"550\" height=\"\" description=\"La Huida - ACNUR\" clickurl=\"\" clicktarget=\"\" player=\"4\" autoplay=\"false\" loop=\"false\" autorewind=\"true\" splashimage=\"\" skin=\"\" \/] [icon color=\"Accent-Color\" size=\"regular\" image=\"steadysets-icon-chat\"] Contexto Spot para la oficina del Alto Comisionado de Naciones Unidas para los Refugiados, ACNUR, en Venezuela durante el a\u00f1o 2007, con el fin de sensibilizar el objeto de\u2026","rel":"","context":"En \u00ab2007\u00bb","block_context":{"text":"2007","link":"https:\/\/estrategica.com.co\/blog\/category\/ano\/2007\/"},"img":{"alt_text":"","src":"https:\/\/i0.wp.com\/estrategica.com.co\/blog\/wp-content\/uploads\/2010\/01\/La-Huida_thumb.png?fit=497%2C386&ssl=1&resize=350%2C200","width":350,"height":200},"classes":[]},{"id":19904,"url":"https:\/\/estrategica.com.co\/blog\/refugiados-caracol-acnur\/","url_meta":{"origin":19896,"position":1},"title":"Refugiados &#8211; Caracol &#8211; ACNUR","author":"Juliana","date":"enero 16, 2010","format":false,"excerpt":"[hana-flv-player video=\"\/blog\/wp-content\/uploads\/2009\/01\/Videos2010\/ACNURRefugiados.flv\" width=\"550\" height=\"\" description=\"Refugiados - Caracol - ACNUR\" clickurl=\"\" clicktarget=\"\" player=\"4\" autoplay=\"false\" loop=\"false\" autorewind=\"true\" splashimage=\"\" skin=\"\" \/] [icon color=\"Accent-Color\" size=\"regular\" image=\"steadysets-icon-chat\"] Contexto Spot de la agencia BBDO para la oficina del Alto Comisionado de Naciones Unidas para los Refugiados, ACNUR, en la ciudad de M\u00e9xico durante el a\u00f1o 2007.\u2026","rel":"","context":"En \u00ab2007\u00bb","block_context":{"text":"2007","link":"https:\/\/estrategica.com.co\/blog\/category\/ano\/2007\/"},"img":{"alt_text":"","src":"https:\/\/i0.wp.com\/estrategica.com.co\/blog\/wp-content\/uploads\/2010\/01\/ACNUR-Refugiados_thumb.png?fit=459%2C401&ssl=1&resize=350%2C200","width":350,"height":200},"classes":[]},{"id":20570,"url":"https:\/\/estrategica.com.co\/blog\/todos-los-dias-acnur\/","url_meta":{"origin":19896,"position":2},"title":"Todos los D\u00edas &#8211; ACNUR","author":"Juliana","date":"abril 29, 2010","format":false,"excerpt":"[hana-flv-player video=\"\/blog\/wp-content\/uploads\/2009\/01\/videos20102\/Todoslosdas.flv\" width=\"550\" height=\"\" description=\"Todos los D\u00edas - ACNUR\" clickurl=\"\" clicktarget=\"\" player=\"4\" autoplay=\"false\" loop=\"false\" autorewind=\"true\" splashimage=\"\" skin=\"\" \/] [icon color=\"Accent-Color\" size=\"regular\" image=\"steadysets-icon-chat\"] Contexto Spot de ACNUR en Colombia en el a\u00f1o 2007 para evidenciar la realidad que padecen los desplazados y los refugiados. El mensaje es que todos los d\u00edas\u2026","rel":"","context":"En \u00ab2007\u00bb","block_context":{"text":"2007","link":"https:\/\/estrategica.com.co\/blog\/category\/ano\/2007\/"},"img":{"alt_text":"","src":"https:\/\/i0.wp.com\/estrategica.com.co\/blog\/wp-content\/uploads\/2010\/01\/Todos-los-das_thumb.png?fit=356%2C285&ssl=1&resize=350%2C200","width":350,"height":200},"classes":[]},{"id":19900,"url":"https:\/\/estrategica.com.co\/blog\/acnur-familia\/","url_meta":{"origin":19896,"position":3},"title":"Familia &#8211; Cuento de Ni\u00f1os &#8211; ACNUR","author":"Juliana","date":"enero 17, 2010","format":false,"excerpt":"[hana-flv-player video=\"\/blog\/wp-content\/uploads\/2009\/01\/Videos2010\/AcnurFamilia.flv\" width=\"550\" height=\"\" description=\"Familia - Cuento de Ni\u00f1os - ACNUR\" clickurl=\"\" clicktarget=\"\" player=\"4\" autoplay=\"false\" loop=\"false\" autorewind=\"true\" splashimage=\"\" skin=\"\" \/] [icon color=\"Accent-Color\" size=\"regular\" image=\"steadysets-icon-chat\"] Contexto Spot para la oficina del Alto Comisionado de Naciones Unidas para los Refugiados, ACNUR, en Argentina durante el a\u00f1o 2007. La pieza marca, con su\u2026","rel":"","context":"En \u00ab2007\u00bb","block_context":{"text":"2007","link":"https:\/\/estrategica.com.co\/blog\/category\/ano\/2007\/"},"img":{"alt_text":"","src":"https:\/\/i0.wp.com\/estrategica.com.co\/blog\/wp-content\/uploads\/2010\/01\/Acnur-Familia_thumb.png?fit=411%2C323&ssl=1&resize=350%2C200","width":350,"height":200},"classes":[]},{"id":20485,"url":"https:\/\/estrategica.com.co\/blog\/celebridades-y-cifras-acnur\/","url_meta":{"origin":19896,"position":4},"title":"Celebridades y Cifras &#8211; ACNUR","author":"Juliana","date":"abril 29, 2010","format":false,"excerpt":"[hana-flv-player video=\"\/blog\/wp-content\/uploads\/2009\/01\/videos20102\/SpotACNURArgentinaCampaaCifras.flv\" width=\"550\" height=\"\" description=\"Celebridades y Cifras - ACNUR\" clickurl=\"\" clicktarget=\"\" player=\"4\" autoplay=\"false\" loop=\"false\" autorewind=\"true\" splashimage=\"\" skin=\"\" \/] [icon color=\"Accent-Color\" size=\"regular\" image=\"steadysets-icon-chat\"] Contexto Spot realizado por la oficina del ACNUR en Argentina en el a\u00f1o 2008. En las pieza celebridades locales y refugiados posicionan algunas cifras que dimensionan el fen\u00f3meno\u2026","rel":"","context":"En \u00ab2008\u00bb","block_context":{"text":"2008","link":"https:\/\/estrategica.com.co\/blog\/category\/ano\/2008\/"},"img":{"alt_text":"","src":"https:\/\/i0.wp.com\/estrategica.com.co\/blog\/wp-content\/uploads\/2010\/01\/Spot-ACNUR-Argentina-Campaa-Cifras_thumb.png?fit=443%2C387&ssl=1&resize=350%2C200","width":350,"height":200},"classes":[]},{"id":20018,"url":"https:\/\/estrategica.com.co\/blog\/corre-por-la-vida-acnur\/","url_meta":{"origin":19896,"position":5},"title":"Corre por la Vida &#8211; ACNUR","author":"Juliana","date":"enero 17, 2010","format":false,"excerpt":"[hana-flv-player video=\"\/blog\/wp-content\/uploads\/2009\/01\/Videos2010\/CorreporlaVida.flv\" width=\"550\" height=\"\" description=\"Corre por la Vida - ACNUR\" clickurl=\"\" clicktarget=\"\" player=\"4\" autoplay=\"false\" loop=\"false\" autorewind=\"true\" splashimage=\"\" skin=\"\" \/] [icon color=\"Accent-Color\" size=\"regular\" image=\"steadysets-icon-chat\"] Contexto Spot para la oficina del Alto Comisionado de Beauty Machine \u00a0Naciones Unidas para los Refugiados, ACNUR, en Colombia durante el a\u00f1o 2008. El instrumentos pretende ser\u2026","rel":"","context":"En \u00ab2008\u00bb","block_context":{"text":"2008","link":"https:\/\/estrategica.com.co\/blog\/category\/ano\/2008\/"},"img":{"alt_text":"","src":"https:\/\/i0.wp.com\/estrategica.com.co\/blog\/wp-content\/uploads\/2010\/01\/Corre-por-la-Vida_thumb.png?fit=403%2C285&ssl=1&resize=350%2C200","width":350,"height":200},"classes":[]}],"jetpack_sharing_enabled":true,"_links":{"self":[{"href":"https:\/\/estrategica.com.co\/blog\/wp-json\/wp\/v2\/posts\/19896","targetHints":{"allow":["GET"]}}],"collection":[{"href":"https:\/\/estrategica.com.co\/blog\/wp-json\/wp\/v2\/posts"}],"about":[{"href":"https:\/\/estrategica.com.co\/blog\/wp-json\/wp\/v2\/types\/post"}],"author":[{"embeddable":true,"href":"https:\/\/estrategica.com.co\/blog\/wp-json\/wp\/v2\/users\/5"}],"replies":[{"embeddable":true,"href":"https:\/\/estrategica.com.co\/blog\/wp-json\/wp\/v2\/comments?post=19896"}],"version-history":[{"count":8,"href":"https:\/\/estrategica.com.co\/blog\/wp-json\/wp\/v2\/posts\/19896\/revisions"}],"predecessor-version":[{"id":59472,"href":"https:\/\/estrategica.com.co\/blog\/wp-json\/wp\/v2\/posts\/19896\/revisions\/59472"}],"wp:featuredmedia":[{"embeddable":true,"href":"https:\/\/estrategica.com.co\/blog\/wp-json\/wp\/v2\/media\/19897"}],"wp:attachment":[{"href":"https:\/\/estrategica.com.co\/blog\/wp-json\/wp\/v2\/media?parent=19896"}],"wp:term":[{"taxonomy":"category","embeddable":true,"href":"https:\/\/estrategica.com.co\/blog\/wp-json\/wp\/v2\/categories?post=19896"},{"taxonomy":"post_tag","embeddable":true,"href":"https:\/\/estrategica.com.co\/blog\/wp-json\/wp\/v2\/tags?post=19896"}],"curies":[{"name":"wp","href":"https:\/\/api.w.org\/{rel}","templated":true}]}}