{"id":2022,"date":"2009-01-21T02:14:58","date_gmt":"2009-01-21T02:14:58","guid":{"rendered":"http:\/\/estrategica.com.co\/blog\/?p=2022"},"modified":"2009-01-21T14:27:12","modified_gmt":"2009-01-21T14:27:12","slug":"matar-un-arbol-es-asesinato-tambien","status":"publish","type":"post","link":"https:\/\/estrategica.com.co\/blog\/matar-un-arbol-es-asesinato-tambien\/","title":{"rendered":"Matar un \u00e1rbol es asesinato tambi\u00e9n"},"content":{"rendered":"<p><img loading=\"lazy\" decoding=\"async\" data-attachment-id=\"2021\" data-permalink=\"https:\/\/estrategica.com.co\/blog\/matar-un-arbol-es-asesinato-tambien\/wwf-tree2\/\" data-orig-file=\"https:\/\/i0.wp.com\/estrategica.com.co\/blog\/wp-content\/uploads\/2009\/01\/wwf-tree2.jpg?fit=750%2C460&amp;ssl=1\" data-orig-size=\"750,460\" data-comments-opened=\"1\" data-image-meta=\"{&quot;aperture&quot;:&quot;0&quot;,&quot;credit&quot;:&quot;&quot;,&quot;camera&quot;:&quot;&quot;,&quot;caption&quot;:&quot;&quot;,&quot;created_timestamp&quot;:&quot;0&quot;,&quot;copyright&quot;:&quot;&quot;,&quot;focal_length&quot;:&quot;0&quot;,&quot;iso&quot;:&quot;0&quot;,&quot;shutter_speed&quot;:&quot;0&quot;,&quot;title&quot;:&quot;&quot;}\" data-image-title=\"wwf-tree2\" data-image-description=\"\" data-image-caption=\"\" data-medium-file=\"https:\/\/i0.wp.com\/estrategica.com.co\/blog\/wp-content\/uploads\/2009\/01\/wwf-tree2.jpg?fit=300%2C184&amp;ssl=1\" data-large-file=\"https:\/\/i0.wp.com\/estrategica.com.co\/blog\/wp-content\/uploads\/2009\/01\/wwf-tree2.jpg?fit=750%2C460&amp;ssl=1\" class=\"alignnone size-full wp-image-2021\" title=\"wwf-tree2\" src=\"https:\/\/i0.wp.com\/estrategica.com.co\/blog\/wp-content\/uploads\/2009\/01\/wwf-tree2.jpg?resize=480%2C294\" alt=\"wwf-tree2\" width=\"480\" height=\"294\" srcset=\"https:\/\/i0.wp.com\/estrategica.com.co\/blog\/wp-content\/uploads\/2009\/01\/wwf-tree2.jpg?w=750&amp;ssl=1 750w, https:\/\/i0.wp.com\/estrategica.com.co\/blog\/wp-content\/uploads\/2009\/01\/wwf-tree2.jpg?resize=300%2C184&amp;ssl=1 300w\" sizes=\"(max-width: 480px) 100vw, 480px\" data-recalc-dims=\"1\" \/><\/p>\n<p class=\"MsoNormal\" style=\"margin: 0cm 0cm 0pt; text-align: justify;\"><span style=\"font-size: small; font-family: Times New Roman;\">Campa\u00f1a de la WWF realizada por la agencia DAVID de la India. La estrategia es la de relacionar la existencia de los \u00e1rboles con otras formas de vida como la humana. Es decir, que el bienestar humano esta relacionado con el bienestar de los bosques. La imagen muestra un \u00e1rbol cortado de cuyo tronco se infiere un torso humano decapitado. El texto dice: \u201cMatar un \u00e1rbol es asesinato tambi\u00e9n\u201d. Una campa\u00f1a que genera recordaci\u00f3n por su crudeza. <\/span><\/p>\n<p class=\"MsoNormal\" style=\"margin: 0cm 0cm 0pt; text-align: justify;\">\u00a0<\/p>\n","protected":false},"excerpt":{"rendered":"<p>Campa\u00f1a de la WWF realizada por la agencia DAVID de la India. La estrategia es la de relacionar la existencia de los \u00e1rboles con otras formas de vida como la humana. Es decir, que el bienestar humano esta relacionado con el bienestar de los bosques. La imagen muestra un \u00e1rbol cortado de cuyo tronco se [&hellip;]<\/p>\n","protected":false},"author":4,"featured_media":2021,"comment_status":"open","ping_status":"open","sticky":false,"template":"","format":"standard","meta":{"_et_pb_use_builder":"","_et_pb_old_content":"","_et_gb_content_width":"","advanced_seo_description":"","jetpack_seo_html_title":"","jetpack_seo_noindex":false,"footnotes":""},"categories":[5,27,10,45,164,11],"tags":[147,158],"class_list":["post-2022","post","type-post","status-publish","format-standard","has-post-thumbnail","hentry","category-afiches","category-divulgacion-politica","category-geo","category-ilustracion","category-india","category-temas","tag-medio-ambiente","tag-wwf"],"jetpack_featured_media_url":"https:\/\/i0.wp.com\/estrategica.com.co\/blog\/wp-content\/uploads\/2009\/01\/wwf-tree2.jpg?fit=750%2C460&ssl=1","jetpack_shortlink":"https:\/\/wp.me\/p4wgsh-wC","jetpack-related-posts":[{"id":1378,"url":"https:\/\/estrategica.com.co\/blog\/el-futuro-es-obra-humana-2\/","url_meta":{"origin":2022,"position":0},"title":"El futuro es obra humana","author":"estrategica.com","date":"enero 18, 2009","format":false,"excerpt":"Campa\u00f1a de la WWF realizada por la agencia Leo Burnett de Sydney, Australia. La campa\u00f1a trata de crear consciencia sobre la destrucci\u00f3n de los entornos naturales como consecuencia del cambio clim\u00e1tico. El instrumento visual que utiliza es el de mostrar como la naturaleza del futuro puede ser simple escenografita hecha\u2026","rel":"","context":"En \u00abAFICHES\u00bb","block_context":{"text":"AFICHES","link":"https:\/\/estrategica.com.co\/blog\/category\/afiches\/"},"img":{"alt_text":"","src":"https:\/\/i0.wp.com\/estrategica.com.co\/blog\/wp-content\/uploads\/2009\/01\/wwf-f3_25.jpg?fit=450%2C302&ssl=1&resize=350%2C200","width":350,"height":200},"classes":[]},{"id":1131,"url":"https:\/\/estrategica.com.co\/blog\/bosques-para-la-vida\/","url_meta":{"origin":2022,"position":1},"title":"Bosques para la Vida","author":"estrategica.com","date":"enero 15, 2009","format":false,"excerpt":"Campa\u00f1a de la WWF realizado por Ogilvy & Mather, de Bangkok, Tailandia. En la grafica aparece una imagen en donde las especies se conjugan en un mismo drama. Ya no hay corteza sino piel, ya no hay entra\u00f1as sino madera. La idea es mostrar la deforestaci\u00f3n no s\u00f3lo mata \u00e1rboles\u2026","rel":"","context":"En \u00abAFICHES\u00bb","block_context":{"text":"AFICHES","link":"https:\/\/estrategica.com.co\/blog\/category\/afiches\/"},"img":{"alt_text":"","src":"https:\/\/i0.wp.com\/estrategica.com.co\/blog\/wp-content\/uploads\/2009\/01\/wwwf1.jpg?fit=600%2C429&ssl=1&resize=350%2C200","width":350,"height":200},"classes":[]},{"id":1133,"url":"https:\/\/estrategica.com.co\/blog\/bosques-para-la-vida-2\/","url_meta":{"origin":2022,"position":2},"title":"Bosques para la Vida","author":"estrategica.com","date":"enero 15, 2009","format":false,"excerpt":"\u00a0 Campa\u00f1a de la WWF realizado por Ogilvy & Mather, de Bangkok, Tailandia. En la grafica aparece una imagen en donde las especies se conjugan en un mismo drama. Ya no hay corteza sino piel, ya no hay entra\u00f1as sino madera. La idea es mostrar la deforestaci\u00f3n no s\u00f3lo mata\u2026","rel":"","context":"En \u00abAFICHES\u00bb","block_context":{"text":"AFICHES","link":"https:\/\/estrategica.com.co\/blog\/category\/afiches\/"},"img":{"alt_text":"","src":"https:\/\/i0.wp.com\/estrategica.com.co\/blog\/wp-content\/uploads\/2009\/01\/wwwf2.jpg?fit=600%2C429&ssl=1&resize=350%2C200","width":350,"height":200},"classes":[]},{"id":1136,"url":"https:\/\/estrategica.com.co\/blog\/bosques-para-la-vida-3\/","url_meta":{"origin":2022,"position":3},"title":"Bosques para la Vida","author":"estrategica.com","date":"enero 15, 2009","format":false,"excerpt":"Campa\u00f1a de la WWF realizado por Ogilvy & Mather, de Bangkok, Tailandia. En la grafica aparece una imagen en donde las especies se conjugan en un mismo drama. Ya no hay corteza sino piel, ya no hay entra\u00f1as sino madera. La idea es mostrar la deforestaci\u00f3n no s\u00f3lo mata \u00e1rboles\u2026","rel":"","context":"En \u00abAFICHES\u00bb","block_context":{"text":"AFICHES","link":"https:\/\/estrategica.com.co\/blog\/category\/afiches\/"},"img":{"alt_text":"","src":"https:\/\/i0.wp.com\/estrategica.com.co\/blog\/wp-content\/uploads\/2009\/01\/wwwf3.jpg?fit=600%2C840&ssl=1&resize=350%2C200","width":350,"height":200},"classes":[]},{"id":1620,"url":"https:\/\/estrategica.com.co\/blog\/dia-del-arbol-2\/","url_meta":{"origin":2022,"position":4},"title":"D\u00eda del \u00c1rbol","author":"estrategica.com","date":"enero 19, 2009","format":false,"excerpt":"Afiche de la WWF de la agencia Full Jazz de Sao Paulo,\u00a0Brasil, para conmemorar el D\u00eda del \u00c1rbol, el 21 de Septiembre. La imagen muestra una plazoleta con algunos elementos urbanos, y desprendi\u00e9ndose de un farol, la sombra de un \u00e1rbol.\u00a0Como si esos elementos urbanos a\u00f1oraran esa presencia.","rel":"","context":"En \u00abAFICHES\u00bb","block_context":{"text":"AFICHES","link":"https:\/\/estrategica.com.co\/blog\/category\/afiches\/"},"img":{"alt_text":"","src":"https:\/\/i0.wp.com\/estrategica.com.co\/blog\/wp-content\/uploads\/2009\/01\/wwftree1.jpg?fit=1200%2C797&ssl=1&resize=350%2C200","width":350,"height":200},"classes":[]},{"id":1589,"url":"https:\/\/estrategica.com.co\/blog\/dia-del-arbol\/","url_meta":{"origin":2022,"position":5},"title":"D\u00eda del \u00c1rbol","author":"estrategica.com","date":"enero 19, 2009","format":false,"excerpt":"\u00a0 \u00a0 Afiche de la WWF de la agencia Full Jazz de Sao Paulo,\u00a0Brasil, para conmemorar el D\u00eda del \u00c1rbol, el 21 de Septiembre. La imagen muestra una calle de ciudad totalmente \u00e1rida en donde se genera de alguna forma la sombra de una forma arb\u00f3rea, como si el ladrillo\u2026","rel":"","context":"En \u00abAFICHES\u00bb","block_context":{"text":"AFICHES","link":"https:\/\/estrategica.com.co\/blog\/category\/afiches\/"},"img":{"alt_text":"","src":"https:\/\/i0.wp.com\/estrategica.com.co\/blog\/wp-content\/uploads\/2009\/01\/25.jpg?fit=497%2C331&ssl=1&resize=350%2C200","width":350,"height":200},"classes":[]}],"jetpack_sharing_enabled":true,"_links":{"self":[{"href":"https:\/\/estrategica.com.co\/blog\/wp-json\/wp\/v2\/posts\/2022","targetHints":{"allow":["GET"]}}],"collection":[{"href":"https:\/\/estrategica.com.co\/blog\/wp-json\/wp\/v2\/posts"}],"about":[{"href":"https:\/\/estrategica.com.co\/blog\/wp-json\/wp\/v2\/types\/post"}],"author":[{"embeddable":true,"href":"https:\/\/estrategica.com.co\/blog\/wp-json\/wp\/v2\/users\/4"}],"replies":[{"embeddable":true,"href":"https:\/\/estrategica.com.co\/blog\/wp-json\/wp\/v2\/comments?post=2022"}],"version-history":[{"count":4,"href":"https:\/\/estrategica.com.co\/blog\/wp-json\/wp\/v2\/posts\/2022\/revisions"}],"predecessor-version":[{"id":2093,"href":"https:\/\/estrategica.com.co\/blog\/wp-json\/wp\/v2\/posts\/2022\/revisions\/2093"}],"wp:featuredmedia":[{"embeddable":true,"href":"https:\/\/estrategica.com.co\/blog\/wp-json\/wp\/v2\/media\/2021"}],"wp:attachment":[{"href":"https:\/\/estrategica.com.co\/blog\/wp-json\/wp\/v2\/media?parent=2022"}],"wp:term":[{"taxonomy":"category","embeddable":true,"href":"https:\/\/estrategica.com.co\/blog\/wp-json\/wp\/v2\/categories?post=2022"},{"taxonomy":"post_tag","embeddable":true,"href":"https:\/\/estrategica.com.co\/blog\/wp-json\/wp\/v2\/tags?post=2022"}],"curies":[{"name":"wp","href":"https:\/\/api.w.org\/{rel}","templated":true}]}}