{"id":205,"date":"2009-01-03T02:26:41","date_gmt":"2009-01-03T02:26:41","guid":{"rendered":"http:\/\/estrategica.com.co\/blog\/?p=205"},"modified":"2009-02-21T13:30:19","modified_gmt":"2009-02-21T13:30:19","slug":"juntos-todo-es-posible-5","status":"publish","type":"post","link":"https:\/\/estrategica.com.co\/blog\/juntos-todo-es-posible-5\/","title":{"rendered":"JUNTOS TODO ES POSIBLE"},"content":{"rendered":"<p><img loading=\"lazy\" decoding=\"async\" data-attachment-id=\"204\" data-permalink=\"https:\/\/estrategica.com.co\/blog\/juntos-todo-es-posible-5\/attachment\/8824537701\/\" data-orig-file=\"https:\/\/i0.wp.com\/estrategica.com.co\/blog\/wp-content\/uploads\/2009\/01\/8824537701.jpg?fit=250%2C400&amp;ssl=1\" data-orig-size=\"250,400\" data-comments-opened=\"1\" data-image-meta=\"{&quot;aperture&quot;:&quot;0&quot;,&quot;credit&quot;:&quot;&quot;,&quot;camera&quot;:&quot;&quot;,&quot;caption&quot;:&quot;&quot;,&quot;created_timestamp&quot;:&quot;0&quot;,&quot;copyright&quot;:&quot;&quot;,&quot;focal_length&quot;:&quot;0&quot;,&quot;iso&quot;:&quot;0&quot;,&quot;shutter_speed&quot;:&quot;0&quot;,&quot;title&quot;:&quot;&quot;}\" data-image-title=\"8824537701\" data-image-description=\"\" data-image-caption=\"\" data-medium-file=\"https:\/\/i0.wp.com\/estrategica.com.co\/blog\/wp-content\/uploads\/2009\/01\/8824537701.jpg?fit=187%2C300&amp;ssl=1\" data-large-file=\"https:\/\/i0.wp.com\/estrategica.com.co\/blog\/wp-content\/uploads\/2009\/01\/8824537701.jpg?fit=250%2C400&amp;ssl=1\" class=\"alignnone size-full wp-image-204\" title=\"8824537701\" src=\"https:\/\/i0.wp.com\/estrategica.com.co\/blog\/wp-content\/uploads\/2009\/01\/8824537701.jpg?resize=250%2C400\" alt=\"8824537701\" width=\"250\" height=\"400\" srcset=\"https:\/\/i0.wp.com\/estrategica.com.co\/blog\/wp-content\/uploads\/2009\/01\/8824537701.jpg?w=250&amp;ssl=1 250w, https:\/\/i0.wp.com\/estrategica.com.co\/blog\/wp-content\/uploads\/2009\/01\/8824537701.jpg?resize=187%2C300&amp;ssl=1 187w\" sizes=\"(max-width: 250px) 100vw, 250px\" data-recalc-dims=\"1\" \/><\/p>\n<p style=\"text-align: justify;\">Otro de los afiches con los que se fractura la coherencia comunicativa que prim\u00f3 en la campa\u00f1a Sarkozy. Ac\u00e1 se pierde la mirada directa y amigable, la campi\u00f1a francesa, el firmamento y hasta el ave que vuela en solitario. Se mantiene el \u00e9nfasis de la palabra todo y el azul y el verde son remplazados por una imagen diluida que presume gente. La pagina Web, que daba un aire de modernidad, no esta, solo se mantiene el slogan manteniendo por lo menos la disciplina de mensaje. La actitud corporal del candidato no trasmite ni dignidad ni seriedad.<\/p>\n<p style=\"text-align: justify;\">\u00a0<\/p>\n","protected":false},"excerpt":{"rendered":"<p>Otro de los afiches con los que se fractura la coherencia comunicativa que prim\u00f3 en la campa\u00f1a Sarkozy. Ac\u00e1 se pierde la mirada directa y amigable, la campi\u00f1a francesa, el firmamento y hasta el ave que vuela en solitario. Se mantiene el \u00e9nfasis de la palabra todo y el azul y el verde son remplazados [&hellip;]<\/p>\n","protected":false},"author":2,"featured_media":59158,"comment_status":"open","ping_status":"open","sticky":false,"template":"","format":"standard","meta":{"_et_pb_use_builder":"","_et_pb_old_content":"","_et_gb_content_width":"","advanced_seo_description":"","jetpack_seo_html_title":"","jetpack_seo_noindex":false,"footnotes":""},"categories":[269,5,263,57,46,50,10,11],"tags":[52,55,79,80],"class_list":["post-205","post","type-post","status-publish","format-standard","has-post-thumbnail","hentry","category-269","category-afiches","category-ano","category-campana-presidencial","category-fotograficos","category-francia","category-geo","category-temas","tag-elecciones-2007","tag-jacques-seguela","tag-nicolas-sarkosy","tag-union-por-un-movimiento-popular"],"jetpack_featured_media_url":"https:\/\/i0.wp.com\/estrategica.com.co\/blog\/wp-content\/uploads\/2009\/01\/JUNTOS-TODO-ES-POSIBLE.jpg?fit=250%2C400&ssl=1","jetpack_shortlink":"https:\/\/wp.me\/p4wgsh-3j","jetpack-related-posts":[{"id":246,"url":"https:\/\/estrategica.com.co\/blog\/derechaizquierda-lo-han-roto-todo-4\/","url_meta":{"origin":205,"position":0},"title":"DERECHA\/IZQUIERDA Lo han roto todo!","author":"camilorojas","date":"enero 3, 2009","format":false,"excerpt":"Jean-Marie Le Pen es el representante de la extrema derecha pol\u00edtica a trav\u00e9s del partido Frente Nacional a nombre del cual ha sido candidato a la presidencia de Francia. En la campa\u00f1a de 2007 Le Pen tiene casi 79 a\u00f1os convirti\u00e9ndose en el aspirante m\u00e1s viejo en la historia de\u2026","rel":"","context":"En \u00ab2007\u00bb","block_context":{"text":"2007","link":"https:\/\/estrategica.com.co\/blog\/category\/ano\/2007\/"},"img":{"alt_text":"","src":"https:\/\/i0.wp.com\/estrategica.com.co\/blog\/wp-content\/uploads\/2009\/01\/DERECHAIZQUIERDA-Lo-han-roto-todo4.jpg?fit=800%2C600&ssl=1&resize=350%2C200","width":350,"height":200},"classes":[]},{"id":249,"url":"https:\/\/estrategica.com.co\/blog\/derechaizquierda-lo-han-roto-todo-5\/","url_meta":{"origin":205,"position":1},"title":"DERECHA\/IZQUIERDA Lo han roto todo!","author":"camilorojas","date":"enero 3, 2009","format":false,"excerpt":"Jean-Marie Le Pen es el representante de la extrema derecha pol\u00edtica a trav\u00e9s del partido Frente Nacional a nombre del cual ha sido candidato a la presidencia de Francia. En la campa\u00f1a de 2007 Le Pen tiene casi 79 a\u00f1os convirti\u00e9ndose en el aspirante m\u00e1s viejo en la historia de\u2026","rel":"","context":"En \u00ab2007\u00bb","block_context":{"text":"2007","link":"https:\/\/estrategica.com.co\/blog\/category\/ano\/2007\/"},"img":{"alt_text":"","src":"https:\/\/i0.wp.com\/estrategica.com.co\/blog\/wp-content\/uploads\/2009\/01\/DERECHAIZQUIERDA-Lo-han-roto-todo2.jpg?fit=800%2C600&ssl=1&resize=350%2C200","width":350,"height":200},"classes":[]},{"id":252,"url":"https:\/\/estrategica.com.co\/blog\/derechaizquierda-lo-han-roto-todo-6\/","url_meta":{"origin":205,"position":2},"title":"DERECHA\/IZQUIERDA Lo han roto todo!","author":"camilorojas","date":"enero 3, 2009","format":false,"excerpt":"Jean-Marie Le Pen es el representante de la extrema derecha pol\u00edtica a trav\u00e9s del partido Frente Nacional a nombre del cual ha sido candidato a la presidencia de Francia. En la campa\u00f1a de 2007 Le Pen tiene casi 79 a\u00f1os convirti\u00e9ndose en el aspirante m\u00e1s viejo en la historia de\u2026","rel":"","context":"En \u00ab2007\u00bb","block_context":{"text":"2007","link":"https:\/\/estrategica.com.co\/blog\/category\/ano\/2007\/"},"img":{"alt_text":"","src":"https:\/\/i0.wp.com\/estrategica.com.co\/blog\/wp-content\/uploads\/2009\/01\/DERECHAIZQUIERDA-Lo-han-roto-todo1.jpg?fit=800%2C600&ssl=1&resize=350%2C200","width":350,"height":200},"classes":[]},{"id":240,"url":"https:\/\/estrategica.com.co\/blog\/derechaizquierda-lo-han-roto-todo-2\/","url_meta":{"origin":205,"position":3},"title":"DERECHA\/IZQUIERDA Lo han roto todo!","author":"camilorojas","date":"enero 3, 2009","format":false,"excerpt":"Jean-Marie Le Pen es el representante de la extrema derecha pol\u00edtica a trav\u00e9s del partido Frente Nacional a nombre del cual ha sido candidato a la presidencia de Francia. En la campa\u00f1a de 2007 Le Pen tiene casi 79 a\u00f1os convirti\u00e9ndose en el aspirante m\u00e1s viejo en la historia de\u2026","rel":"","context":"En \u00ab2007\u00bb","block_context":{"text":"2007","link":"https:\/\/estrategica.com.co\/blog\/category\/ano\/2007\/"},"img":{"alt_text":"","src":"https:\/\/i0.wp.com\/estrategica.com.co\/blog\/wp-content\/uploads\/2009\/01\/DERECHAIZQUIERDA-Lo-han-roto-todo41.jpg?fit=800%2C600&ssl=1&resize=350%2C200","width":350,"height":200},"classes":[]},{"id":243,"url":"https:\/\/estrategica.com.co\/blog\/derechaizquierda-lo-han-roto-todo-3\/","url_meta":{"origin":205,"position":4},"title":"DERECHA\/IZQUIERDA Lo han roto todo!","author":"camilorojas","date":"enero 3, 2009","format":false,"excerpt":"Jean-Marie Le Pen es el representante de la extrema derecha pol\u00edtica a trav\u00e9s del partido Frente Nacional a nombre del cual ha sido candidato a la presidencia de Francia. En la campa\u00f1a de 2007 Le Pen tiene casi 79 a\u00f1os convirti\u00e9ndose en el aspirante m\u00e1s viejo en la historia de\u2026","rel":"","context":"En \u00ab2007\u00bb","block_context":{"text":"2007","link":"https:\/\/estrategica.com.co\/blog\/category\/ano\/2007\/"},"img":{"alt_text":"","src":"https:\/\/i0.wp.com\/estrategica.com.co\/blog\/wp-content\/uploads\/2009\/01\/DERECHAIZQUIERDA-Lo-han-roto-todo3.jpg?fit=800%2C600&ssl=1&resize=350%2C200","width":350,"height":200},"classes":[]},{"id":233,"url":"https:\/\/estrategica.com.co\/blog\/con-le-pen-todos-juntos-tomaremos-nuestra-francia\/","url_meta":{"origin":205,"position":5},"title":"CON LE PEN, todos juntos, tomaremos nuestra Francia!","author":"camilorojas","date":"enero 3, 2009","format":false,"excerpt":"Jean-Marie Le Pen es el representante de la extrema derecha pol\u00edtica a trav\u00e9s del partido Frente Nacional a nombre del cual ha sido candidato a la presidencia de Francia. En la campa\u00f1a de 2007 Le Pen tiene casi 79 a\u00f1os convirti\u00e9ndose en el aspirante m\u00e1s viejo en la historia de\u2026","rel":"","context":"En \u00ab2007\u00bb","block_context":{"text":"2007","link":"https:\/\/estrategica.com.co\/blog\/category\/ano\/2007\/"},"img":{"alt_text":"","src":"https:\/\/i0.wp.com\/estrategica.com.co\/blog\/wp-content\/uploads\/2009\/01\/CON-LE-PEN-todos-juntos-tomaremos-nuestra-Francia.jpg?fit=800%2C600&ssl=1&resize=350%2C200","width":350,"height":200},"classes":[]}],"jetpack_sharing_enabled":true,"_links":{"self":[{"href":"https:\/\/estrategica.com.co\/blog\/wp-json\/wp\/v2\/posts\/205","targetHints":{"allow":["GET"]}}],"collection":[{"href":"https:\/\/estrategica.com.co\/blog\/wp-json\/wp\/v2\/posts"}],"about":[{"href":"https:\/\/estrategica.com.co\/blog\/wp-json\/wp\/v2\/types\/post"}],"author":[{"embeddable":true,"href":"https:\/\/estrategica.com.co\/blog\/wp-json\/wp\/v2\/users\/2"}],"replies":[{"embeddable":true,"href":"https:\/\/estrategica.com.co\/blog\/wp-json\/wp\/v2\/comments?post=205"}],"version-history":[{"count":5,"href":"https:\/\/estrategica.com.co\/blog\/wp-json\/wp\/v2\/posts\/205\/revisions"}],"predecessor-version":[{"id":4041,"href":"https:\/\/estrategica.com.co\/blog\/wp-json\/wp\/v2\/posts\/205\/revisions\/4041"}],"wp:featuredmedia":[{"embeddable":true,"href":"https:\/\/estrategica.com.co\/blog\/wp-json\/wp\/v2\/media\/59158"}],"wp:attachment":[{"href":"https:\/\/estrategica.com.co\/blog\/wp-json\/wp\/v2\/media?parent=205"}],"wp:term":[{"taxonomy":"category","embeddable":true,"href":"https:\/\/estrategica.com.co\/blog\/wp-json\/wp\/v2\/categories?post=205"},{"taxonomy":"post_tag","embeddable":true,"href":"https:\/\/estrategica.com.co\/blog\/wp-json\/wp\/v2\/tags?post=205"}],"curies":[{"name":"wp","href":"https:\/\/api.w.org\/{rel}","templated":true}]}}