{"id":2085,"date":"2009-01-21T13:52:30","date_gmt":"2009-01-21T13:52:30","guid":{"rendered":"http:\/\/estrategica.com.co\/blog\/?p=2085"},"modified":"2009-01-21T14:08:08","modified_gmt":"2009-01-21T14:08:08","slug":"hace-falta","status":"publish","type":"post","link":"https:\/\/estrategica.com.co\/blog\/hace-falta\/","title":{"rendered":"Hace Falta"},"content":{"rendered":"<p><img loading=\"lazy\" decoding=\"async\" data-attachment-id=\"2084\" data-permalink=\"https:\/\/estrategica.com.co\/blog\/hace-falta\/attachment\/2005073\/\" data-orig-file=\"https:\/\/i0.wp.com\/estrategica.com.co\/blog\/wp-content\/uploads\/2009\/01\/2005073.jpg?fit=324%2C251&amp;ssl=1\" data-orig-size=\"324,251\" data-comments-opened=\"1\" data-image-meta=\"{&quot;aperture&quot;:&quot;0&quot;,&quot;credit&quot;:&quot;&quot;,&quot;camera&quot;:&quot;&quot;,&quot;caption&quot;:&quot;&quot;,&quot;created_timestamp&quot;:&quot;0&quot;,&quot;copyright&quot;:&quot;&quot;,&quot;focal_length&quot;:&quot;0&quot;,&quot;iso&quot;:&quot;0&quot;,&quot;shutter_speed&quot;:&quot;0&quot;,&quot;title&quot;:&quot;&quot;}\" data-image-title=\"2005073\" data-image-description=\"\" data-image-caption=\"\" data-medium-file=\"https:\/\/i0.wp.com\/estrategica.com.co\/blog\/wp-content\/uploads\/2009\/01\/2005073.jpg?fit=300%2C232&amp;ssl=1\" data-large-file=\"https:\/\/i0.wp.com\/estrategica.com.co\/blog\/wp-content\/uploads\/2009\/01\/2005073.jpg?fit=324%2C251&amp;ssl=1\" class=\"alignnone size-full wp-image-2084\" title=\"2005073\" src=\"https:\/\/i0.wp.com\/estrategica.com.co\/blog\/wp-content\/uploads\/2009\/01\/2005073.jpg?resize=324%2C251\" alt=\"2005073\" width=\"324\" height=\"251\" srcset=\"https:\/\/i0.wp.com\/estrategica.com.co\/blog\/wp-content\/uploads\/2009\/01\/2005073.jpg?w=324&amp;ssl=1 324w, https:\/\/i0.wp.com\/estrategica.com.co\/blog\/wp-content\/uploads\/2009\/01\/2005073.jpg?resize=300%2C232&amp;ssl=1 300w\" sizes=\"(max-width: 324px) 100vw, 324px\" data-recalc-dims=\"1\" \/><\/p>\n<p class=\"MsoNormal\" style=\"margin: 0cm 0cm 0pt; text-align: justify;\">\u00a0<span style=\"font-size: small; font-family: Times New Roman;\">Campa\u00f1a del 2005 a nombre del partido Uni\u00f3n por Todos. El afiche muestra a la candidata en primer plano con una expresi\u00f3n preocupada al lado del texto: \u201cHace Falta\u201d. El concepto hace referencia a la intensa acci\u00f3n parlamentaria que desempe\u00f1\u00f3 Bullrich en la legislatura de 1995 cando fue elegida la mejor parlamentaria por sus debates y sus m\u00e1s de 200 proyectos de ley. Una campa\u00f1a que presupone el conocimiento de la candidata, lo cual es una vulnerabilidad grande pues el ciudadano tiene memoria corta. Luego cambiaria el concepto por \u201cContra las Mafias\u201d, que es mucho m\u00e1s contundente y con mayor sentido de coyuntura.<\/span><\/p>\n<p class=\"MsoNormal\" style=\"margin: 0cm 0cm 0pt; text-align: justify;\">\u00a0<\/p>\n<p class=\"MsoNormal\" style=\"margin: 0cm 0cm 0pt; text-align: justify;\">\u00a0<\/p>\n","protected":false},"excerpt":{"rendered":"<p>\u00a0Campa\u00f1a del 2005 a nombre del partido Uni\u00f3n por Todos. El afiche muestra a la candidata en primer plano con una expresi\u00f3n preocupada al lado del texto: \u201cHace Falta\u201d. El concepto hace referencia a la intensa acci\u00f3n parlamentaria que desempe\u00f1\u00f3 Bullrich en la legislatura de 1995 cando fue elegida la mejor parlamentaria por sus debates [&hellip;]<\/p>\n","protected":false},"author":4,"featured_media":2084,"comment_status":"open","ping_status":"open","sticky":false,"template":"","format":"standard","meta":{"_et_pb_use_builder":"","_et_pb_old_content":"","_et_gb_content_width":"","advanced_seo_description":"","jetpack_seo_html_title":"","jetpack_seo_noindex":false,"footnotes":""},"categories":[5,24,58,46,10,11],"tags":[185],"class_list":["post-2085","post","type-post","status-publish","format-standard","has-post-thumbnail","hentry","category-afiches","category-argentina","category-campana-colegiada","category-fotograficos","category-geo","category-temas","tag-patricia-bullrich"],"jetpack_featured_media_url":"https:\/\/i0.wp.com\/estrategica.com.co\/blog\/wp-content\/uploads\/2009\/01\/2005073.jpg?fit=324%2C251&ssl=1","jetpack_shortlink":"https:\/\/wp.me\/p4wgsh-xD","jetpack-related-posts":[{"id":2088,"url":"https:\/\/estrategica.com.co\/blog\/pensa-en-patricia\/","url_meta":{"origin":2085,"position":0},"title":"PENS\u00c1 EN PATRICIA","author":"estrategica.com","date":"enero 21, 2009","format":false,"excerpt":"Campa\u00f1a del 2005 a nombre del partido Uni\u00f3n por Todos. El afiche muestra a la candidata en primer plano con una expresi\u00f3n preocupada al lado del texto: \u201cPens\u00e1 en Patricia. Ella piensa en Vos\u201d. Es interesante observar que durante la campa\u00f1a se mantuvo la misma foto de la candidata y\u2026","rel":"","context":"En \u00abAFICHES\u00bb","block_context":{"text":"AFICHES","link":"https:\/\/estrategica.com.co\/blog\/category\/afiches\/"},"img":{"alt_text":"","src":"","width":0,"height":0},"classes":[]},{"id":4671,"url":"https:\/\/estrategica.com.co\/blog\/la-otra-politica\/","url_meta":{"origin":2085,"position":1},"title":"La Otra Pol\u00edtica","author":"estrategica.com","date":"marzo 1, 2009","format":false,"excerpt":"Afiche de Campa\u00f1a de Francois Mitterrand durante la campa\u00f1a de 1981. El slogan es \u201cLa otra Pol\u00edtica\u201d aunque el slogan principal de campa\u00f1a es \u201cLa Fuerza Tranquila\u201d. Mitterand viene de una larga carrera publica en donde se ha desempe\u00f1ado como ministro, parlamentario, alcalde, concejal, representante de Francia en distintos foros\u2026","rel":"","context":"En \u00ab1981\u00bb","block_context":{"text":"1981","link":"https:\/\/estrategica.com.co\/blog\/category\/ano\/1981\/"},"img":{"alt_text":"","src":"https:\/\/i0.wp.com\/estrategica.com.co\/blog\/wp-content\/uploads\/2009\/03\/al027352.jpg?resize=350%2C200","width":350,"height":200},"classes":[]},{"id":4676,"url":"https:\/\/estrategica.com.co\/blog\/de-todas-las-fuerzas-de-francia\/","url_meta":{"origin":2085,"position":2},"title":"DE TODAS LAS FUERZAS DE FRANCIA","author":"estrategica.com","date":"marzo 1, 2009","format":false,"excerpt":"\u00a0Afiche de Campa\u00f1a de Francois Mitterrand durante la campa\u00f1a de 1981. El slogan es \u201cLa otra Pol\u00edtica\u201d aunque el slogan principal de campa\u00f1a es \u201cLa Fuerza Tranquila\u201d. Mitterand viene de una larga carrera publica en donde se ha desempe\u00f1ado como ministro, parlamentario, alcalde, concejal, representante de Francia en distintos foros\u2026","rel":"","context":"En \u00ab1981\u00bb","block_context":{"text":"1981","link":"https:\/\/estrategica.com.co\/blog\/category\/ano\/1981\/"},"img":{"alt_text":"","src":"https:\/\/i0.wp.com\/estrategica.com.co\/blog\/wp-content\/uploads\/2009\/03\/774.jpg?fit=450%2C288&ssl=1&resize=350%2C200","width":350,"height":200},"classes":[]},{"id":18920,"url":"https:\/\/estrategica.com.co\/blog\/llenemos-el-congreso-michetti\/","url_meta":{"origin":2085,"position":3},"title":"Llenemos el Congreso &#8211; Michetti","author":"Juliana","date":"agosto 23, 2009","format":false,"excerpt":"[hana-flv-player video=\"\/blog\/wp-content\/uploads\/2009\/01\/videosotrosfin\/Pedido.flv\" width=\"550\" height=\"\" description=\"Llenemos el Congreso - Michetti\" clickurl=\"\" clicktarget=\"\" player=\"4\" autoplay=\"false\" loop=\"false\" autorewind=\"true\" splashimage=\"\" skin=\"\" \/] [icon color=\"Accent-Color\" size=\"regular\" image=\"steadysets-icon-chat\"] Contexto Spot de la campa\u00f1a de Gabriela Michetti como diputada nacional por la ciudad de Buenos Aires. La comunicaci\u00f3n gira en torno a la est\u00e9tica que ha impuesto\u2026","rel":"","context":"En \u00abArgentina\u00bb","block_context":{"text":"Argentina","link":"https:\/\/estrategica.com.co\/blog\/category\/geo\/america\/argentina\/"},"img":{"alt_text":"","src":"https:\/\/i0.wp.com\/estrategica.com.co\/blog\/wp-content\/uploads\/2009\/07\/pedido_thumb.png?fit=417%2C348&ssl=1&resize=350%2C200","width":350,"height":200},"classes":[]},{"id":19011,"url":"https:\/\/estrategica.com.co\/blog\/quiero-agradecer-michetti\/","url_meta":{"origin":2085,"position":4},"title":"Quiero Agradecer &#8211; Michetti","author":"Juliana","date":"julio 14, 2009","format":false,"excerpt":"[hana-flv-player video=\"\/blog\/wp-content\/uploads\/2009\/01\/videosotrosfin\/Quiero_agradecer.flv\" width=\"550\" height=\"\" description=\"Quiero Agradecer - Michetti\" clickurl=\"\" clicktarget=\"\" player=\"4\" autoplay=\"false\" loop=\"false\" autorewind=\"true\" splashimage=\"\" skin=\"\" \/] [icon color=\"Accent-Color\" size=\"regular\" image=\"steadysets-icon-chat\"] Contexto Spot de la campa\u00f1a de Gabriela Michetti como diputada nacional por la ciudad de Buenos Aires. La comunicaci\u00f3n gira en torno a la est\u00e9tica que ha impuesto Mauricio\u2026","rel":"","context":"En \u00abArgentina\u00bb","block_context":{"text":"Argentina","link":"https:\/\/estrategica.com.co\/blog\/category\/geo\/america\/argentina\/"},"img":{"alt_text":"","src":"https:\/\/i0.wp.com\/estrategica.com.co\/blog\/wp-content\/uploads\/2009\/07\/quiero_agradecer_thumb.png?fit=600%2C488&ssl=1&resize=350%2C200","width":350,"height":200},"classes":[]},{"id":4679,"url":"https:\/\/estrategica.com.co\/blog\/cuando-tratamos-a-los-ricos-mejor-que-a-los-pobres\/","url_meta":{"origin":2085,"position":5},"title":"Cuando tratamos a los ricos mejor que a los pobres","author":"estrategica.com","date":"marzo 1, 2009","format":false,"excerpt":"Afiche de Campa\u00f1a de Francois Mitterrand durante la campa\u00f1a de 1981. El slogan es \u201cLa otra Pol\u00edtica\u201d aunque el slogan principal de campa\u00f1a es \u201cLa Fuerza Tranquila\u201d. Mitterand viene de una larga carrera publica en donde se ha desempe\u00f1ado como ministro, parlamentario, alcalde, concejal, representante de Francia en distintos foros\u2026","rel":"","context":"En \u00ab1981\u00bb","block_context":{"text":"1981","link":"https:\/\/estrategica.com.co\/blog\/category\/ano\/1981\/"},"img":{"alt_text":"","src":"https:\/\/i0.wp.com\/estrategica.com.co\/blog\/wp-content\/uploads\/2009\/03\/bachelet11-3.jpg?fit=500%2C334&ssl=1&resize=350%2C200","width":350,"height":200},"classes":[]}],"jetpack_sharing_enabled":true,"_links":{"self":[{"href":"https:\/\/estrategica.com.co\/blog\/wp-json\/wp\/v2\/posts\/2085","targetHints":{"allow":["GET"]}}],"collection":[{"href":"https:\/\/estrategica.com.co\/blog\/wp-json\/wp\/v2\/posts"}],"about":[{"href":"https:\/\/estrategica.com.co\/blog\/wp-json\/wp\/v2\/types\/post"}],"author":[{"embeddable":true,"href":"https:\/\/estrategica.com.co\/blog\/wp-json\/wp\/v2\/users\/4"}],"replies":[{"embeddable":true,"href":"https:\/\/estrategica.com.co\/blog\/wp-json\/wp\/v2\/comments?post=2085"}],"version-history":[{"count":2,"href":"https:\/\/estrategica.com.co\/blog\/wp-json\/wp\/v2\/posts\/2085\/revisions"}],"predecessor-version":[{"id":2090,"href":"https:\/\/estrategica.com.co\/blog\/wp-json\/wp\/v2\/posts\/2085\/revisions\/2090"}],"wp:featuredmedia":[{"embeddable":true,"href":"https:\/\/estrategica.com.co\/blog\/wp-json\/wp\/v2\/media\/2084"}],"wp:attachment":[{"href":"https:\/\/estrategica.com.co\/blog\/wp-json\/wp\/v2\/media?parent=2085"}],"wp:term":[{"taxonomy":"category","embeddable":true,"href":"https:\/\/estrategica.com.co\/blog\/wp-json\/wp\/v2\/categories?post=2085"},{"taxonomy":"post_tag","embeddable":true,"href":"https:\/\/estrategica.com.co\/blog\/wp-json\/wp\/v2\/tags?post=2085"}],"curies":[{"name":"wp","href":"https:\/\/api.w.org\/{rel}","templated":true}]}}