{"id":2088,"date":"2009-01-21T14:07:08","date_gmt":"2009-01-21T14:07:08","guid":{"rendered":"http:\/\/estrategica.com.co\/blog\/?p=2088"},"modified":"2009-01-21T14:07:08","modified_gmt":"2009-01-21T14:07:08","slug":"pensa-en-patricia","status":"publish","type":"post","link":"https:\/\/estrategica.com.co\/blog\/pensa-en-patricia\/","title":{"rendered":"PENS\u00c1 EN PATRICIA"},"content":{"rendered":"<p><img loading=\"lazy\" decoding=\"async\" data-attachment-id=\"2087\" data-permalink=\"https:\/\/estrategica.com.co\/blog\/pensa-en-patricia\/attachment\/2005043\/\" data-orig-file=\"https:\/\/i0.wp.com\/estrategica.com.co\/blog\/wp-content\/uploads\/2009\/01\/2005043.jpg?fit=340%2C178&amp;ssl=1\" data-orig-size=\"340,178\" data-comments-opened=\"1\" data-image-meta=\"{&quot;aperture&quot;:&quot;0&quot;,&quot;credit&quot;:&quot;&quot;,&quot;camera&quot;:&quot;&quot;,&quot;caption&quot;:&quot;&quot;,&quot;created_timestamp&quot;:&quot;0&quot;,&quot;copyright&quot;:&quot;&quot;,&quot;focal_length&quot;:&quot;0&quot;,&quot;iso&quot;:&quot;0&quot;,&quot;shutter_speed&quot;:&quot;0&quot;,&quot;title&quot;:&quot;&quot;}\" data-image-title=\"2005043\" data-image-description=\"\" data-image-caption=\"\" data-medium-file=\"https:\/\/i0.wp.com\/estrategica.com.co\/blog\/wp-content\/uploads\/2009\/01\/2005043.jpg?fit=300%2C157&amp;ssl=1\" data-large-file=\"https:\/\/i0.wp.com\/estrategica.com.co\/blog\/wp-content\/uploads\/2009\/01\/2005043.jpg?fit=340%2C178&amp;ssl=1\" class=\"alignnone size-full wp-image-2087\" title=\"2005043\" src=\"https:\/\/i0.wp.com\/estrategica.com.co\/blog\/wp-content\/uploads\/2009\/01\/2005043.jpg?resize=340%2C178\" alt=\"2005043\" width=\"340\" height=\"178\" srcset=\"https:\/\/i0.wp.com\/estrategica.com.co\/blog\/wp-content\/uploads\/2009\/01\/2005043.jpg?w=340&amp;ssl=1 340w, https:\/\/i0.wp.com\/estrategica.com.co\/blog\/wp-content\/uploads\/2009\/01\/2005043.jpg?resize=300%2C157&amp;ssl=1 300w\" sizes=\"(max-width: 340px) 100vw, 340px\" data-recalc-dims=\"1\" \/><\/p>\n<p class=\"MsoNormal\" style=\"margin: 0cm 0cm 0pt; text-align: justify;\"><span style=\"font-size: small; font-family: Times New Roman;\">Campa\u00f1a del 2005 a nombre del partido Uni\u00f3n por Todos. El afiche muestra a la candidata en primer plano con una expresi\u00f3n preocupada al lado del texto: \u201cPens\u00e1 en Patricia. Ella piensa en Vos\u201d. Es interesante observar que durante la campa\u00f1a se mantuvo la misma foto de la candidata y se cambi\u00f3 solo el texto. El mensaje, en este caso, denota cercan\u00eda entre ella y el elector y trasmite un mensaje rico en contenidos. <\/span><\/p>\n<p class=\"MsoNormal\" style=\"margin: 0cm 0cm 0pt; text-align: justify;\">\u00a0<\/p>\n","protected":false},"excerpt":{"rendered":"<p>Campa\u00f1a del 2005 a nombre del partido Uni\u00f3n por Todos. El afiche muestra a la candidata en primer plano con una expresi\u00f3n preocupada al lado del texto: \u201cPens\u00e1 en Patricia. Ella piensa en Vos\u201d. Es interesante observar que durante la campa\u00f1a se mantuvo la misma foto de la candidata y se cambi\u00f3 solo el texto. [&hellip;]<\/p>\n","protected":false},"author":4,"featured_media":2087,"comment_status":"open","ping_status":"open","sticky":false,"template":"","format":"standard","meta":{"_et_pb_use_builder":"","_et_pb_old_content":"","_et_gb_content_width":"","advanced_seo_description":"","jetpack_seo_html_title":"","jetpack_seo_noindex":false,"footnotes":""},"categories":[5,24,58,46,10,11],"tags":[185],"class_list":["post-2088","post","type-post","status-publish","format-standard","has-post-thumbnail","hentry","category-afiches","category-argentina","category-campana-colegiada","category-fotograficos","category-geo","category-temas","tag-patricia-bullrich"],"jetpack_featured_media_url":"https:\/\/i0.wp.com\/estrategica.com.co\/blog\/wp-content\/uploads\/2009\/01\/2005043.jpg?fit=340%2C178&ssl=1","jetpack_shortlink":"https:\/\/wp.me\/p4wgsh-xG","jetpack-related-posts":[{"id":2085,"url":"https:\/\/estrategica.com.co\/blog\/hace-falta\/","url_meta":{"origin":2088,"position":0},"title":"Hace Falta","author":"estrategica.com","date":"enero 21, 2009","format":false,"excerpt":"\u00a0Campa\u00f1a del 2005 a nombre del partido Uni\u00f3n por Todos. El afiche muestra a la candidata en primer plano con una expresi\u00f3n preocupada al lado del texto: \u201cHace Falta\u201d. El concepto hace referencia a la intensa acci\u00f3n parlamentaria que desempe\u00f1\u00f3 Bullrich en la legislatura de 1995 cando fue elegida la\u2026","rel":"","context":"En \u00abAFICHES\u00bb","block_context":{"text":"AFICHES","link":"https:\/\/estrategica.com.co\/blog\/category\/afiches\/"},"img":{"alt_text":"","src":"https:\/\/i0.wp.com\/estrategica.com.co\/blog\/wp-content\/uploads\/2009\/01\/2005073.jpg?fit=324%2C251&ssl=1&resize=350%2C200","width":350,"height":200},"classes":[]},{"id":2361,"url":"https:\/\/estrategica.com.co\/blog\/tu-alternativa-es-clara\/","url_meta":{"origin":2088,"position":1},"title":"Tu Alternativa es Clara","author":"Juliana","date":"febrero 19, 2009","format":false,"excerpt":"[hana-flv-player video=\"\/blog\/wp-content\/uploads\/2009\/01\/mexico\/Patricia_Mercado_spot_de_precampana.flv\" width=\"550\" height=\"\" description=\"Tu Alternativa es Clara\" clickurl=\"\" clicktarget=\"\" player=\"4\" autoplay=\"false\" loop=\"false\" autorewind=\"true\" splashimage=\"\" skin=\"\" \/] [icon color=\"Accent-Color\" size=\"regular\" image=\"steadysets-icon-chat\"] Contexto Spot de Campa\u00f1a de la candidata del Partido Alternativa Socialdem\u00f3crata, Patricia Mercado, en las elecciones de 2006.\u00a0 El slogan de campa\u00f1a fue \u201cPalabra de Mujer\u201d y con \u00e9l\u2026","rel":"","context":"En \u00ab2006\u00bb","block_context":{"text":"2006","link":"https:\/\/estrategica.com.co\/blog\/category\/ano\/2006\/"},"img":{"alt_text":"","src":"https:\/\/i0.wp.com\/estrategica.com.co\/blog\/wp-content\/uploads\/2009\/01\/patricia_mercado_spot__de_precampana_thumb.png?fit=311%2C202&ssl=1&resize=350%2C200","width":350,"height":200},"classes":[]},{"id":8122,"url":"https:\/\/estrategica.com.co\/blog\/si-te-maltratan-pita-angela-benedetti\/","url_meta":{"origin":2088,"position":2},"title":"SI TE MALTRATAN \u00a1PITA! &#8211; Angela Benedetti","author":"estrategica.com","date":"marzo 25, 2009","format":false,"excerpt":"Afiche de la Campa\u00f1a de \u00c1ngela Benedetti al Concejo de Bogot\u00e1. En la pieza aparece la candidata en primer plano con un silbato en la boca mientras el texto dice: Si te Maltratan Pita. La candidata ha liderado campa\u00f1a contra el maltrato y convirti\u00f3 en silbato en un s\u00edmbolo de\u2026","rel":"","context":"En \u00abAFICHES\u00bb","block_context":{"text":"AFICHES","link":"https:\/\/estrategica.com.co\/blog\/category\/afiches\/"},"img":{"alt_text":"","src":"https:\/\/i0.wp.com\/estrategica.com.co\/blog\/wp-content\/uploads\/2009\/03\/1x1201.jpg?fit=1000%2C1200&ssl=1&resize=350%2C200","width":350,"height":200},"classes":[]},{"id":2357,"url":"https:\/\/estrategica.com.co\/blog\/%c2%bftodos-son-iguales\/","url_meta":{"origin":2088,"position":3},"title":"\u00bfTodos son iguales?","author":"Juliana","date":"febrero 19, 2009","format":false,"excerpt":"[hana-flv-player video=\"\/blog\/wp-content\/uploads\/2009\/01\/mexico\/Patricia_Mercado.flv\" width=\"550\" height=\"\" description=\"\u00bfTodos son iguales?\" clickurl=\"\" clicktarget=\"\" player=\"4\" autoplay=\"false\" loop=\"false\" autorewind=\"true\" splashimage=\"\" skin=\"\" \/] [icon color=\"Accent-Color\" size=\"regular\" image=\"steadysets-icon-chat\"] Contexto Spot de Campa\u00f1a de la candidata del Partido Alternativa Socialdem\u00f3crata, Patricia Mercado, en las elecciones de 2006.\u00a0 El slogan de campa\u00f1a fue \u201cPalabra de Mujer\u201d y con \u00e9l buscaban\u2026","rel":"","context":"En \u00ab2006\u00bb","block_context":{"text":"2006","link":"https:\/\/estrategica.com.co\/blog\/category\/ano\/2006\/"},"img":{"alt_text":"","src":"","width":0,"height":0},"classes":[]},{"id":2365,"url":"https:\/\/estrategica.com.co\/blog\/tu-eres-las-manos-de-mexico\/","url_meta":{"origin":2088,"position":4},"title":"Tu eres las manos de M\u00e9xico","author":"Juliana","date":"febrero 19, 2009","format":false,"excerpt":"[hana-flv-player video=\"\/blog\/wp-content\/uploads\/2009\/01\/mexico\/Patricia_Mercado_spot_en_campana_manos_que_trabajan.flv\" width=\"550\" height=\"\" description=\"Tu eres las manos de M\u00e9xico\" clickurl=\"\" clicktarget=\"\" player=\"4\" autoplay=\"false\" loop=\"false\" autorewind=\"true\" splashimage=\"\" skin=\"\" \/] [icon color=\"Accent-Color\" size=\"regular\" image=\"steadysets-icon-chat\"] Contexto Spot de Campa\u00f1a de la candidata del Partido Alternativa Socialdem\u00f3crata, Patricia Mercado, en las elecciones de 2006.\u00a0 El slogan de campa\u00f1a fue \u201cPalabra de Mujer\u201d y\u2026","rel":"","context":"En \u00ab2006\u00bb","block_context":{"text":"2006","link":"https:\/\/estrategica.com.co\/blog\/category\/ano\/2006\/"},"img":{"alt_text":"","src":"","width":0,"height":0},"classes":[]},{"id":551,"url":"https:\/\/estrategica.com.co\/blog\/para-chile\/","url_meta":{"origin":2088,"position":5},"title":"+ PARA CHILE>","author":"camilorojas","date":"enero 6, 2009","format":false,"excerpt":"Un afiche de Bachelet en donde la imagen y el slogan no hab\u00edan llegado todav\u00eda al \u201cEstoy Contigo\u201d. Ac\u00e1 aparece la candidata en un primer plano mirando hacia un lado con una sonrisa cercana y esperanzadora que encierra un menaje de dulzura y mesura. Se enfatiza en el mensaje el\u2026","rel":"","context":"En \u00ab2005\u00bb","block_context":{"text":"2005","link":"https:\/\/estrategica.com.co\/blog\/category\/ano\/2005\/"},"img":{"alt_text":"","src":"https:\/\/i0.wp.com\/estrategica.com.co\/blog\/wp-content\/uploads\/2009\/01\/PARA-CHILE.jpg?fit=230%2C300&ssl=1&resize=350%2C200","width":350,"height":200},"classes":[]}],"jetpack_sharing_enabled":true,"_links":{"self":[{"href":"https:\/\/estrategica.com.co\/blog\/wp-json\/wp\/v2\/posts\/2088","targetHints":{"allow":["GET"]}}],"collection":[{"href":"https:\/\/estrategica.com.co\/blog\/wp-json\/wp\/v2\/posts"}],"about":[{"href":"https:\/\/estrategica.com.co\/blog\/wp-json\/wp\/v2\/types\/post"}],"author":[{"embeddable":true,"href":"https:\/\/estrategica.com.co\/blog\/wp-json\/wp\/v2\/users\/4"}],"replies":[{"embeddable":true,"href":"https:\/\/estrategica.com.co\/blog\/wp-json\/wp\/v2\/comments?post=2088"}],"version-history":[{"count":1,"href":"https:\/\/estrategica.com.co\/blog\/wp-json\/wp\/v2\/posts\/2088\/revisions"}],"predecessor-version":[{"id":2089,"href":"https:\/\/estrategica.com.co\/blog\/wp-json\/wp\/v2\/posts\/2088\/revisions\/2089"}],"wp:featuredmedia":[{"embeddable":true,"href":"https:\/\/estrategica.com.co\/blog\/wp-json\/wp\/v2\/media\/2087"}],"wp:attachment":[{"href":"https:\/\/estrategica.com.co\/blog\/wp-json\/wp\/v2\/media?parent=2088"}],"wp:term":[{"taxonomy":"category","embeddable":true,"href":"https:\/\/estrategica.com.co\/blog\/wp-json\/wp\/v2\/categories?post=2088"},{"taxonomy":"post_tag","embeddable":true,"href":"https:\/\/estrategica.com.co\/blog\/wp-json\/wp\/v2\/tags?post=2088"}],"curies":[{"name":"wp","href":"https:\/\/api.w.org\/{rel}","templated":true}]}}