{"id":21607,"date":"2010-06-15T21:39:55","date_gmt":"2010-06-15T21:39:55","guid":{"rendered":"http:\/\/estrategica.com.co\/blog\/?p=21607"},"modified":"2014-09-19T15:19:25","modified_gmt":"2014-09-19T20:19:25","slug":"quiero-ser-presidente-rojas","status":"publish","type":"post","link":"https:\/\/estrategica.com.co\/blog\/quiero-ser-presidente-rojas\/","title":{"rendered":"Quiero ser Presidente &#8211; Rojas"},"content":{"rendered":"<p> <script type='text\/javascript' src='https:\/\/estrategica.com.co\/blog\/wp-content\/plugins\/hana-flv-player\/flowplayer3\/example\/flowplayer-3.2.6.min.js'><\/script>\n<div >\n<div id='hana_flv_flow3_1' style='display:block;width:550px;height:413px;background-color:#555555;color:#ffffff;padding:0' title=\"*Video:quiero ser presidente - rojas\"><\/div>\n<\/div>\n\n<script  type='text\/javascript'>\nif (typeof g_hanaFlash !== 'undefined' && !g_hanaFlash){\n    jQuery('#hana_flv_flow3_1').css( 'padding', '5px' );\n\tjQuery('#hana_flv_flow3_1').html(\"<span class='inactive_message' style='display:block'>Sorry, your browser does not support Flash Video Player<\/span> *Video:quiero ser presidente - rojas\");\n}else{\t\t\t\n\t\tflowplayer('hana_flv_flow3_1', { src: 'https:\/\/estrategica.com.co\/blog\/wp-content\/plugins\/hana-flv-player\/flowplayer3\/flowplayer-3.2.7.swf', wmode: 'transparent' }, { \n\n\t\t\tcanvas: { backgroundColor: '#000000', backgroundGradient: 'none',},\n    \t\tclip:  { \n    \t\t\turl: '\/blog\/wp-content\/uploads\/2009\/01\/20100609\/comercial.flv',\n        \t\tscaling: 'fit', autoPlay: false, autoBuffering: true \n\t\t\t\t   , onFinish : function () { this.seek(0); }  \n\n\t        }\n\n\t\t});\n}\n<\/script><br \/>\n<\/br><\/p>\n<p>[icon color=\u00bbAccent-Color\u00bb size=\u00bbregular\u00bb image=\u00bbsteadysets-icon-chat\u00bb] <strong>Contexto<\/strong><\/br><\/br><\/p>\n<p style=\"text-align: justify;\">Spot de la Campa\u00f1a de H\u00e9ctor Heli Rojas en la contienda del Partido Liberal, durante el a\u00f1o 2009, durante la escogencia del candidato oficial del mencionado Partido. Es una pieza sin mayor creatividad que obedece a una est\u00e9tica tradicional sin mayor capacidad de persuasi\u00f3n o recordaci\u00f3n.<\/p><\/p>\n","protected":false},"excerpt":{"rendered":"<p>*Video: quiero ser presidente &#8211; rojas [icon color=\u00bbAccent-Color\u00bb size=\u00bbregular\u00bb image=\u00bbsteadysets-icon-chat\u00bb] Contexto Spot de la Campa\u00f1a de H\u00e9ctor Heli Rojas en la contienda del Partido Liberal, durante el a\u00f1o 2009, durante la escogencia del candidato oficial del mencionado Partido. Es una pieza sin mayor creatividad que obedece a una est\u00e9tica tradicional sin mayor capacidad de persuasi\u00f3n [&hellip;]<\/p>\n","protected":false},"author":5,"featured_media":21608,"comment_status":"open","ping_status":"open","sticky":false,"template":"","format":"standard","meta":{"_et_pb_use_builder":"","_et_pb_old_content":"","_et_gb_content_width":"","advanced_seo_description":"","jetpack_seo_html_title":"","jetpack_seo_noindex":false,"footnotes":""},"categories":[57,62,34,10,11,3],"tags":[274,738,392],"class_list":["post-21607","post","type-post","status-publish","format-standard","has-post-thumbnail","hentry","category-campana-presidencial","category-colombia","category-electoral","category-geo","category-temas","category-video","tag-elecciones-2009","tag-hector-heli-rojas","tag-partido-liberal-colombiano"],"jetpack_featured_media_url":"https:\/\/i0.wp.com\/estrategica.com.co\/blog\/wp-content\/uploads\/2010\/06\/comercial_thumb.png?fit=600%2C496&ssl=1","jetpack_shortlink":"https:\/\/wp.me\/p4wgsh-5Cv","jetpack-related-posts":[{"id":21601,"url":"https:\/\/estrategica.com.co\/blog\/soy-liberal-soy-colombiano-pardo-9\/","url_meta":{"origin":21607,"position":0},"title":"Soy Liberal Soy Colombiano &#8211; Pardo","author":"Juliana","date":"junio 12, 2010","format":false,"excerpt":"[hana-flv-player video=\"\/blog\/wp-content\/uploads\/2009\/01\/20100609\/ClaraRojasHectorHelRojasinvitanaloscolombianosavotar.flv\" width=\"550\" height=\"\" description=\"Soy Liberal Soy Colombiano - Pardo\" clickurl=\"\" clicktarget=\"\" player=\"4\" autoplay=\"false\" loop=\"false\" autorewind=\"true\" splashimage=\"\" skin=\"\" \/] [icon color=\"Accent-Color\" size=\"regular\" image=\"steadysets-icon-chat\"] Contexto Spot de la campa\u00f1a de Rafal Pardo para la Presidencia de Colombia, durante la contienda electoral de 2010. La campa\u00f1a de Pardo tiene tres etapas en\u2026","rel":"","context":"En \u00abCampa\u00f1a Cuerpo Colegiado\u00bb","block_context":{"text":"Campa\u00f1a Cuerpo Colegiado","link":"https:\/\/estrategica.com.co\/blog\/category\/temas\/campana-colegiada\/"},"img":{"alt_text":"","src":"","width":0,"height":0},"classes":[]},{"id":21792,"url":"https:\/\/estrategica.com.co\/blog\/somos-liberales-somos-colombianos-pardo\/","url_meta":{"origin":21607,"position":1},"title":"Somos Liberales; Somos Colombianos &#8211; Pardo","author":"Juliana","date":"junio 11, 2010","format":false,"excerpt":"[hana-flv-player video=\"\/blog\/wp-content\/uploads\/2009\/01\/20100609\/Somosliberalessomoscolombianos.flv\" width=\"550\" height=\"\" description=\"Somos Liberales; Somos Colombianos - Pardo\" clickurl=\"\" clicktarget=\"\" player=\"4\" autoplay=\"false\" loop=\"false\" autorewind=\"true\" splashimage=\"\" skin=\"\" \/] [icon color=\"Accent-Color\" size=\"regular\" image=\"steadysets-icon-chat\"] Contexto Spot de la campa\u00f1a de Rafal Pardo para la Presidencia de Colombia, durante la contienda electoral de 2010. La campa\u00f1a de Pardo tiene tres etapas en\u2026","rel":"","context":"En \u00abCampa\u00f1a Cuerpo Colegiado\u00bb","block_context":{"text":"Campa\u00f1a Cuerpo Colegiado","link":"https:\/\/estrategica.com.co\/blog\/category\/temas\/campana-colegiada\/"},"img":{"alt_text":"","src":"https:\/\/i0.wp.com\/estrategica.com.co\/blog\/wp-content\/uploads\/2010\/06\/Somosliberalessomoscolombianos_thumb.png?fit=544%2C428&ssl=1&resize=350%2C200","width":350,"height":200},"classes":[]},{"id":21811,"url":"https:\/\/estrategica.com.co\/blog\/acompaneme-en-la-consulta-liberal-pardo\/","url_meta":{"origin":21607,"position":2},"title":"Acompa\u00f1eme en la Consulta Liberal &#8211; Pardo","author":"Juliana","date":"junio 11, 2010","format":false,"excerpt":"[hana-flv-player video=\"\/blog\/wp-content\/uploads\/2009\/01\/20100609\/Todospodemosvotarel27deseptiembre.flv\" width=\"550\" height=\"\" description=\"Acompa\u00f1eme en la Consulta Liberal - Pardo\" clickurl=\"\" clicktarget=\"\" player=\"4\" autoplay=\"false\" loop=\"false\" autorewind=\"true\" splashimage=\"\" skin=\"\" \/] [icon color=\"Accent-Color\" size=\"regular\" image=\"steadysets-icon-chat\"] Contexto Spot de la campa\u00f1a de Rafal Pardo para la Presidencia de Colombia, durante la contienda electoral de 2010. La campa\u00f1a de Pardo tiene tres etapas\u2026","rel":"","context":"En \u00abCampa\u00f1a Presidencial\u00bb","block_context":{"text":"Campa\u00f1a Presidencial","link":"https:\/\/estrategica.com.co\/blog\/category\/temas\/campana-presidencial\/"},"img":{"alt_text":"","src":"https:\/\/i0.wp.com\/estrategica.com.co\/blog\/wp-content\/uploads\/2010\/06\/Todospodemosvotarel27deseptiembre_thumb.png?fit=624%2C439&ssl=1&resize=350%2C200","width":350,"height":200},"classes":[]},{"id":21671,"url":"https:\/\/estrategica.com.co\/blog\/somos-liberales-somos-colombianos-pardo-2\/","url_meta":{"origin":21607,"position":3},"title":"Somos Liberales, Somos Colombianos &#8211; Pardo","author":"Juliana","date":"junio 12, 2010","format":false,"excerpt":"[hana-flv-player video=\"\/blog\/wp-content\/uploads\/2009\/01\/20100609\/COMERCIALSOMOSLIBERALES.flv\" width=\"550\" height=\"\" description=\"Somos Liberales, Somos Colombianos - Pardo\" clickurl=\"\" clicktarget=\"\" player=\"4\" autoplay=\"false\" loop=\"false\" autorewind=\"true\" splashimage=\"\" skin=\"\" \/] [icon color=\"Accent-Color\" size=\"regular\" image=\"steadysets-icon-chat\"] Contexto Spot de la campa\u00f1a de Rafal Pardo para la Presidencia de Colombia, durante la contienda electoral de 2010. La campa\u00f1a de Pardo tiene tres etapas en\u2026","rel":"","context":"En \u00abCampa\u00f1a Cuerpo Colegiado\u00bb","block_context":{"text":"Campa\u00f1a Cuerpo Colegiado","link":"https:\/\/estrategica.com.co\/blog\/category\/temas\/campana-colegiada\/"},"img":{"alt_text":"","src":"https:\/\/i0.wp.com\/estrategica.com.co\/blog\/wp-content\/uploads\/2010\/06\/COMERCIALSOMOSLIBERALES_thumb.png?fit=650%2C417&ssl=1&resize=350%2C200","width":350,"height":200},"classes":[]},{"id":21742,"url":"https:\/\/estrategica.com.co\/blog\/soy-liberal-soy-colombiano-pardo-5\/","url_meta":{"origin":21607,"position":4},"title":"Soy Liberal Soy Colombiano &#8211; Pardo","author":"Juliana","date":"junio 11, 2010","format":false,"excerpt":"[hana-flv-player video=\"\/blog\/wp-content\/uploads\/2009\/01\/20100609\/MEGUSTAMAS2.flv\" width=\"550\" height=\"\" description=\"Soy Liberal Soy Colombiano - Pardo\" clickurl=\"\" clicktarget=\"\" player=\"4\" autoplay=\"false\" loop=\"false\" autorewind=\"true\" splashimage=\"\" skin=\"\" \/] [icon color=\"Accent-Color\" size=\"regular\" image=\"steadysets-icon-chat\"] Contexto Spot de la campa\u00f1a de Rafal Pardo para la Presidencia de Colombia, durante la contienda electoral de 2010. La campa\u00f1a de Pardo tiene tres etapas en\u2026","rel":"","context":"En \u00abCampa\u00f1a Cuerpo Colegiado\u00bb","block_context":{"text":"Campa\u00f1a Cuerpo Colegiado","link":"https:\/\/estrategica.com.co\/blog\/category\/temas\/campana-colegiada\/"},"img":{"alt_text":"","src":"https:\/\/i0.wp.com\/estrategica.com.co\/blog\/wp-content\/uploads\/2010\/06\/MEGUSTAMAS2_thumb.png?fit=558%2C422&ssl=1&resize=350%2C200","width":350,"height":200},"classes":[]},{"id":21796,"url":"https:\/\/estrategica.com.co\/blog\/somos-liberales-somos-mayoria-pardo\/","url_meta":{"origin":21607,"position":5},"title":"Somos Liberales, Somos Mayor\u00eda &#8211; Pardo","author":"Juliana","date":"junio 11, 2010","format":false,"excerpt":"[hana-flv-player video=\"\/blog\/wp-content\/uploads\/2009\/01\/20100609\/SomosliberalesSomosmayora.flv\" width=\"550\" height=\"\" description=\"Somos Liberales, Somos Mayor\u00eda - Pardo\" clickurl=\"\" clicktarget=\"\" player=\"4\" autoplay=\"false\" loop=\"false\" autorewind=\"true\" splashimage=\"\" skin=\"\" \/] [icon color=\"Accent-Color\" size=\"regular\" image=\"steadysets-icon-chat\"] Contexto Spot de la campa\u00f1a de Rafal Pardo para la Presidencia de Colombia, durante la contienda electoral de 2010. La campa\u00f1a de Pardo tiene tres etapas en\u2026","rel":"","context":"En \u00abCampa\u00f1a Presidencial\u00bb","block_context":{"text":"Campa\u00f1a Presidencial","link":"https:\/\/estrategica.com.co\/blog\/category\/temas\/campana-presidencial\/"},"img":{"alt_text":"","src":"https:\/\/i0.wp.com\/estrategica.com.co\/blog\/wp-content\/uploads\/2010\/06\/SomosliberalesSomosmayora_thumb.png?fit=676%2C580&ssl=1&resize=350%2C200","width":350,"height":200},"classes":[]}],"jetpack_sharing_enabled":true,"_links":{"self":[{"href":"https:\/\/estrategica.com.co\/blog\/wp-json\/wp\/v2\/posts\/21607","targetHints":{"allow":["GET"]}}],"collection":[{"href":"https:\/\/estrategica.com.co\/blog\/wp-json\/wp\/v2\/posts"}],"about":[{"href":"https:\/\/estrategica.com.co\/blog\/wp-json\/wp\/v2\/types\/post"}],"author":[{"embeddable":true,"href":"https:\/\/estrategica.com.co\/blog\/wp-json\/wp\/v2\/users\/5"}],"replies":[{"embeddable":true,"href":"https:\/\/estrategica.com.co\/blog\/wp-json\/wp\/v2\/comments?post=21607"}],"version-history":[{"count":4,"href":"https:\/\/estrategica.com.co\/blog\/wp-json\/wp\/v2\/posts\/21607\/revisions"}],"predecessor-version":[{"id":43399,"href":"https:\/\/estrategica.com.co\/blog\/wp-json\/wp\/v2\/posts\/21607\/revisions\/43399"}],"wp:featuredmedia":[{"embeddable":true,"href":"https:\/\/estrategica.com.co\/blog\/wp-json\/wp\/v2\/media\/21608"}],"wp:attachment":[{"href":"https:\/\/estrategica.com.co\/blog\/wp-json\/wp\/v2\/media?parent=21607"}],"wp:term":[{"taxonomy":"category","embeddable":true,"href":"https:\/\/estrategica.com.co\/blog\/wp-json\/wp\/v2\/categories?post=21607"},{"taxonomy":"post_tag","embeddable":true,"href":"https:\/\/estrategica.com.co\/blog\/wp-json\/wp\/v2\/tags?post=21607"}],"curies":[{"name":"wp","href":"https:\/\/api.w.org\/{rel}","templated":true}]}}