{"id":21758,"date":"2010-06-15T16:19:26","date_gmt":"2010-06-15T16:19:26","guid":{"rendered":"http:\/\/estrategica.com.co\/blog\/?p=21758"},"modified":"2014-09-23T10:09:36","modified_gmt":"2014-09-23T15:09:36","slug":"futbolistas-nike-vs-racismo","status":"publish","type":"post","link":"https:\/\/estrategica.com.co\/blog\/futbolistas-nike-vs-racismo\/","title":{"rendered":"Futbolistas &#8211; Nike vs Racismo"},"content":{"rendered":"<p> <script type='text\/javascript' src='https:\/\/estrategica.com.co\/blog\/wp-content\/plugins\/hana-flv-player\/flowplayer3\/example\/flowplayer-3.2.6.min.js'><\/script>\n<div >\n<div id='hana_flv_flow3_1' style='display:block;width:550px;height:413px;background-color:#555555;color:#ffffff;padding:0' title=\"*Video:futbolistas - nike vs racismo \"><\/div>\n<\/div>\n\n<script  type='text\/javascript'>\nif (typeof g_hanaFlash !== 'undefined' && !g_hanaFlash){\n    jQuery('#hana_flv_flow3_1').css( 'padding', '5px' );\n\tjQuery('#hana_flv_flow3_1').html(\"<span class='inactive_message' style='display:block'>Sorry, your browser does not support Flash Video Player<\/span> *Video:futbolistas - nike vs racismo \");\n}else{\t\t\t\n\t\tflowplayer('hana_flv_flow3_1', { src: 'https:\/\/estrategica.com.co\/blog\/wp-content\/plugins\/hana-flv-player\/flowplayer3\/flowplayer-3.2.7.swf', wmode: 'transparent' }, { \n\n\t\t\tcanvas: { backgroundColor: '#000000', backgroundGradient: 'none',},\n    \t\tclip:  { \n    \t\t\turl: '\/blog\/wp-content\/uploads\/2009\/01\/20100609\/NikevsRacismo.flv',\n        \t\tscaling: 'fit', autoPlay: false, autoBuffering: true \n\t\t\t\t   , onFinish : function () { this.seek(0); }  \n\n\t        }\n\n\t\t});\n}\n<\/script><br \/>\n<\/br><\/p>\n<p>[icon color=\u00bbAccent-Color\u00bb size=\u00bbregular\u00bb image=\u00bbsteadysets-icon-chat\u00bb] <strong>Contexto<\/strong><\/br><\/br><\/p>\n<p style=\"text-align: justify;\">Spot de Nike, en 2008, en donde a trav\u00e9s de la vocer\u00eda de algunos futbolistas famosos sensibiliza acerca de la problem\u00e1tica de la discriminaci\u00f3n racial. Una pieza interesante por la vocer\u00eda de celebridades que capta la atenci\u00f3n del aficionado.<\/p><\/p>\n","protected":false},"excerpt":{"rendered":"<p>*Video: futbolistas &#8211; nike vs racismo [icon color=\u00bbAccent-Color\u00bb size=\u00bbregular\u00bb image=\u00bbsteadysets-icon-chat\u00bb] Contexto Spot de Nike, en 2008, en donde a trav\u00e9s de la vocer\u00eda de algunos futbolistas famosos sensibiliza acerca de la problem\u00e1tica de la discriminaci\u00f3n racial. Una pieza interesante por la vocer\u00eda de celebridades que capta la atenci\u00f3n del aficionado.<\/p>\n","protected":false},"author":5,"featured_media":21759,"comment_status":"open","ping_status":"open","sticky":false,"template":"","format":"standard","meta":{"_et_pb_use_builder":"","_et_pb_old_content":"","_et_gb_content_width":"","advanced_seo_description":"","jetpack_seo_html_title":"","jetpack_seo_noindex":false,"footnotes":""},"categories":[268,263,27,64,10,35,11,3],"tags":[609,657],"class_list":["post-21758","post","type-post","status-publish","format-standard","has-post-thumbnail","hentry","category-268","category-ano","category-divulgacion-politica","category-estados-unidos","category-geo","category-mensaje-politico","category-temas","category-video","tag-discriminacion","tag-racismo"],"jetpack_featured_media_url":"https:\/\/i0.wp.com\/estrategica.com.co\/blog\/wp-content\/uploads\/2010\/06\/NikevsRacismo_thumb.png?fit=754%2C624&ssl=1","jetpack_shortlink":"https:\/\/wp.me\/p4wgsh-5EW","jetpack-related-posts":[{"id":19643,"url":"https:\/\/estrategica.com.co\/blog\/balon-amnistia-internacional\/","url_meta":{"origin":21758,"position":0},"title":"Bal\u00f3n &#8211; Amnist\u00eda Internacional","author":"estrategica.com","date":"octubre 4, 2009","format":false,"excerpt":"Afiche de Amnist\u00eda Internacional en Puerto Rico realizado en el a\u00f1o 2006. La pieza utiliza maravillosamente la pasi\u00f3n del futbol para posicionar un mensaje de antirracismo y tolerancia. La grafica muestra un bal\u00f3n de futbol y el texto dice: \"En este maravilloso juego, el blanco y el negro siempre han\u2026","rel":"","context":"En \u00ab2006\u00bb","block_context":{"text":"2006","link":"https:\/\/estrategica.com.co\/blog\/category\/ano\/2006\/"},"img":{"alt_text":"","src":"https:\/\/i0.wp.com\/estrategica.com.co\/blog\/wp-content\/uploads\/2009\/10\/amnistia_racismo-726497.jpg?fit=400%2C307&ssl=1&resize=350%2C200","width":350,"height":200},"classes":[]},{"id":2621,"url":"https:\/\/estrategica.com.co\/blog\/junta-aragonesa-futbol\/","url_meta":{"origin":21758,"position":1},"title":"Junta Aragonesa: Futbol","author":"Juliana","date":"febrero 14, 2009","format":false,"excerpt":"[hana-flv-player video=\"\/blog\/wp-content\/uploads\/2009\/01\/ESPANA\/Aragon_Futbol.flv\" width=\"550\" height=\"\" description=\"Junta Aragonesa: Futbol\" clickurl=\"\" clicktarget=\"\" player=\"4\" autoplay=\"false\" loop=\"false\" autorewind=\"true\" splashimage=\"\" skin=\"\" \/] [icon color=\"Accent-Color\" size=\"regular\" image=\"steadysets-icon-chat\"] Contexto Divertido spot de la Junta Aragonesa en donde se utilizan los comportamientos del futbol para evidenciar la importancia de que Arag\u00f3n tenga una voz en Madrid.\u00a0 La idea es\u2026","rel":"","context":"En \u00ab2008\u00bb","block_context":{"text":"2008","link":"https:\/\/estrategica.com.co\/blog\/category\/ano\/2008\/"},"img":{"alt_text":"","src":"","width":0,"height":0},"classes":[]},{"id":31414,"url":"https:\/\/estrategica.com.co\/blog\/winningmessagehowmuchtimeshouldshedo\/","url_meta":{"origin":21758,"position":2},"title":"Aborto","author":"Juliana","date":"diciembre 22, 2011","format":false,"excerpt":"[hana-flv-player video=\"\/blog\/wp-content\/uploads\/2009\/01\/20111213\/WinningMessageHowMuchTimeShouldSheDo.flv\" width=\"550\" height=\"\" description=\"Aborto \" clickurl=\"\" clicktarget=\"\" player=\"4\" autoplay=\"false\" loop=\"false\" autorewind=\"false\" splashimage=\"\" skin=\"\" \/] [icon color=\"Accent-Color\" size=\"regular\" image=\"steadysets-icon-chat\"] Contexto Spot contra John McCain por querer anular el fallo Roe vs Wade prohibiendo as\u00ed el aborto. La pieza advierte que de suceder as\u00ed todos los que participen en un aborto,\u2026","rel":"","context":"En \u00ab2008\u00bb","block_context":{"text":"2008","link":"https:\/\/estrategica.com.co\/blog\/category\/ano\/2008\/"},"img":{"alt_text":"","src":"https:\/\/i0.wp.com\/estrategica.com.co\/blog\/wp-content\/uploads\/2011\/12\/WinningMessageHowMuchTimeShouldSheDo_thumb.png?fit=653%2C556&ssl=1&resize=350%2C200","width":350,"height":200},"classes":[]},{"id":21574,"url":"https:\/\/estrategica.com.co\/blog\/el-poder-de-una-firma-amnistia-internacional\/","url_meta":{"origin":21758,"position":3},"title":"El Poder de una Firma &#8211; Amnist\u00eda Internacional","author":"Juliana","date":"junio 15, 2010","format":false,"excerpt":"[hana-flv-player video=\"\/blog\/wp-content\/uploads\/2009\/01\/20100609\/AmnInternacionalFranc.flv\" width=\"550\" height=\"\" description=\"El Poder de una Firma - Amnist\u00eda Internacional\" clickurl=\"\" clicktarget=\"\" player=\"4\" autoplay=\"false\" loop=\"false\" autorewind=\"true\" splashimage=\"\" skin=\"\" \/] [icon color=\"Accent-Color\" size=\"regular\" image=\"steadysets-icon-chat\"] Contexto Spot de Amnist\u00eda Internacional en Francia, en 2008, donde se desarrolla el concepto de una pieza similar denominada EL PODER DE UNA FIRMA. En\u2026","rel":"","context":"En \u00ab2008\u00bb","block_context":{"text":"2008","link":"https:\/\/estrategica.com.co\/blog\/category\/ano\/2008\/"},"img":{"alt_text":"","src":"https:\/\/i0.wp.com\/estrategica.com.co\/blog\/wp-content\/uploads\/2010\/06\/AmnInternacionalFranc_thumb.png?fit=491%2C315&ssl=1&resize=350%2C200","width":350,"height":200},"classes":[]},{"id":11017,"url":"https:\/\/estrategica.com.co\/blog\/francia-frente-nacional-le-pen\/","url_meta":{"origin":21758,"position":4},"title":"Francia &#8211; Frente Nacional &#8211; Le Pen","author":"Juliana","date":"abril 8, 2009","format":false,"excerpt":"[hana-flv-player video=\"\/blog\/wp-content\/uploads\/2009\/01\/carpeta_muchos_varios\/FranciaFrontNational07.flv\" width=\"550\" height=\"\" description=\"Francia - Frente Nacional - Le Pen\" clickurl=\"\" clicktarget=\"\" player=\"4\" autoplay=\"false\" loop=\"false\" autorewind=\"true\" splashimage=\"\" skin=\"\" \/] [icon color=\"Accent-Color\" size=\"regular\" image=\"steadysets-icon-chat\"] Contexto Jean-Marie Le Pen es el representante de la extrema derecha pol\u00edtica a trav\u00e9s del partido Frente Nacional a nombre del cual ha sido candidato a\u2026","rel":"","context":"En \u00abCampa\u00f1a Presidencial\u00bb","block_context":{"text":"Campa\u00f1a Presidencial","link":"https:\/\/estrategica.com.co\/blog\/category\/temas\/campana-presidencial\/"},"img":{"alt_text":"","src":"https:\/\/i0.wp.com\/estrategica.com.co\/blog\/wp-content\/uploads\/2009\/04\/franciafrontnational07_thumb.png?fit=299%2C213&ssl=1&resize=350%2C200","width":350,"height":200},"classes":[]},{"id":23463,"url":"https:\/\/estrategica.com.co\/blog\/doctorswithoutborderspenalty\/","url_meta":{"origin":21758,"position":5},"title":"Penalty &#8211; M\u00e9dicos sin Fronteras","author":"Juliana","date":"febrero 8, 2011","format":false,"excerpt":"[hana-flv-player video=\"\/blog\/wp-content\/uploads\/2009\/01\/20100708\/DoctorsWithoutBordersPenalty.flv\" width=\"550\" height=\"\" description=\"Penalty - M\u00e9dicos sin Fronteras\" clickurl=\"\" clicktarget=\"\" player=\"4\" autoplay=\"false\" loop=\"false\" autorewind=\"true\" splashimage=\"\" skin=\"\" \/] [icon color=\"Accent-Color\" size=\"regular\" image=\"steadysets-icon-chat\"] Contexto Spot de m\u00e9dicos sin Fronteras en Noruega, en el a\u00f1o 2008, donde se posiciona la actividad de la organizaci\u00f3n a trav\u00e9s de la problem\u00e1tica de las minas\u2026","rel":"","context":"En \u00ab2008\u00bb","block_context":{"text":"2008","link":"https:\/\/estrategica.com.co\/blog\/category\/ano\/2008\/"},"img":{"alt_text":"","src":"https:\/\/i0.wp.com\/estrategica.com.co\/blog\/wp-content\/uploads\/2010\/07\/DoctorsWithoutBordersPenalty_thumb.png?fit=588%2C370&ssl=1&resize=350%2C200","width":350,"height":200},"classes":[]}],"jetpack_sharing_enabled":true,"_links":{"self":[{"href":"https:\/\/estrategica.com.co\/blog\/wp-json\/wp\/v2\/posts\/21758","targetHints":{"allow":["GET"]}}],"collection":[{"href":"https:\/\/estrategica.com.co\/blog\/wp-json\/wp\/v2\/posts"}],"about":[{"href":"https:\/\/estrategica.com.co\/blog\/wp-json\/wp\/v2\/types\/post"}],"author":[{"embeddable":true,"href":"https:\/\/estrategica.com.co\/blog\/wp-json\/wp\/v2\/users\/5"}],"replies":[{"embeddable":true,"href":"https:\/\/estrategica.com.co\/blog\/wp-json\/wp\/v2\/comments?post=21758"}],"version-history":[{"count":4,"href":"https:\/\/estrategica.com.co\/blog\/wp-json\/wp\/v2\/posts\/21758\/revisions"}],"predecessor-version":[{"id":43580,"href":"https:\/\/estrategica.com.co\/blog\/wp-json\/wp\/v2\/posts\/21758\/revisions\/43580"}],"wp:featuredmedia":[{"embeddable":true,"href":"https:\/\/estrategica.com.co\/blog\/wp-json\/wp\/v2\/media\/21759"}],"wp:attachment":[{"href":"https:\/\/estrategica.com.co\/blog\/wp-json\/wp\/v2\/media?parent=21758"}],"wp:term":[{"taxonomy":"category","embeddable":true,"href":"https:\/\/estrategica.com.co\/blog\/wp-json\/wp\/v2\/categories?post=21758"},{"taxonomy":"post_tag","embeddable":true,"href":"https:\/\/estrategica.com.co\/blog\/wp-json\/wp\/v2\/tags?post=21758"}],"curies":[{"name":"wp","href":"https:\/\/api.w.org\/{rel}","templated":true}]}}