{"id":21789,"date":"2010-06-14T19:41:11","date_gmt":"2010-06-14T19:41:11","guid":{"rendered":"http:\/\/estrategica.com.co\/blog\/?p=21789"},"modified":"2014-09-23T10:28:49","modified_gmt":"2014-09-23T15:28:49","slug":"rajoy-es-el-futuro-pp","status":"publish","type":"post","link":"https:\/\/estrategica.com.co\/blog\/rajoy-es-el-futuro-pp\/","title":{"rendered":"Rajoy es el Futuro &#8211; PP"},"content":{"rendered":"<p> <script type='text\/javascript' src='https:\/\/estrategica.com.co\/blog\/wp-content\/plugins\/hana-flv-player\/flowplayer3\/example\/flowplayer-3.2.6.min.js'><\/script>\n<div >\n<div id='hana_flv_flow3_1' style='display:block;width:550px;height:413px;background-color:#555555;color:#ffffff;padding:0' title=\"*Video:rajoy es el futuro - pp\"><\/div>\n<\/div>\n\n<script  type='text\/javascript'>\nif (typeof g_hanaFlash !== 'undefined' && !g_hanaFlash){\n    jQuery('#hana_flv_flow3_1').css( 'padding', '5px' );\n\tjQuery('#hana_flv_flow3_1').html(\"<span class='inactive_message' style='display:block'>Sorry, your browser does not support Flash Video Player<\/span> *Video:rajoy es el futuro - pp\");\n}else{\t\t\t\n\t\tflowplayer('hana_flv_flow3_1', { src: 'https:\/\/estrategica.com.co\/blog\/wp-content\/plugins\/hana-flv-player\/flowplayer3\/flowplayer-3.2.7.swf', wmode: 'transparent' }, { \n\n\t\t\tcanvas: { backgroundColor: '#000000', backgroundGradient: 'none',},\n    \t\tclip:  { \n    \t\t\turl: '\/blog\/wp-content\/uploads\/2009\/01\/20100609\/Rajoyeselfuturocopia.flv',\n        \t\tscaling: 'fit', autoPlay: false, autoBuffering: true \n\t\t\t\t   , onFinish : function () { this.seek(0); }  \n\n\t        }\n\n\t\t});\n}\n<\/script><br \/>\n<\/br><\/p>\n<p>[icon color=\u00bbAccent-Color\u00bb size=\u00bbregular\u00bb image=\u00bbsteadysets-icon-chat\u00bb] <strong>Contexto<\/strong><\/br><\/br><\/p>\n<p style=\"text-align: justify;\">Video con la Presentaci\u00f3n de Mariano Rajoy en la Convenci\u00f3n Nacional del Partido Popular celebrada en marzo de 2006. Una pieza est\u00e9ticamente interesante, emocional, pero sin un contenido claro en materia pol\u00edtica.<\/p><\/p>\n","protected":false},"excerpt":{"rendered":"<p>*Video: rajoy es el futuro &#8211; pp [icon color=\u00bbAccent-Color\u00bb size=\u00bbregular\u00bb image=\u00bbsteadysets-icon-chat\u00bb] Contexto Video con la Presentaci\u00f3n de Mariano Rajoy en la Convenci\u00f3n Nacional del Partido Popular celebrada en marzo de 2006. Una pieza est\u00e9ticamente interesante, emocional, pero sin un contenido claro en materia pol\u00edtica.<\/p>\n","protected":false},"author":5,"featured_media":21790,"comment_status":"open","ping_status":"open","sticky":false,"template":"","format":"standard","meta":{"_et_pb_use_builder":"","_et_pb_old_content":"","_et_gb_content_width":"","advanced_seo_description":"","jetpack_seo_html_title":"","jetpack_seo_noindex":false,"footnotes":""},"categories":[264,263,27,23,10,35,11,3],"tags":[97,100,99],"class_list":["post-21789","post","type-post","status-publish","format-standard","has-post-thumbnail","hentry","category-264","category-ano","category-divulgacion-politica","category-espana","category-geo","category-mensaje-politico","category-temas","category-video","tag-mariano-rajoy","tag-partido-popular","tag-pp"],"jetpack_featured_media_url":"https:\/\/i0.wp.com\/estrategica.com.co\/blog\/wp-content\/uploads\/2010\/06\/Rajoyeselfuturocopia_thumb.png?fit=707%2C578&ssl=1","jetpack_shortlink":"https:\/\/wp.me\/p4wgsh-5Fr","jetpack-related-posts":[{"id":17634,"url":"https:\/\/estrategica.com.co\/blog\/los-ninos-del-partido-popular-navidad-rajoy\/","url_meta":{"origin":21789,"position":0},"title":"Los Ni\u00f1os del Partido Popular &#8211; Navidad &#8211; Rajoy","author":"Juliana","date":"junio 20, 2009","format":false,"excerpt":"[hana-flv-player video=\"\/blog\/wp-content\/uploads\/2009\/01\/videosultimosconver\/navidadPP.flv\" width=\"550\" height=\"\" description=\"Los Ni\u00f1os del Partido Popular - Navidad - Rajoy\" clickurl=\"\" clicktarget=\"\" player=\"4\" autoplay=\"false\" loop=\"false\" autorewind=\"true\" splashimage=\"\" skin=\"\" \/] [icon color=\"Accent-Color\" size=\"regular\" image=\"steadysets-icon-chat\"] Contexto Video del Partido Popular durante la navidad de 2008. En la pieza aparecen las im\u00e1genes infantiles de algunos de los l\u00edderes del PP\u2026","rel":"","context":"En \u00ab2008\u00bb","block_context":{"text":"2008","link":"https:\/\/estrategica.com.co\/blog\/category\/ano\/2008\/"},"img":{"alt_text":"","src":"https:\/\/i0.wp.com\/estrategica.com.co\/blog\/wp-content\/uploads\/2009\/06\/navidadpp_thumb1.png?fit=424%2C320&ssl=1&resize=350%2C200","width":350,"height":200},"classes":[]},{"id":18862,"url":"https:\/\/estrategica.com.co\/blog\/feliz-navidad-rajoy\/","url_meta":{"origin":21789,"position":1},"title":"Feliz Navidad &#8211; Rajoy","author":"Juliana","date":"julio 10, 2009","format":false,"excerpt":"[hana-flv-player video=\"\/blog\/wp-content\/uploads\/2009\/01\/videosotrosfin\/Mariano_el_PP_felicitan_la_Navidad.flv\" width=\"550\" height=\"\" description=\"Mapa de la Inseguridad - de Narv\u00e1ez\" clickurl=\"\" clicktarget=\"\" player=\"4\" autoplay=\"false\" loop=\"false\" autorewind=\"true\" splashimage=\"\" skin=\"\" \/] [icon color=\"Accent-Color\" size=\"regular\" image=\"steadysets-icon-chat\"] Contexto Spot del Partido Popular en diciembre de 2007 para desearles feliz navidad a los espa\u00f1oles. La pieza muestra la cotidianidad del partido en un ambiente\u2026","rel":"","context":"En \u00ab2007\u00bb","block_context":{"text":"2007","link":"https:\/\/estrategica.com.co\/blog\/category\/ano\/2007\/"},"img":{"alt_text":"","src":"https:\/\/i0.wp.com\/estrategica.com.co\/blog\/wp-content\/uploads\/2009\/07\/mariano_el_pp_felicitan_la_navidad_thumb.png?fit=580%2C426&ssl=1&resize=350%2C200","width":350,"height":200},"classes":[]},{"id":2673,"url":"https:\/\/estrategica.com.co\/blog\/confianza_pp\/","url_meta":{"origin":21789,"position":2},"title":"Confianza en el Futuro &#8211; PP","author":"Juliana","date":"enero 28, 2009","format":false,"excerpt":"[hana-flv-player video=\"\/blog\/wp-content\/uploads\/2009\/01\/ESPANA\/Confianza_PP.flv\" width=\"550\" height=\"\" description=\"Confianza en el Futuro - PP\" clickurl=\"\" clicktarget=\"\" player=\"4\" autoplay=\"false\" loop=\"false\" autorewind=\"true\" splashimage=\"\" skin=\"\" \/] [icon color=\"Accent-Color\" size=\"regular\" image=\"steadysets-icon-chat\"] Contexto Campa\u00f1a del Partido Popular Espa\u00f1ol para las elecciones Auton\u00f3micas y Municipales de 2007. La estrategia es conectarse con el ciudadano com\u00fan y corriente con un mensaje\u2026","rel":"","context":"En \u00abCampa\u00f1a Uninominal\u00bb","block_context":{"text":"Campa\u00f1a Uninominal","link":"https:\/\/estrategica.com.co\/blog\/category\/temas\/campana-uninominal\/"},"img":{"alt_text":"","src":"","width":0,"height":0},"classes":[]},{"id":7048,"url":"https:\/\/estrategica.com.co\/blog\/con-cabeza-y-corazon-rajoy\/","url_meta":{"origin":21789,"position":3},"title":"Con Cabeza y Coraz\u00f3n &#8211; Rajoy","author":"Juliana","date":"marzo 19, 2009","format":false,"excerpt":"[hana-flv-player video=\"\/blog\/wp-content\/uploads\/2009\/01\/videos_varios_f\/CABEZA_Y_CORAZON_Elecciones_2008.flv\" width=\"550\" height=\"\" description=\"Con Cabeza y Coraz\u00f3n - Rajoy\" clickurl=\"\" clicktarget=\"\" player=\"4\" autoplay=\"false\" loop=\"false\" autorewind=\"true\" splashimage=\"\" skin=\"\" \/] [icon color=\"Accent-Color\" size=\"regular\" image=\"steadysets-icon-chat\"] Contexto En esta campa\u00f1a tanto el PSOE como el PP actuaron err\u00e1ticamente en materia de publicidad. Cambiaron varias veces de imagen, mezclaban unas con otras, y generaban\u2026","rel":"","context":"En \u00abCampa\u00f1a Presidencial\u00bb","block_context":{"text":"Campa\u00f1a Presidencial","link":"https:\/\/estrategica.com.co\/blog\/category\/temas\/campana-presidencial\/"},"img":{"alt_text":"","src":"https:\/\/i0.wp.com\/estrategica.com.co\/blog\/wp-content\/uploads\/2009\/03\/cabeza_y_corazon_elecciones_2008_thumb.png?fit=305%2C244&ssl=1&resize=350%2C200","width":350,"height":200},"classes":[]},{"id":7607,"url":"https:\/\/estrategica.com.co\/blog\/juntos-vamos-a-mas-rajoy\/","url_meta":{"origin":21789,"position":4},"title":"Juntos Vamos a M\u00e1s &#8211; Rajoy","author":"Juliana","date":"marzo 22, 2009","format":false,"excerpt":"[hana-flv-player video=\"\/blog\/wp-content\/uploads\/2009\/01\/videos_varios_f\/Juntos_vamos_a_mas_1__PP_2004.flv\" width=\"550\" height=\"\" description=\"Juntos Vamos a M\u00e1s - Rajoy\" clickurl=\"\" clicktarget=\"\" player=\"4\" autoplay=\"false\" loop=\"false\" autorewind=\"true\" splashimage=\"\" skin=\"\" \/] [icon color=\"Accent-Color\" size=\"regular\" image=\"steadysets-icon-chat\"] Contexto Spot de campa\u00f1a del Partido Popular para las elecciones de 2004. La imagen central de la campa\u00f1a es un mapa de Espa\u00f1a conformado por miles de\u2026","rel":"","context":"En \u00abCampa\u00f1a Presidencial\u00bb","block_context":{"text":"Campa\u00f1a Presidencial","link":"https:\/\/estrategica.com.co\/blog\/category\/temas\/campana-presidencial\/"},"img":{"alt_text":"","src":"https:\/\/i0.wp.com\/estrategica.com.co\/blog\/wp-content\/uploads\/2009\/03\/juntos_vamos_a_mas_1__pp_2004_thumb.png?fit=352%2C259&ssl=1&resize=350%2C200","width":350,"height":200},"classes":[]},{"id":2709,"url":"https:\/\/estrategica.com.co\/blog\/decepcionada-pp\/","url_meta":{"origin":21789,"position":5},"title":"Decepcionada &#8211; PP","author":"Juliana","date":"enero 26, 2009","format":false,"excerpt":"[hana-flv-player video=\"\/blog\/wp-content\/uploads\/2009\/01\/ESPANA\/Enamorada_PP.flv\" width=\"550\" height=\"\" description=\"Decepcionada - PP\" clickurl=\"\" clicktarget=\"\" player=\"4\" autoplay=\"false\" loop=\"false\" autorewind=\"true\" splashimage=\"\" skin=\"\" \/] [icon color=\"Accent-Color\" size=\"regular\" image=\"steadysets-icon-chat\"] Contexto Spot del Partido Popular para las elecciones generales de 2008. En ella aparece una mujer joven decepcionada de alguien que al final resulta ser Zapatero. El spot esta bien\u2026","rel":"","context":"En \u00abCampa\u00f1a Presidencial\u00bb","block_context":{"text":"Campa\u00f1a Presidencial","link":"https:\/\/estrategica.com.co\/blog\/category\/temas\/campana-presidencial\/"},"img":{"alt_text":"","src":"","width":0,"height":0},"classes":[]}],"jetpack_sharing_enabled":true,"_links":{"self":[{"href":"https:\/\/estrategica.com.co\/blog\/wp-json\/wp\/v2\/posts\/21789","targetHints":{"allow":["GET"]}}],"collection":[{"href":"https:\/\/estrategica.com.co\/blog\/wp-json\/wp\/v2\/posts"}],"about":[{"href":"https:\/\/estrategica.com.co\/blog\/wp-json\/wp\/v2\/types\/post"}],"author":[{"embeddable":true,"href":"https:\/\/estrategica.com.co\/blog\/wp-json\/wp\/v2\/users\/5"}],"replies":[{"embeddable":true,"href":"https:\/\/estrategica.com.co\/blog\/wp-json\/wp\/v2\/comments?post=21789"}],"version-history":[{"count":5,"href":"https:\/\/estrategica.com.co\/blog\/wp-json\/wp\/v2\/posts\/21789\/revisions"}],"predecessor-version":[{"id":60791,"href":"https:\/\/estrategica.com.co\/blog\/wp-json\/wp\/v2\/posts\/21789\/revisions\/60791"}],"wp:featuredmedia":[{"embeddable":true,"href":"https:\/\/estrategica.com.co\/blog\/wp-json\/wp\/v2\/media\/21790"}],"wp:attachment":[{"href":"https:\/\/estrategica.com.co\/blog\/wp-json\/wp\/v2\/media?parent=21789"}],"wp:term":[{"taxonomy":"category","embeddable":true,"href":"https:\/\/estrategica.com.co\/blog\/wp-json\/wp\/v2\/categories?post=21789"},{"taxonomy":"post_tag","embeddable":true,"href":"https:\/\/estrategica.com.co\/blog\/wp-json\/wp\/v2\/tags?post=21789"}],"curies":[{"name":"wp","href":"https:\/\/api.w.org\/{rel}","templated":true}]}}