{"id":21805,"date":"2010-06-15T22:01:26","date_gmt":"2010-06-15T22:01:26","guid":{"rendered":"http:\/\/estrategica.com.co\/blog\/?p=21805"},"modified":"2014-09-19T15:51:28","modified_gmt":"2014-09-19T20:51:28","slug":"te-invito-a-construir-en-vez-de-destruir-ramirez","status":"publish","type":"post","link":"https:\/\/estrategica.com.co\/blog\/te-invito-a-construir-en-vez-de-destruir-ramirez\/","title":{"rendered":"Te Invito a Construir en Vez de Destruir &#8211; Ram\u00edrez"},"content":{"rendered":"<p> <script type='text\/javascript' src='https:\/\/estrategica.com.co\/blog\/wp-content\/plugins\/hana-flv-player\/flowplayer3\/example\/flowplayer-3.2.6.min.js'><\/script>\n<div >\n<div id='hana_flv_flow3_1' style='display:block;width:550px;height:413px;background-color:#555555;color:#ffffff;padding:0' title=\"*Video:te invito a construir en vez de destruir - ram\u00edrez\"><\/div>\n<\/div>\n\n<script  type='text\/javascript'>\nif (typeof g_hanaFlash !== 'undefined' && !g_hanaFlash){\n    jQuery('#hana_flv_flow3_1').css( 'padding', '5px' );\n\tjQuery('#hana_flv_flow3_1').html(\"<span class='inactive_message' style='display:block'>Sorry, your browser does not support Flash Video Player<\/span> *Video:te invito a construir en vez de destruir - ram\u00edrez\");\n}else{\t\t\t\n\t\tflowplayer('hana_flv_flow3_1', { src: 'https:\/\/estrategica.com.co\/blog\/wp-content\/plugins\/hana-flv-player\/flowplayer3\/flowplayer-3.2.7.swf', wmode: 'transparent' }, { \n\n\t\t\tcanvas: { backgroundColor: '#000000', backgroundGradient: 'none',},\n    \t\tclip:  { \n    \t\t\turl: '\/blog\/wp-content\/uploads\/2009\/01\/20100609\/TeinvitioaconstruirenvezdedestruirMartaLuciaRamirez.flv',\n        \t\tscaling: 'fit', autoPlay: false, autoBuffering: true \n\t\t\t\t   , onFinish : function () { this.seek(0); }  \n\n\t        }\n\n\t\t});\n}\n<\/script><br \/>\n<\/br><\/p>\n<p>[icon color=\u00bbAccent-Color\u00bb size=\u00bbregular\u00bb image=\u00bbsteadysets-icon-chat\u00bb] <strong>Contexto<\/strong><\/br><\/br><\/p>\n<p style=\"text-align: justify;\">Spot de la Campa\u00f1a de Marta Lucia Ram\u00edrez por la candidatura del partido Conservador, durante la contienda electoral de 2010. La candidata Ram\u00edrez desarrollo una campa\u00f1a decorosa en materia de propuestas y debates pero intrascendente en materia de instrumentos de persuasi\u00f3n. Al final trat\u00f3 de rentabilizar el enfrentamiento entre Andr\u00e9s Felipe Arias y Noem\u00ed Sanin Posada, aunque sin mayor impacto, pues la contienda se concentr\u00f3 en los anteriores nombres y la opci\u00f3n de Ram\u00edrez perdi\u00f3 visibilidad y viabilidad r\u00e1pidamente. La pieza es interesante estrat\u00e9gicamente, en la medida en que trata de capitalizar una coyuntura pol\u00edtica.<\/p><\/p>\n","protected":false},"excerpt":{"rendered":"<p>*Video: te invito a construir en vez de destruir &#8211; ram\u00edrez [icon color=\u00bbAccent-Color\u00bb size=\u00bbregular\u00bb image=\u00bbsteadysets-icon-chat\u00bb] Contexto Spot de la Campa\u00f1a de Marta Lucia Ram\u00edrez por la candidatura del partido Conservador, durante la contienda electoral de 2010. La candidata Ram\u00edrez desarrollo una campa\u00f1a decorosa en materia de propuestas y debates pero intrascendente en materia de instrumentos [&hellip;]<\/p>\n","protected":false},"author":5,"featured_media":21806,"comment_status":"open","ping_status":"open","sticky":false,"template":"","format":"standard","meta":{"_et_pb_use_builder":"","_et_pb_old_content":"","_et_gb_content_width":"","advanced_seo_description":"","jetpack_seo_html_title":"","jetpack_seo_noindex":false,"footnotes":""},"categories":[57,62,34,10,11,3],"tags":[684,746,742],"class_list":["post-21805","post","type-post","status-publish","format-standard","has-post-thumbnail","hentry","category-campana-presidencial","category-colombia","category-electoral","category-geo","category-temas","category-video","tag-elecciones-2010","tag-marta-lucia-ramirez","tag-partido-conservador-colombiano"],"jetpack_featured_media_url":"https:\/\/i0.wp.com\/estrategica.com.co\/blog\/wp-content\/uploads\/2010\/06\/TeinvitioaconstruirenvezdedestruirMartaLuciaRamirez_thumb.png?fit=586%2C424&ssl=1","jetpack_shortlink":"https:\/\/wp.me\/p4wgsh-5FH","jetpack-related-posts":[{"id":10448,"url":"https:\/\/estrategica.com.co\/blog\/3-razones-para-sumarse-a-la-u-marta-lucia-ramirez\/","url_meta":{"origin":21805,"position":0},"title":"3 Razones para Sumarse a la U &#8211; Marta Lucia Ramirez","author":"Juliana","date":"abril 4, 2009","format":false,"excerpt":"[hana-flv-player video=\"\/blog\/wp-content\/uploads\/2009\/01\/FO_COLOMBIA\/MarthaLuciaRamirez.flv\" width=\"550\" height=\"\" description=\"3 Razones para Sumarse a la U - Marta Lucia Ramirez\" clickurl=\"\" clicktarget=\"\" player=\"4\" autoplay=\"false\" loop=\"false\" autorewind=\"true\" splashimage=\"\" skin=\"\" \/] [icon color=\"Accent-Color\" size=\"regular\" image=\"steadysets-icon-chat\"] Contexto Spot del Partido de la U para las elecciones parlamentarias de 2006. El Partido de U amarr\u00f3 su comunicaci\u00f3n, estrat\u00e9gicamente,\u00a0 a\u2026","rel":"","context":"En \u00abCampa\u00f1a Cuerpo Colegiado\u00bb","block_context":{"text":"Campa\u00f1a Cuerpo Colegiado","link":"https:\/\/estrategica.com.co\/blog\/category\/temas\/campana-colegiada\/"},"img":{"alt_text":"","src":"https:\/\/i0.wp.com\/estrategica.com.co\/blog\/wp-content\/uploads\/2009\/04\/marthaluciaramirez_thumb.png?fit=220%2C221&ssl=1&resize=350%2C200","width":350,"height":200},"classes":[]},{"id":15283,"url":"https:\/\/estrategica.com.co\/blog\/av197\/","url_meta":{"origin":21805,"position":1},"title":"Qui\u00e9n es el Candidato &#8211; Anti Rosales","author":"Juliana","date":"febrero 28, 2011","format":false,"excerpt":"[hana-flv-player video=\"\/blog\/wp-content\/uploads\/2009\/01\/videos_ultimos\/av197.flv\" width=\"550\" height=\"\" description=\"Qui\u00e9n es el Candidato - Anti Rosales\" clickurl=\"\" clicktarget=\"\" player=\"4\" autoplay=\"false\" loop=\"false\" autorewind=\"true\" splashimage=\"\" skin=\"\" \/] [icon color=\"Accent-Color\" size=\"regular\" image=\"steadysets-icon-chat\"] Contexto Spot de la campa\u00f1a de Manuel Rosales a la Alcald\u00eda de Maracaibo durante la contienda electoral de 2008. La pieza que vemos busca comparar el\u2026","rel":"","context":"En \u00ab2008\u00bb","block_context":{"text":"2008","link":"https:\/\/estrategica.com.co\/blog\/category\/ano\/2008\/"},"img":{"alt_text":"","src":"https:\/\/i0.wp.com\/estrategica.com.co\/blog\/wp-content\/uploads\/2009\/05\/av197_thumb.png?fit=463%2C355&ssl=1&resize=350%2C200","width":350,"height":200},"classes":[]},{"id":29278,"url":"https:\/\/estrategica.com.co\/blog\/16programalucioalcntara22cariri\/","url_meta":{"origin":21805,"position":2},"title":"Franja Electoral &#8211; Alc\u00e1ntara","author":"Juliana","date":"mayo 17, 2011","format":false,"excerpt":"[hana-flv-player video=\"\/blog\/wp-content\/uploads\/2009\/01\/20110228\/16ProgramaLucioAlcntara22Cariri.flv\" width=\"550\" height\"\" description= \"Franja Electoral - Alc\u00e1ntara\" clickurl=\"\" clicktarget=\"\" player=\"4\" autoplay=\"false\" loop=\"false\" autorewind=\"false\" splashimage=\"\" skin=\"\" \/] [icon color=\"Accent-Color\" size=\"regular\" image=\"steadysets-icon-chat\"] Contexto Video de la campa\u00f1a de Lucio Alc\u00e1ntara a la Gobernaci\u00f3n de Cear\u00e1, durante la contienda electoral de 2010 a nombre del Partido de la Rep\u00fablica, PR. Alc\u00e1ntara\u2026","rel":"","context":"En \u00ab2010\u00bb","block_context":{"text":"2010","link":"https:\/\/estrategica.com.co\/blog\/category\/ano\/2010\/"},"img":{"alt_text":"","src":"https:\/\/i0.wp.com\/estrategica.com.co\/blog\/wp-content\/uploads\/2011\/05\/12ProgramaLucioAlcantara22falasobrecomoasegurancapiorou_thumb.png?fit=868%2C529&ssl=1&resize=350%2C200","width":350,"height":200},"classes":[]},{"id":29281,"url":"https:\/\/estrategica.com.co\/blog\/9programalucioalcantara22oporquedacandidatura\/","url_meta":{"origin":21805,"position":3},"title":"Franja Electoral &#8211; Alc\u00e1ntara","author":"Juliana","date":"mayo 17, 2011","format":false,"excerpt":"[hana-flv-player video=\"\/blog\/wp-content\/uploads\/2009\/01\/20110228\/9ProgramaLucioAlcantara22Oporquedacandidatura.flv\" width=\"550\" height\"\" description= \"Franja Electoral - Alc\u00e1ntara\" clickurl=\"\" clicktarget=\"\" player=\"4\" autoplay=\"false\" loop=\"false\" autorewind=\"false\" splashimage=\"\" skin=\"\" \/] [icon color=\"Accent-Color\" size=\"regular\" image=\"steadysets-icon-chat\"] Contexto Video de la campa\u00f1a de Lucio Alc\u00e1ntara a la Gobernaci\u00f3n de Cear\u00e1, durante la contienda electoral de 2010 a nombre del Partido de la Rep\u00fablica, PR. Alc\u00e1ntara\u2026","rel":"","context":"En \u00ab2010\u00bb","block_context":{"text":"2010","link":"https:\/\/estrategica.com.co\/blog\/category\/ano\/2010\/"},"img":{"alt_text":"","src":"https:\/\/i0.wp.com\/estrategica.com.co\/blog\/wp-content\/uploads\/2011\/05\/9ProgramaLucioAlcantara22Oporquedacandidatura_thumb.png?fit=836%2C488&ssl=1&resize=350%2C200","width":350,"height":200},"classes":[]},{"id":29284,"url":"https:\/\/estrategica.com.co\/blog\/18programalucioalcantara22pesquisa\/","url_meta":{"origin":21805,"position":4},"title":"Franja Electoral &#8211; Encuesta &#8211; Alc\u00e1ntara","author":"Juliana","date":"mayo 17, 2011","format":false,"excerpt":"[hana-flv-player video=\"\/blog\/wp-content\/uploads\/2009\/01\/20110228\/9ProgramaLucioAlcantara22Oporquedacandidatura.flv\" width=\"550\" height\"\" description= \"Franja Electoral - Alc\u00e1ntara\" clickurl=\"\" clicktarget=\"\" player=\"4\" autoplay=\"false\" loop=\"false\" autorewind=\"false\" splashimage=\"\" skin=\"\" \/] [icon color=\"Accent-Color\" size=\"regular\" image=\"steadysets-icon-chat\"] Contexto Video de la campa\u00f1a de Lucio Alc\u00e1ntara a la Gobernaci\u00f3n de Cear\u00e1, durante la contienda electoral de 2010 a nombre del Partido de la Rep\u00fablica, PR. Alc\u00e1ntara\u2026","rel":"","context":"En \u00ab2010\u00bb","block_context":{"text":"2010","link":"https:\/\/estrategica.com.co\/blog\/category\/ano\/2010\/"},"img":{"alt_text":"","src":"https:\/\/i0.wp.com\/estrategica.com.co\/blog\/wp-content\/uploads\/2011\/05\/11ProgramaLucioAlcantara22falasobrepesquisaenecessidadedeumsegundoturno_thumb.png?fit=803%2C531&ssl=1&resize=350%2C200","width":350,"height":200},"classes":[]},{"id":29376,"url":"https:\/\/estrategica.com.co\/blog\/5programalucioalcantara22fecop\/","url_meta":{"origin":21805,"position":5},"title":"Franja Electoral &#8211; Alc\u00e1ntara","author":"Juliana","date":"mayo 17, 2011","format":false,"excerpt":"[hana-flv-player video=\"\/blog\/wp-content\/uploads\/2009\/01\/20110228\/5ProgramaLucioAlcantara22FECOP.flv\" width=\"550\" height\"\" description= \"Franja Electoral - Alc\u00e1ntara\" clickurl=\"\" clicktarget=\"\" player=\"4\" autoplay=\"false\" loop=\"false\" autorewind=\"false\" splashimage=\"\" skin=\"\" \/] [icon color=\"Accent-Color\" size=\"regular\" image=\"steadysets-icon-chat\"] Contexto Video de la campa\u00f1a de Lucio Alc\u00e1ntara a la Gobernaci\u00f3n de Cear\u00e1, durante la contienda electoral de 2010 a nombre del Partido de la Rep\u00fablica, PR. Alc\u00e1ntara\u2026","rel":"","context":"En \u00ab2010\u00bb","block_context":{"text":"2010","link":"https:\/\/estrategica.com.co\/blog\/category\/ano\/2010\/"},"img":{"alt_text":"","src":"https:\/\/i0.wp.com\/estrategica.com.co\/blog\/wp-content\/uploads\/2011\/05\/11ProgramaLucioAlcantara22falasobrepesquisaenecessidadedeumsegundoturno_thumb.png?fit=803%2C531&ssl=1&resize=350%2C200","width":350,"height":200},"classes":[]}],"jetpack_sharing_enabled":true,"_links":{"self":[{"href":"https:\/\/estrategica.com.co\/blog\/wp-json\/wp\/v2\/posts\/21805","targetHints":{"allow":["GET"]}}],"collection":[{"href":"https:\/\/estrategica.com.co\/blog\/wp-json\/wp\/v2\/posts"}],"about":[{"href":"https:\/\/estrategica.com.co\/blog\/wp-json\/wp\/v2\/types\/post"}],"author":[{"embeddable":true,"href":"https:\/\/estrategica.com.co\/blog\/wp-json\/wp\/v2\/users\/5"}],"replies":[{"embeddable":true,"href":"https:\/\/estrategica.com.co\/blog\/wp-json\/wp\/v2\/comments?post=21805"}],"version-history":[{"count":4,"href":"https:\/\/estrategica.com.co\/blog\/wp-json\/wp\/v2\/posts\/21805\/revisions"}],"predecessor-version":[{"id":43397,"href":"https:\/\/estrategica.com.co\/blog\/wp-json\/wp\/v2\/posts\/21805\/revisions\/43397"}],"wp:featuredmedia":[{"embeddable":true,"href":"https:\/\/estrategica.com.co\/blog\/wp-json\/wp\/v2\/media\/21806"}],"wp:attachment":[{"href":"https:\/\/estrategica.com.co\/blog\/wp-json\/wp\/v2\/media?parent=21805"}],"wp:term":[{"taxonomy":"category","embeddable":true,"href":"https:\/\/estrategica.com.co\/blog\/wp-json\/wp\/v2\/categories?post=21805"},{"taxonomy":"post_tag","embeddable":true,"href":"https:\/\/estrategica.com.co\/blog\/wp-json\/wp\/v2\/tags?post=21805"}],"curies":[{"name":"wp","href":"https:\/\/api.w.org\/{rel}","templated":true}]}}