{"id":220,"date":"2009-01-03T03:18:46","date_gmt":"2009-01-03T03:18:46","guid":{"rendered":"http:\/\/estrategica.com.co\/blog\/?p=220"},"modified":"2009-02-21T13:39:41","modified_gmt":"2009-02-21T13:39:41","slug":"juntos-todo-se-vuelve-posible-2","status":"publish","type":"post","link":"https:\/\/estrategica.com.co\/blog\/juntos-todo-se-vuelve-posible-2\/","title":{"rendered":"juntos todo se vuelve posible"},"content":{"rendered":"<p><img loading=\"lazy\" decoding=\"async\" data-attachment-id=\"219\" data-permalink=\"https:\/\/estrategica.com.co\/blog\/juntos-todo-se-vuelve-posible-2\/ensemble1\/\" data-orig-file=\"https:\/\/i0.wp.com\/estrategica.com.co\/blog\/wp-content\/uploads\/2009\/01\/ensemble1.jpg?fit=340%2C453&amp;ssl=1\" data-orig-size=\"340,453\" data-comments-opened=\"1\" data-image-meta=\"{&quot;aperture&quot;:&quot;0&quot;,&quot;credit&quot;:&quot;&quot;,&quot;camera&quot;:&quot;&quot;,&quot;caption&quot;:&quot;&quot;,&quot;created_timestamp&quot;:&quot;0&quot;,&quot;copyright&quot;:&quot;&quot;,&quot;focal_length&quot;:&quot;0&quot;,&quot;iso&quot;:&quot;0&quot;,&quot;shutter_speed&quot;:&quot;0&quot;,&quot;title&quot;:&quot;&quot;}\" data-image-title=\"ensemble1\" data-image-description=\"\" data-image-caption=\"\" data-medium-file=\"https:\/\/i0.wp.com\/estrategica.com.co\/blog\/wp-content\/uploads\/2009\/01\/ensemble1.jpg?fit=225%2C300&amp;ssl=1\" data-large-file=\"https:\/\/i0.wp.com\/estrategica.com.co\/blog\/wp-content\/uploads\/2009\/01\/ensemble1.jpg?fit=340%2C453&amp;ssl=1\" class=\"alignnone size-full wp-image-219\" title=\"ensemble1\" src=\"https:\/\/i0.wp.com\/estrategica.com.co\/blog\/wp-content\/uploads\/2009\/01\/ensemble1.jpg?resize=340%2C453\" alt=\"ensemble1\" width=\"340\" height=\"453\" srcset=\"https:\/\/i0.wp.com\/estrategica.com.co\/blog\/wp-content\/uploads\/2009\/01\/ensemble1.jpg?w=340&amp;ssl=1 340w, https:\/\/i0.wp.com\/estrategica.com.co\/blog\/wp-content\/uploads\/2009\/01\/ensemble1.jpg?resize=225%2C300&amp;ssl=1 225w\" sizes=\"(max-width: 340px) 100vw, 340px\" data-recalc-dims=\"1\" \/><\/p>\n<p style=\"text-align: justify;\">Se utiliza la imagen de un ni\u00f1o de color en su patineta de colores rodeado de la polic\u00eda para darle un significado impactante al slogan de campa\u00f1a, con el cual se cuestiona la condici\u00f3n de derecha de Sarkozy, as\u00ed como sus posturas respecto a la migraci\u00f3n y el orden p\u00fablico. Un afiche inteligente y sugestivo dentro del contexto de la publicidad negativa. Es importante resaltar que no se utiliza el nombre de Sarkozy en ninguna parte, pero al usar el slogan de campa\u00f1a se focaliza claramente el mensaje.<\/p>\n<p style=\"text-align: justify;\">\u00a0<\/p>\n","protected":false},"excerpt":{"rendered":"<p>Se utiliza la imagen de un ni\u00f1o de color en su patineta de colores rodeado de la polic\u00eda para darle un significado impactante al slogan de campa\u00f1a, con el cual se cuestiona la condici\u00f3n de derecha de Sarkozy, as\u00ed como sus posturas respecto a la migraci\u00f3n y el orden p\u00fablico. Un afiche inteligente y sugestivo [&hellip;]<\/p>\n","protected":false},"author":2,"featured_media":59156,"comment_status":"open","ping_status":"open","sticky":false,"template":"","format":"standard","meta":{"_et_pb_use_builder":"","_et_pb_old_content":"","_et_gb_content_width":"","advanced_seo_description":"","jetpack_seo_html_title":"","jetpack_seo_noindex":false,"footnotes":""},"categories":[269,5,263,57,46,50,10,29,11],"tags":[52,79],"class_list":["post-220","post","type-post","status-publish","format-standard","has-post-thumbnail","hentry","category-269","category-afiches","category-ano","category-campana-presidencial","category-fotograficos","category-francia","category-geo","category-publicidad-negativa","category-temas","tag-elecciones-2007","tag-nicolas-sarkosy"],"jetpack_featured_media_url":"https:\/\/i0.wp.com\/estrategica.com.co\/blog\/wp-content\/uploads\/2009\/01\/juntos-todo-se-vuelve-posible.jpg?fit=340%2C453&ssl=1","jetpack_shortlink":"https:\/\/wp.me\/p4wgsh-3y","jetpack-related-posts":[{"id":217,"url":"https:\/\/estrategica.com.co\/blog\/sin-pobres-sin-extranjeros-sin-homosexuales\/","url_meta":{"origin":220,"position":0},"title":"Sin pobres, sin extranjeros, sin homosexuales&#8230;","author":"camilorojas","date":"enero 3, 2009","format":false,"excerpt":"Se copia la imagen oficial e la campa\u00f1a para hacer un afiche que ataque a Sarkozy. El texto dice: \u201cJuntos, sin los pobres, los extranjeros, las personas subsidiadas, la izquierda, la extrema izquierda, los comunistas, los CDI, los homosexuales, los intermitentes, los seropositivos, los discapacitados, el Ministerio de Educaci\u00f3n, de\u2026","rel":"","context":"En \u00ab2007\u00bb","block_context":{"text":"2007","link":"https:\/\/estrategica.com.co\/blog\/category\/ano\/2007\/"},"img":{"alt_text":"","src":"https:\/\/i0.wp.com\/estrategica.com.co\/blog\/wp-content\/uploads\/2009\/01\/Sin-pobres-sin-extranjeros-sin-homosexuales\u2026.jpg?fit=341%2C450&ssl=1&resize=350%2C200","width":350,"height":200},"classes":[]},{"id":297,"url":"https:\/\/estrategica.com.co\/blog\/francia-de-todas-nuestras-fuerzas\/","url_meta":{"origin":220,"position":1},"title":"FRANCIA DE TODAS NUESTRAS FUERZAS","author":"camilorojas","date":"enero 3, 2009","format":false,"excerpt":"Fran\u00e7ois Bayrou es el candidato de centro en las elecciones de 2007. Por la favorabilidad que lleg\u00f3 a tener ante la opini\u00f3n p\u00fablica se pens\u00f3 que si los franceses ten\u00edan que escoger entre Sarkozy y Bayrou o entre Royal y Bayrou, votar\u00edan, mayoritariamente, al centrista. Su campa\u00f1a estuvo dirigida a\u2026","rel":"","context":"En \u00ab2007\u00bb","block_context":{"text":"2007","link":"https:\/\/estrategica.com.co\/blog\/category\/ano\/2007\/"},"img":{"alt_text":"","src":"https:\/\/i0.wp.com\/estrategica.com.co\/blog\/wp-content\/uploads\/2009\/01\/FRANCIA-DE-TODAS-NUESTRAS-FUERZAS2.jpg?fit=500%2C417&ssl=1&resize=350%2C200","width":350,"height":200},"classes":[]},{"id":205,"url":"https:\/\/estrategica.com.co\/blog\/juntos-todo-es-posible-5\/","url_meta":{"origin":220,"position":2},"title":"JUNTOS TODO ES POSIBLE","author":"camilorojas","date":"enero 3, 2009","format":false,"excerpt":"Otro de los afiches con los que se fractura la coherencia comunicativa que prim\u00f3 en la campa\u00f1a Sarkozy. Ac\u00e1 se pierde la mirada directa y amigable, la campi\u00f1a francesa, el firmamento y hasta el ave que vuela en solitario. Se mantiene el \u00e9nfasis de la palabra todo y el azul\u2026","rel":"","context":"En \u00ab2007\u00bb","block_context":{"text":"2007","link":"https:\/\/estrategica.com.co\/blog\/category\/ano\/2007\/"},"img":{"alt_text":"","src":"https:\/\/i0.wp.com\/estrategica.com.co\/blog\/wp-content\/uploads\/2009\/01\/JUNTOS-TODO-ES-POSIBLE.jpg?fit=250%2C400&ssl=1&resize=350%2C200","width":350,"height":200},"classes":[]},{"id":294,"url":"https:\/\/estrategica.com.co\/blog\/un-presidente-que-nos-congregue-2\/","url_meta":{"origin":220,"position":3},"title":"UN PRESIDENTE QUE NOS CONGREGUE","author":"camilorojas","date":"enero 3, 2009","format":false,"excerpt":"Fran\u00e7ois Bayrou es el candidato de centro en las elecciones de 2007. Por la favorabilidad que lleg\u00f3 a tener ante la opini\u00f3n p\u00fablica se pens\u00f3 que si los franceses ten\u00edan que escoger entre Sarkozy y Bayrou o entre Royal y Bayrou, votar\u00edan, mayoritariamente, al centrista. Su campa\u00f1a estuvo dirigida a\u2026","rel":"","context":"En \u00ab2007\u00bb","block_context":{"text":"2007","link":"https:\/\/estrategica.com.co\/blog\/category\/ano\/2007\/"},"img":{"alt_text":"","src":"https:\/\/i0.wp.com\/estrategica.com.co\/blog\/wp-content\/uploads\/2009\/01\/UN-PRESIDENTE-QUE-NOS-CONGREGUE.jpg?fit=426%2C600&ssl=1&resize=350%2C200","width":350,"height":200},"classes":[]},{"id":300,"url":"https:\/\/estrategica.com.co\/blog\/francia-de-todas-nuestras-fuerzas-2\/","url_meta":{"origin":220,"position":4},"title":"FRANCIA DE TODAS NUESTRAS FUERZAS","author":"camilorojas","date":"enero 3, 2009","format":false,"excerpt":"Fran\u00e7ois Bayrou es el candidato de centro en las elecciones de 2007. Por la favorabilidad que lleg\u00f3 a tener ante la opini\u00f3n p\u00fablica se pens\u00f3 que si los franceses ten\u00edan que escoger entre Sarkozy y Bayrou o entre Royal y Bayrou, votar\u00edan, mayoritariamente, al centrista. Su campa\u00f1a estuvo dirigida a\u2026","rel":"","context":"En \u00ab2007\u00bb","block_context":{"text":"2007","link":"https:\/\/estrategica.com.co\/blog\/category\/ano\/2007\/"},"img":{"alt_text":"","src":"https:\/\/i0.wp.com\/estrategica.com.co\/blog\/wp-content\/uploads\/2009\/01\/FRANCIA-DE-TODAS-NUESTRAS-FUERZAS.jpg?fit=341%2C456&ssl=1&resize=350%2C200","width":350,"height":200},"classes":[]},{"id":290,"url":"https:\/\/estrategica.com.co\/blog\/queremos-un-presidente-que-nos-respete\/","url_meta":{"origin":220,"position":5},"title":"QUEREMOS UN PRESIDENTE QUE NOS RESPETE","author":"camilorojas","date":"enero 3, 2009","format":false,"excerpt":"Fran\u00e7ois Bayrou es el candidato de centro en las elecciones de 2007. Por la favorabilidad que lleg\u00f3 a tener ante la opini\u00f3n p\u00fablica se pens\u00f3 que si los franceses ten\u00edan que escoger entre Sarkozy y Bayrou o entre Royal y Bayrou, votar\u00edan, mayoritariamente, al centrista. Su campa\u00f1a estuvo dirigida a\u2026","rel":"","context":"En \u00ab2007\u00bb","block_context":{"text":"2007","link":"https:\/\/estrategica.com.co\/blog\/category\/ano\/2007\/"},"img":{"alt_text":"","src":"https:\/\/i0.wp.com\/estrategica.com.co\/blog\/wp-content\/uploads\/2009\/01\/QUEREMOS-UN-PRESIDENTE-QUE-NOS-RESPETE.jpg?fit=437%2C600&ssl=1&resize=350%2C200","width":350,"height":200},"classes":[]}],"jetpack_sharing_enabled":true,"_links":{"self":[{"href":"https:\/\/estrategica.com.co\/blog\/wp-json\/wp\/v2\/posts\/220","targetHints":{"allow":["GET"]}}],"collection":[{"href":"https:\/\/estrategica.com.co\/blog\/wp-json\/wp\/v2\/posts"}],"about":[{"href":"https:\/\/estrategica.com.co\/blog\/wp-json\/wp\/v2\/types\/post"}],"author":[{"embeddable":true,"href":"https:\/\/estrategica.com.co\/blog\/wp-json\/wp\/v2\/users\/2"}],"replies":[{"embeddable":true,"href":"https:\/\/estrategica.com.co\/blog\/wp-json\/wp\/v2\/comments?post=220"}],"version-history":[{"count":6,"href":"https:\/\/estrategica.com.co\/blog\/wp-json\/wp\/v2\/posts\/220\/revisions"}],"predecessor-version":[{"id":60578,"href":"https:\/\/estrategica.com.co\/blog\/wp-json\/wp\/v2\/posts\/220\/revisions\/60578"}],"wp:featuredmedia":[{"embeddable":true,"href":"https:\/\/estrategica.com.co\/blog\/wp-json\/wp\/v2\/media\/59156"}],"wp:attachment":[{"href":"https:\/\/estrategica.com.co\/blog\/wp-json\/wp\/v2\/media?parent=220"}],"wp:term":[{"taxonomy":"category","embeddable":true,"href":"https:\/\/estrategica.com.co\/blog\/wp-json\/wp\/v2\/categories?post=220"},{"taxonomy":"post_tag","embeddable":true,"href":"https:\/\/estrategica.com.co\/blog\/wp-json\/wp\/v2\/tags?post=220"}],"curies":[{"name":"wp","href":"https:\/\/api.w.org\/{rel}","templated":true}]}}