{"id":22029,"date":"2010-06-17T21:42:32","date_gmt":"2010-06-17T21:42:32","guid":{"rendered":"http:\/\/estrategica.com.co\/blog\/?p=22029"},"modified":"2014-09-18T15:47:17","modified_gmt":"2014-09-18T20:47:17","slug":"optimismo-arias","status":"publish","type":"post","link":"https:\/\/estrategica.com.co\/blog\/optimismo-arias\/","title":{"rendered":"Optimismo &#8211; Arias"},"content":{"rendered":"<p> <script type='text\/javascript' src='https:\/\/estrategica.com.co\/blog\/wp-content\/plugins\/hana-flv-player\/flowplayer3\/example\/flowplayer-3.2.6.min.js'><\/script>\n<div >\n<div id='hana_flv_flow3_1' style='display:block;width:550px;height:413px;background-color:#555555;color:#ffffff;padding:0' title=\"*Video:optimismo - arias\"><\/div>\n<\/div>\n\n<script  type='text\/javascript'>\nif (typeof g_hanaFlash !== 'undefined' && !g_hanaFlash){\n    jQuery('#hana_flv_flow3_1').css( 'padding', '5px' );\n\tjQuery('#hana_flv_flow3_1').html(\"<span class='inactive_message' style='display:block'>Sorry, your browser does not support Flash Video Player<\/span> *Video:optimismo - arias\");\n}else{\t\t\t\n\t\tflowplayer('hana_flv_flow3_1', { src: 'https:\/\/estrategica.com.co\/blog\/wp-content\/plugins\/hana-flv-player\/flowplayer3\/flowplayer-3.2.7.swf', wmode: 'transparent' }, { \n\n\t\t\tcanvas: { backgroundColor: '#000000', backgroundGradient: 'none',},\n    \t\tclip:  { \n    \t\t\turl: '\/blog\/wp-content\/uploads\/2009\/01\/20100609\/OPTIMISMO720.flv',\n        \t\tscaling: 'fit', autoPlay: false, autoBuffering: true \n\t\t\t\t   , onFinish : function () { this.seek(0); }  \n\n\t        }\n\n\t\t});\n}\n<\/script><br \/>\n<\/br><\/p>\n<p>[icon color=\u00bbAccent-Color\u00bb size=\u00bbregular\u00bb image=\u00bbsteadysets-icon-chat\u00bb] <strong>Contexto<\/strong><\/br><\/br><\/p>\n<p style=\"text-align: justify;\">Spot de la Campa\u00f1a de Andr\u00e9s Felipe Arias por la candidatura del Partido Conservador a la Presidencia de Colombia, durante la contienda de 2010. La campa\u00f1a por la nominaci\u00f3n estuvo marcada por el esc\u00e1ndalo, la confrontaci\u00f3n y el cambio de reglas al interior del partido, todo en un ambiente de incertidumbre generado por la posibilidad de la reelecci\u00f3n presidencia de \u00c1lvaro Uribe. El esc\u00e1ndalo fue la embestida medi\u00e1tica por el desarrollo y aplicaci\u00f3n de la pol\u00edtica de Agro Ingreso Seguro durante el desempe\u00f1o como Ministro de Agricultura de Andr\u00e9s Felipe Arias. El tema gener\u00f3 mas de 800 titulares de prensa y televisi\u00f3n, y propici\u00f3 un entorno medi\u00e1tico al que no pudieron ser ajenos los instrumentos de persuasi\u00f3n dise\u00f1ados por la campa\u00f1a. La campa\u00f1a tuvo dos tiempos, pues hab\u00eda una fecha inicial para la consulta interna pero las reglas de juego fueron cambiadas intempestivamente por la llegada al escenario de Noem\u00ed Sanin. En esta primera etapa los temas giraban en torno a trabajo y empleo y as\u00ed se adivina en los spot que alcanzaron a emitirse. En la segunda etapa se profundiz\u00f3 la percepci\u00f3n p\u00fablica de que Arias era el candidato del Presidente Uribe, de ah\u00ed el slogan de El del Presidente. La idea era rentabilizar el vinculo de Arias con el Presidente y la inmensa favorabilidad que este \u00faltimo contaba en la opini\u00f3n p\u00fablica. Bajo esta \u00f3ptica deben ser vistos los instrumentos de persuasi\u00f3n en donde gente com\u00fan y corriente dice: Gracias Presidente y No se Preocupe que Vamos a Votar por Arias.  En este sentido, y con el fin de profundizar el uribismo tal y como se hacia continuamente a trav\u00e9s de las propuestas y el discurso, se dise\u00f1\u00f3 un spot en donde se evidenciaban algunas afirmaciones de connotados adversarios pol\u00edticos del presidente Uribe y se dec\u00eda \u2013hay dos colombianos que creen que van a ganar con esto- y se mostraban las im\u00e1genes de los lideres guerrilleros Alfonso Cano y Mono Jojoy. Esta pieza fue censurada por el Consejo Nacional Electoral que consider\u00f3 que se estaba relacionando a los voceros de las afirmaciones iniciales con los guerrilleros. Al final Arias fue derrotado por estrecho margen por Noem\u00ed Sanin, quien a su vez fue derrotada en la primera vuelta electoral a la Presidencia de la Rep\u00fablica. La campa\u00f1a fue desarrollada por H\u00e9ctor Manrique y Ricardo Ch\u00e1vez.<\/p><\/p>\n","protected":false},"excerpt":{"rendered":"<p>*Video: optimismo &#8211; arias [icon color=\u00bbAccent-Color\u00bb size=\u00bbregular\u00bb image=\u00bbsteadysets-icon-chat\u00bb] Contexto Spot de la Campa\u00f1a de Andr\u00e9s Felipe Arias por la candidatura del Partido Conservador a la Presidencia de Colombia, durante la contienda de 2010. La campa\u00f1a por la nominaci\u00f3n estuvo marcada por el esc\u00e1ndalo, la confrontaci\u00f3n y el cambio de reglas al interior del partido, todo [&hellip;]<\/p>\n","protected":false},"author":5,"featured_media":22030,"comment_status":"open","ping_status":"open","sticky":false,"template":"","format":"standard","meta":{"_et_pb_use_builder":"","_et_pb_old_content":"","_et_gb_content_width":"","advanced_seo_description":"","jetpack_seo_html_title":"","jetpack_seo_noindex":false,"footnotes":""},"categories":[57,62,34,10,11,3],"tags":[743,684,744,742,745],"class_list":["post-22029","post","type-post","status-publish","format-standard","has-post-thumbnail","hentry","category-campana-presidencial","category-colombia","category-electoral","category-geo","category-temas","category-video","tag-andres-felipe-arias","tag-elecciones-2010","tag-hector-manrique","tag-partido-conservador-colombiano","tag-ricardo-chaves"],"jetpack_featured_media_url":"https:\/\/i0.wp.com\/estrategica.com.co\/blog\/wp-content\/uploads\/2010\/06\/OPTIMISMO720_thumb.png?fit=597%2C515&ssl=1","jetpack_shortlink":"https:\/\/wp.me\/p4wgsh-5Jj","jetpack-related-posts":[{"id":22023,"url":"https:\/\/estrategica.com.co\/blog\/partido-conservador-seguridad-arias\/","url_meta":{"origin":22029,"position":0},"title":"Partido Conservador &#8211; Seguridad &#8211; Arias","author":"Juliana","date":"junio 17, 2010","format":false,"excerpt":"[hana-flv-player video=\"\/blog\/wp-content\/uploads\/2009\/01\/20100609\/ariaspartidoonservador2minutos.flv\" width=\"550\" height=\"\" description=\"Partido Conservador - Seguridad - Arias\" clickurl=\"\" clicktarget=\"\" player=\"4\" autoplay=\"false\" loop=\"false\" autorewind=\"true\" splashimage=\"\" skin=\"\" \/] [icon color=\"Accent-Color\" size=\"regular\" image=\"steadysets-icon-chat\"] Contexto Spot de la Campa\u00f1a de Andr\u00e9s Felipe Arias por la candidatura del Partido Conservador a la Presidencia de Colombia, durante la contienda de 2010. La campa\u00f1a\u2026","rel":"","context":"En \u00abCampa\u00f1a Presidencial\u00bb","block_context":{"text":"Campa\u00f1a Presidencial","link":"https:\/\/estrategica.com.co\/blog\/category\/temas\/campana-presidencial\/"},"img":{"alt_text":"","src":"https:\/\/i0.wp.com\/estrategica.com.co\/blog\/wp-content\/uploads\/2010\/06\/ariaspartidoonservador2minutos_thumb.png?fit=484%2C398&ssl=1&resize=350%2C200","width":350,"height":200},"classes":[]},{"id":22032,"url":"https:\/\/estrategica.com.co\/blog\/trabajo-y-empleo-arias\/","url_meta":{"origin":22029,"position":1},"title":"Trabajo y Empleo &#8211; Arias","author":"Juliana","date":"junio 17, 2010","format":false,"excerpt":"[hana-flv-player video=\"\/blog\/wp-content\/uploads\/2009\/01\/20100609\/CARAS720.flv\" width=\"550\" height=\"\" description=\"Trabajo y Empleo - Arias\" clickurl=\"\" clicktarget=\"\" player=\"4\" autoplay=\"false\" loop=\"false\" autorewind=\"true\" splashimage=\"\" skin=\"\" \/] [icon color=\"Accent-Color\" size=\"regular\" image=\"steadysets-icon-chat\"] Contexto Spot de la Campa\u00f1a de Andr\u00e9s Felipe Arias por la candidatura del Partido Conservador a la Presidencia de Colombia, durante la contienda de 2010. La campa\u00f1a por\u2026","rel":"","context":"En \u00abCampa\u00f1a Presidencial\u00bb","block_context":{"text":"Campa\u00f1a Presidencial","link":"https:\/\/estrategica.com.co\/blog\/category\/temas\/campana-presidencial\/"},"img":{"alt_text":"","src":"https:\/\/i0.wp.com\/estrategica.com.co\/blog\/wp-content\/uploads\/2010\/06\/CARAS720_thumb.png?fit=565%2C518&ssl=1&resize=350%2C200","width":350,"height":200},"classes":[]},{"id":21580,"url":"https:\/\/estrategica.com.co\/blog\/gracias-presidente-arias-2\/","url_meta":{"origin":22029,"position":2},"title":"Gracias Presidente &#8211; Arias","author":"Juliana","date":"junio 15, 2010","format":false,"excerpt":"[hana-flv-player video=\"\/blog\/wp-content\/uploads\/2009\/01\/20100609\/AndrsFelipeAriasEldelPresidente.flv\" width=\"550\" height=\"\" description=\"Gracias Presidente - Arias\" clickurl=\"\" clicktarget=\"\" player=\"4\" autoplay=\"false\" loop=\"false\" autorewind=\"true\" splashimage=\"\" skin=\"\" \/] [icon color=\"Accent-Color\" size=\"regular\" image=\"steadysets-icon-chat\"] Contexto Spot de la Campa\u00f1a de Andr\u00e9s Felipe Arias por la candidatura del Partido Conservador a la Presidencia de Colombia, durante la contienda de 2010. La campa\u00f1a por la\u2026","rel":"","context":"En \u00abCampa\u00f1a Presidencial\u00bb","block_context":{"text":"Campa\u00f1a Presidencial","link":"https:\/\/estrategica.com.co\/blog\/category\/temas\/campana-presidencial\/"},"img":{"alt_text":"","src":"https:\/\/i0.wp.com\/estrategica.com.co\/blog\/wp-content\/uploads\/2010\/06\/AndrsFelipeAriasEldelPresidente_thumb.png?fit=468%2C414&ssl=1&resize=350%2C200","width":350,"height":200},"classes":[]},{"id":21583,"url":"https:\/\/estrategica.com.co\/blog\/gracias-presidente-arias\/","url_meta":{"origin":22029,"position":3},"title":"Gracias Presidente &#8211; Arias","author":"Juliana","date":"junio 15, 2010","format":false,"excerpt":"[hana-flv-player video=\"\/blog\/wp-content\/uploads\/2009\/01\/20100609\/AndrsFelipeAriasGraciasPresidente.flv\" width=\"550\" height=\"\" description=\"Gracias Presidente - Arias\" clickurl=\"\" clicktarget=\"\" player=\"4\" autoplay=\"false\" loop=\"false\" autorewind=\"true\" splashimage=\"\" skin=\"\" \/] [icon color=\"Accent-Color\" size=\"regular\" image=\"steadysets-icon-chat\"] Contexto Spot de la Campa\u00f1a de Andr\u00e9s Felipe Arias por la candidatura del Partido Conservador a la Presidencia de Colombia, durante la contienda de 2010. La campa\u00f1a por la\u2026","rel":"","context":"En \u00abCampa\u00f1a Presidencial\u00bb","block_context":{"text":"Campa\u00f1a Presidencial","link":"https:\/\/estrategica.com.co\/blog\/category\/temas\/campana-presidencial\/"},"img":{"alt_text":"","src":"https:\/\/i0.wp.com\/estrategica.com.co\/blog\/wp-content\/uploads\/2010\/06\/AndrsFelipeAriasGraciasPresidente_thumb.png?fit=771%2C430&ssl=1&resize=350%2C200","width":350,"height":200},"classes":[]},{"id":21592,"url":"https:\/\/estrategica.com.co\/blog\/en-palabras-del-presidente-arias\/","url_meta":{"origin":22029,"position":4},"title":"En Palabras del Presidente &#8211; Arias","author":"Juliana","date":"junio 15, 2010","format":false,"excerpt":"[hana-flv-player video=\"\/blog\/wp-content\/uploads\/2009\/01\/20100609\/AriasEldelPresidente.flv\" width=\"550\" height=\"\" description=\"En Palabras del Presidente - Arias\" clickurl=\"\" clicktarget=\"\" player=\"4\" autoplay=\"false\" loop=\"false\" autorewind=\"true\" splashimage=\"\" skin=\"\" \/] [icon color=\"Accent-Color\" size=\"regular\" image=\"steadysets-icon-chat\"] Contexto Spot de la Campa\u00f1a de Andr\u00e9s Felipe Arias por la candidatura del Partido Conservador a la Presidencia de Colombia, durante la contienda de 2010. La campa\u00f1a\u2026","rel":"","context":"En \u00abCampa\u00f1a Presidencial\u00bb","block_context":{"text":"Campa\u00f1a Presidencial","link":"https:\/\/estrategica.com.co\/blog\/category\/temas\/campana-presidencial\/"},"img":{"alt_text":"","src":"https:\/\/i0.wp.com\/estrategica.com.co\/blog\/wp-content\/uploads\/2010\/06\/AriasEldelPresidente_thumb.png?fit=595%2C411&ssl=1&resize=350%2C200","width":350,"height":200},"classes":[]},{"id":21577,"url":"https:\/\/estrategica.com.co\/blog\/trayectoria-arias\/","url_meta":{"origin":22029,"position":5},"title":"Trayector\u00eda &#8211; Arias","author":"Juliana","date":"junio 15, 2010","format":false,"excerpt":"[hana-flv-player video=\"\/blog\/wp-content\/uploads\/2009\/01\/20100609\/AndresFelipeAriasPresidente.flv\" width=\"550\" height=\"\" description=\"Trayector\u00eda - Arias\" clickurl=\"\" clicktarget=\"\" player=\"4\" autoplay=\"false\" loop=\"false\" autorewind=\"true\" splashimage=\"\" skin=\"\" \/] [icon color=\"Accent-Color\" size=\"regular\" image=\"steadysets-icon-chat\"] Contexto Spot de la Campa\u00f1a de Andr\u00e9s Felipe Arias por la candidatura del Partido Conservador a la Presidencia de Colombia, durante la contienda de 2010. La campa\u00f1a por la nominaci\u00f3n\u2026","rel":"","context":"En \u00abCampa\u00f1a Presidencial\u00bb","block_context":{"text":"Campa\u00f1a Presidencial","link":"https:\/\/estrategica.com.co\/blog\/category\/temas\/campana-presidencial\/"},"img":{"alt_text":"","src":"https:\/\/i0.wp.com\/estrategica.com.co\/blog\/wp-content\/uploads\/2010\/06\/AndresFelipeAriasPresidente_thumb.png?fit=680%2C487&ssl=1&resize=350%2C200","width":350,"height":200},"classes":[]}],"jetpack_sharing_enabled":true,"_links":{"self":[{"href":"https:\/\/estrategica.com.co\/blog\/wp-json\/wp\/v2\/posts\/22029","targetHints":{"allow":["GET"]}}],"collection":[{"href":"https:\/\/estrategica.com.co\/blog\/wp-json\/wp\/v2\/posts"}],"about":[{"href":"https:\/\/estrategica.com.co\/blog\/wp-json\/wp\/v2\/types\/post"}],"author":[{"embeddable":true,"href":"https:\/\/estrategica.com.co\/blog\/wp-json\/wp\/v2\/users\/5"}],"replies":[{"embeddable":true,"href":"https:\/\/estrategica.com.co\/blog\/wp-json\/wp\/v2\/comments?post=22029"}],"version-history":[{"count":5,"href":"https:\/\/estrategica.com.co\/blog\/wp-json\/wp\/v2\/posts\/22029\/revisions"}],"predecessor-version":[{"id":43162,"href":"https:\/\/estrategica.com.co\/blog\/wp-json\/wp\/v2\/posts\/22029\/revisions\/43162"}],"wp:featuredmedia":[{"embeddable":true,"href":"https:\/\/estrategica.com.co\/blog\/wp-json\/wp\/v2\/media\/22030"}],"wp:attachment":[{"href":"https:\/\/estrategica.com.co\/blog\/wp-json\/wp\/v2\/media?parent=22029"}],"wp:term":[{"taxonomy":"category","embeddable":true,"href":"https:\/\/estrategica.com.co\/blog\/wp-json\/wp\/v2\/categories?post=22029"},{"taxonomy":"post_tag","embeddable":true,"href":"https:\/\/estrategica.com.co\/blog\/wp-json\/wp\/v2\/tags?post=22029"}],"curies":[{"name":"wp","href":"https:\/\/api.w.org\/{rel}","templated":true}]}}