{"id":2209,"date":"2011-04-17T08:24:14","date_gmt":"2011-04-17T13:24:14","guid":{"rendered":"http:\/\/estrategica.com.co\/blog\/?p=2209"},"modified":"2015-03-25T15:09:06","modified_gmt":"2015-03-25T20:09:06","slug":"20-pesos-pan","status":"publish","type":"post","link":"https:\/\/estrategica.com.co\/blog\/20-pesos-pan\/","title":{"rendered":"20 Pesos &#8211; PAN"},"content":{"rendered":"<p> <script type='text\/javascript' src='https:\/\/estrategica.com.co\/blog\/wp-content\/plugins\/hana-flv-player\/flowplayer3\/example\/flowplayer-3.2.6.min.js'><\/script>\n<div >\n<div id='hana_flv_flow3_1' style='display:block;width:550px;height:413px;background-color:#555555;color:#ffffff;padding:0' title=\"*Video:20 pesos - pan\"><\/div>\n<\/div>\n\n<script  type='text\/javascript'>\nif (typeof g_hanaFlash !== 'undefined' && !g_hanaFlash){\n    jQuery('#hana_flv_flow3_1').css( 'padding', '5px' );\n\tjQuery('#hana_flv_flow3_1').html(\"<span class='inactive_message' style='display:block'>Sorry, your browser does not support Flash Video Player<\/span> *Video:20 pesos - pan\");\n}else{\t\t\t\n\t\tflowplayer('hana_flv_flow3_1', { src: 'https:\/\/estrategica.com.co\/blog\/wp-content\/plugins\/hana-flv-player\/flowplayer3\/flowplayer-3.2.7.swf', wmode: 'transparent' }, { \n\n\t\t\tcanvas: { backgroundColor: '#000000', backgroundGradient: 'none',},\n    \t\tclip:  { \n    \t\t\turl: '\/blog\/wp-content\/uploads\/2009\/01\/mexico\/20_PESITOS.flv',\n        \t\tscaling: 'fit', autoPlay: false, autoBuffering: true \n\t\t\t\t   , onFinish : function () { this.seek(0); }  \n\n\t        }\n\n\t\t});\n}\n<\/script><br \/>\n<\/br><\/p>\n<p>[icon color=\u00bbAccent-Color\u00bb size=\u00bbregular\u00bb image=\u00bbsteadysets-icon-chat\u00bb] <strong>Contexto<\/strong><\/br><\/br><\/p>\n<p style=\"text-align: justify;\">Spot del Consejo Coordinador Empresarial, en el a\u00f1o 2006, para combatir en forma subliminal la aspiraci\u00f3n de Andr\u00e9s Manuel L\u00f3pez Obrador. Con el argumento de la estabilidad econ\u00f3mica busca generar incertidumbre con respecto a candidaturas que no defienden la ortodoxia econ\u00f3mica. Una pieza bien lograda con un mensaje claro y sencillo. La pieza beneficia al candidato del PAN.<\/p><\/p>\n","protected":false},"excerpt":{"rendered":"<p>*Video: 20 pesos &#8211; pan [icon color=\u00bbAccent-Color\u00bb size=\u00bbregular\u00bb image=\u00bbsteadysets-icon-chat\u00bb] Contexto Spot del Consejo Coordinador Empresarial, en el a\u00f1o 2006, para combatir en forma subliminal la aspiraci\u00f3n de Andr\u00e9s Manuel L\u00f3pez Obrador. Con el argumento de la estabilidad econ\u00f3mica busca generar incertidumbre con respecto a candidaturas que no defienden la ortodoxia econ\u00f3mica. Una pieza bien lograda [&hellip;]<\/p>\n","protected":false},"author":5,"featured_media":2218,"comment_status":"open","ping_status":"open","sticky":false,"template":"","format":"standard","meta":{"_et_pb_use_builder":"","_et_pb_old_content":"","_et_gb_content_width":"","advanced_seo_description":"","jetpack_seo_html_title":"","jetpack_seo_noindex":false,"footnotes":""},"categories":[263,57,34,10,201,11,3],"tags":[196,259,255],"class_list":["post-2209","post","type-post","status-publish","format-standard","has-post-thumbnail","hentry","category-ano","category-campana-presidencial","category-electoral","category-geo","category-mexico","category-temas","category-video","tag-elecciones-2006","tag-felipe-calderon","tag-pan"],"jetpack_featured_media_url":"https:\/\/i0.wp.com\/estrategica.com.co\/blog\/wp-content\/uploads\/2009\/01\/20_pesitos_thumb.png?fit=320%2C163&ssl=1","jetpack_shortlink":"https:\/\/wp.me\/p4wgsh-zD","jetpack-related-posts":[{"id":14038,"url":"https:\/\/estrategica.com.co\/blog\/av063\/","url_meta":{"origin":2209,"position":0},"title":"Recuerdas? &#8211; PAN","author":"estrategica.com","date":"abril 17, 2011","format":false,"excerpt":"[hana-flv-player video=\"\/blog\/wp-content\/uploads\/2009\/01\/videos_ultimos\/av063.flv\" width=\"550\" height=\"\" description=\"Recuerdas? - PAN\" clickurl=\"\" clicktarget=\"\" player=\"4\" autoplay=\"false\" loop=\"false\" autorewind=\"true\" splashimage=\"\" skin=\"\" \/] [icon color=\"Accent-Color\" size=\"regular\" image=\"steadysets-icon-chat\"] Contexto Spot del PAN de cara a las elecciones de 2006 en M\u00e9xico. La pieza es directa contra el PRI con el fin de hacerle recordar en forma visual algunos\u2026","rel":"","context":"En \u00ab2006\u00bb","block_context":{"text":"2006","link":"https:\/\/estrategica.com.co\/blog\/category\/ano\/2006\/"},"img":{"alt_text":"","src":"https:\/\/i0.wp.com\/estrategica.com.co\/blog\/wp-content\/uploads\/2009\/05\/av063_thumb.png?fit=449%2C354&ssl=1&resize=350%2C200","width":350,"height":200},"classes":[]},{"id":11958,"url":"https:\/\/estrategica.com.co\/blog\/%c2%bftu-vendes-tu-voto-pan\/","url_meta":{"origin":2209,"position":1},"title":"\u00bfT\u00fa vendes tu voto? &#8211; PAN","author":"Juliana","date":"abril 22, 2009","format":false,"excerpt":"[hana-flv-player video=\"\/blog\/wp-content\/uploads\/2009\/01\/carpeta_muchos_varios\/MexicoPartidoAccionNacional2006.flv\" width=\"550\" height=\"\" description=\"\u00bfT\u00fa vendes tu voto? - PAN\" clickurl=\"\" clicktarget=\"\" player=\"4\" autoplay=\"false\" loop=\"false\" autorewind=\"true\" splashimage=\"\" skin=\"\" \/] [icon color=\"Accent-Color\" size=\"regular\" image=\"steadysets-icon-chat\"] Contexto Spot del PAN durante las elecciones de 2006. La pieza busca, estrat\u00e9gicamente, acusar a los dem\u00e1s partidos de comprar votos y mandar un mensaje subliminal de\u2026","rel":"","context":"En \u00abCampa\u00f1a Presidencial\u00bb","block_context":{"text":"Campa\u00f1a Presidencial","link":"https:\/\/estrategica.com.co\/blog\/category\/temas\/campana-presidencial\/"},"img":{"alt_text":"","src":"","width":0,"height":0},"classes":[]},{"id":15428,"url":"https:\/\/estrategica.com.co\/blog\/nunca-restamos-pan\/","url_meta":{"origin":2209,"position":2},"title":"Nunca Restamos &#8211; PAN","author":"Juliana","date":"junio 16, 2009","format":false,"excerpt":"[hana-flv-player video=\"\/blog\/wp-content\/uploads\/2009\/01\/videos_ultimos\/av231.flv\" width=\"550\" height=\"\" description=\"Nunca Restamos - PAN\" clickurl=\"\" clicktarget=\"\" player=\"4\" autoplay=\"false\" loop=\"false\" autorewind=\"true\" splashimage=\"\" skin=\"\" \/] [icon color=\"Accent-Color\" size=\"regular\" image=\"steadysets-icon-chat\"] Contexto Spot del PAN en apoyo a la gesti\u00f3n del Presidente Felipe Calder\u00f3n. La pieza se origina en el hecho de la perdida de favorabilidad del gobierno. La pieza\u2026","rel":"","context":"En \u00ab2007\u00bb","block_context":{"text":"2007","link":"https:\/\/estrategica.com.co\/blog\/category\/ano\/2007\/"},"img":{"alt_text":"","src":"https:\/\/i0.wp.com\/estrategica.com.co\/blog\/wp-content\/uploads\/2009\/05\/av231_thumb.png?fit=440%2C353&ssl=1&resize=350%2C200","width":350,"height":200},"classes":[]},{"id":15529,"url":"https:\/\/estrategica.com.co\/blog\/rene-bejarano-pan\/","url_meta":{"origin":2209,"position":3},"title":"Rene Bejarano &#8211; PAN","author":"Juliana","date":"junio 17, 2009","format":false,"excerpt":"[hana-flv-player video=\"\/blog\/wp-content\/uploads\/2009\/01\/videos_ultimos\/av253.flv\" width=\"550\" height=\"\" description=\"Rene Bejarano - PAN\" clickurl=\"\" clicktarget=\"\" player=\"4\" autoplay=\"false\" loop=\"false\" autorewind=\"true\" splashimage=\"\" skin=\"\" \/] [icon color=\"Accent-Color\" size=\"regular\" image=\"steadysets-icon-chat\"] Contexto Spot de publicidad negativa contra L\u00f3pez Obrador en las elecciones de 2006. El tema rescata otro spot en donde la escritora Elena Poniatowska defiende la gesti\u00f3n de L\u00f3pez\u2026","rel":"","context":"En \u00abCampa\u00f1a Presidencial\u00bb","block_context":{"text":"Campa\u00f1a Presidencial","link":"https:\/\/estrategica.com.co\/blog\/category\/temas\/campana-presidencial\/"},"img":{"alt_text":"","src":"https:\/\/i0.wp.com\/estrategica.com.co\/blog\/wp-content\/uploads\/2009\/05\/av253_thumb.png?fit=439%2C357&ssl=1&resize=350%2C200","width":350,"height":200},"classes":[]},{"id":17651,"url":"https:\/\/estrategica.com.co\/blog\/nuestra-herencia-pan\/","url_meta":{"origin":2209,"position":4},"title":"Nuestra Herencia &#8211; PAN","author":"Juliana","date":"junio 20, 2009","format":false,"excerpt":"[hana-flv-player video=\"\/blog\/wp-content\/uploads\/2009\/01\/videosultimosconver\/NuestraHerencia.flv\" width=\"550\" height=\"\" description=\"Nuestra Herencia - PAN\" clickurl=\"\" clicktarget=\"\" player=\"4\" autoplay=\"false\" loop=\"false\" autorewind=\"true\" splashimage=\"\" skin=\"\" \/] [icon color=\"Accent-Color\" size=\"regular\" image=\"steadysets-icon-chat\"] Contexto Video del Partido Acci\u00f3n Nacional, PAN, de M\u00e9xico grabado en el a\u00f1o 2008. La pieza busca despertar sentido de pertenencia y tradici\u00f3n en la militancia del partido. El\u2026","rel":"","context":"En \u00ab2008\u00bb","block_context":{"text":"2008","link":"https:\/\/estrategica.com.co\/blog\/category\/ano\/2008\/"},"img":{"alt_text":"","src":"https:\/\/i0.wp.com\/estrategica.com.co\/blog\/wp-content\/uploads\/2009\/06\/nuestraherencia_thumb.png?fit=500%2C427&ssl=1&resize=350%2C200","width":350,"height":200},"classes":[]},{"id":2416,"url":"https:\/\/estrategica.com.co\/blog\/no-votes-por-otra-crisis\/","url_meta":{"origin":2209,"position":5},"title":"No votes por otra crisis","author":"Juliana","date":"febrero 15, 2009","format":false,"excerpt":"[hana-flv-player video=\"\/blog\/wp-content\/uploads\/2009\/01\/mexico\/spot_de_calderon_contra_amlo.flv\" width=\"550\" height=\"\" description=\"No votes por otra crisis\" clickurl=\"\" clicktarget=\"\" player=\"4\" autoplay=\"false\" loop=\"false\" autorewind=\"true\" splashimage=\"\" skin=\"\" \/] [icon color=\"Accent-Color\" size=\"regular\" image=\"steadysets-icon-chat\"] Contexto Spot de publicidad negativa del PAN contra L\u00f3pez Obrador en las elecciones de 2006.\u00a0 El tema hace relaci\u00f3n a los ofrecimientos que hace el candidato y los\u2026","rel":"","context":"En \u00ab2006\u00bb","block_context":{"text":"2006","link":"https:\/\/estrategica.com.co\/blog\/category\/ano\/2006\/"},"img":{"alt_text":"","src":"","width":0,"height":0},"classes":[]}],"jetpack_sharing_enabled":true,"_links":{"self":[{"href":"https:\/\/estrategica.com.co\/blog\/wp-json\/wp\/v2\/posts\/2209","targetHints":{"allow":["GET"]}}],"collection":[{"href":"https:\/\/estrategica.com.co\/blog\/wp-json\/wp\/v2\/posts"}],"about":[{"href":"https:\/\/estrategica.com.co\/blog\/wp-json\/wp\/v2\/types\/post"}],"author":[{"embeddable":true,"href":"https:\/\/estrategica.com.co\/blog\/wp-json\/wp\/v2\/users\/5"}],"replies":[{"embeddable":true,"href":"https:\/\/estrategica.com.co\/blog\/wp-json\/wp\/v2\/comments?post=2209"}],"version-history":[{"count":21,"href":"https:\/\/estrategica.com.co\/blog\/wp-json\/wp\/v2\/posts\/2209\/revisions"}],"predecessor-version":[{"id":50160,"href":"https:\/\/estrategica.com.co\/blog\/wp-json\/wp\/v2\/posts\/2209\/revisions\/50160"}],"wp:featuredmedia":[{"embeddable":true,"href":"https:\/\/estrategica.com.co\/blog\/wp-json\/wp\/v2\/media\/2218"}],"wp:attachment":[{"href":"https:\/\/estrategica.com.co\/blog\/wp-json\/wp\/v2\/media?parent=2209"}],"wp:term":[{"taxonomy":"category","embeddable":true,"href":"https:\/\/estrategica.com.co\/blog\/wp-json\/wp\/v2\/categories?post=2209"},{"taxonomy":"post_tag","embeddable":true,"href":"https:\/\/estrategica.com.co\/blog\/wp-json\/wp\/v2\/tags?post=2209"}],"curies":[{"name":"wp","href":"https:\/\/api.w.org\/{rel}","templated":true}]}}