{"id":22490,"date":"2011-04-18T08:32:30","date_gmt":"2011-04-18T13:32:30","guid":{"rendered":"http:\/\/estrategica.com.co\/blog\/?p=22490"},"modified":"2015-03-25T12:29:15","modified_gmt":"2015-03-25T17:29:15","slug":"mesa-de-cocina-biden","status":"publish","type":"post","link":"https:\/\/estrategica.com.co\/blog\/mesa-de-cocina-biden\/","title":{"rendered":"Mesa de Cocina &#8211; Biden"},"content":{"rendered":"<p> <script type='text\/javascript' src='https:\/\/estrategica.com.co\/blog\/wp-content\/plugins\/hana-flv-player\/flowplayer3\/example\/flowplayer-3.2.6.min.js'><\/script>\n<div >\n<div id='hana_flv_flow3_1' style='display:block;width:550px;height:413px;background-color:#555555;color:#ffffff;padding:0' title=\"*Video:mesa de cocina - biden\"><\/div>\n<\/div>\n\n<script  type='text\/javascript'>\nif (typeof g_hanaFlash !== 'undefined' && !g_hanaFlash){\n    jQuery('#hana_flv_flow3_1').css( 'padding', '5px' );\n\tjQuery('#hana_flv_flow3_1').html(\"<span class='inactive_message' style='display:block'>Sorry, your browser does not support Flash Video Player<\/span> *Video:mesa de cocina - biden\");\n}else{\t\t\t\n\t\tflowplayer('hana_flv_flow3_1', { src: 'https:\/\/estrategica.com.co\/blog\/wp-content\/plugins\/hana-flv-player\/flowplayer3\/flowplayer-3.2.7.swf', wmode: 'transparent' }, { \n\n\t\t\tcanvas: { backgroundColor: '#000000', backgroundGradient: 'none',},\n    \t\tclip:  { \n    \t\t\turl: '\/blog\/wp-content\/uploads\/2009\/01\/20100628\/KitchenTable.flv',\n        \t\tscaling: 'fit', autoPlay: false, autoBuffering: true \n\t\t\t\t   , onFinish : function () { this.seek(0); }  \n\n\t        }\n\n\t\t});\n}\n<\/script><br \/>\n<\/br><\/p>\n<p>[icon color=\u00bbAccent-Color\u00bb size=\u00bbregular\u00bb image=\u00bbsteadysets-icon-chat\u00bb] <strong>Contexto<\/strong><\/br><\/br><\/p>\n<p style=\"text-align: justify;\">Spot de Joe Biden en el a\u00f1o 2008 de cara a las elecciones internas dem\u00f3cratas. La candidatura fue ef\u00edmera en la medida en que luego de Caucus de Iowa se retiro de la contienda por considerar que eran escasas sus posibilidades de alcanzar la candidatura dem\u00f3crata. La est\u00e9tica de la pieza es atractiva y genera confianza a trav\u00e9s del tono, la m\u00fasica y el contexto de la pieza.<\/p><\/p>\n","protected":false},"excerpt":{"rendered":"<p>*Video: mesa de cocina &#8211; biden [icon color=\u00bbAccent-Color\u00bb size=\u00bbregular\u00bb image=\u00bbsteadysets-icon-chat\u00bb] Contexto Spot de Joe Biden en el a\u00f1o 2008 de cara a las elecciones internas dem\u00f3cratas. La candidatura fue ef\u00edmera en la medida en que luego de Caucus de Iowa se retiro de la contienda por considerar que eran escasas sus posibilidades de alcanzar la [&hellip;]<\/p>\n","protected":false},"author":5,"featured_media":22491,"comment_status":"open","ping_status":"open","sticky":false,"template":"","format":"standard","meta":{"_et_pb_use_builder":"","_et_pb_old_content":"","_et_gb_content_width":"","advanced_seo_description":"","jetpack_seo_html_title":"","jetpack_seo_noindex":false,"footnotes":""},"categories":[268,263,57,34,64,10,11,3],"tags":[93,272,121],"class_list":["post-22490","post","type-post","status-publish","format-standard","has-post-thumbnail","hentry","category-268","category-ano","category-campana-presidencial","category-electoral","category-estados-unidos","category-geo","category-temas","category-video","tag-elecciones-2008","tag-joe-biden","tag-partido-democrata"],"jetpack_featured_media_url":"https:\/\/i0.wp.com\/estrategica.com.co\/blog\/wp-content\/uploads\/2010\/07\/KitchenTable_thumb.png?fit=539%2C438&ssl=1","jetpack_shortlink":"https:\/\/wp.me\/p4wgsh-5QK","jetpack-related-posts":[{"id":23676,"url":"https:\/\/estrategica.com.co\/blog\/asamblea-del-bid-toledo\/","url_meta":{"origin":22490,"position":0},"title":"Asamblea del BID &#8211; Toledo","author":"Juliana","date":"julio 17, 2010","format":false,"excerpt":"[hana-flv-player video=\"\/blog\/wp-content\/uploads\/2009\/01\/20100708\/JUNTOSAlejandroToledo6.flv\" width=\"550\" height=\"\" description=\"Asamblea del BID - Toledo\" clickurl=\"\" clicktarget=\"\" player=\"4\" autoplay=\"false\" loop=\"false\" autorewind=\"true\" splashimage=\"\" skin=\"\" \/] [icon color=\"Accent-Color\" size=\"regular\" image=\"steadysets-icon-chat\"] Contexto Spot del Gobierno del Presidente Alejandro Toledo para posicionar los logros al cierre de su gobierno durante el a\u00f1o 2006. El gobierno de Toledo mantuvo la estabilidad\u2026","rel":"","context":"En \u00ab2006\u00bb","block_context":{"text":"2006","link":"https:\/\/estrategica.com.co\/blog\/category\/ano\/2006\/"},"img":{"alt_text":"","src":"https:\/\/i0.wp.com\/estrategica.com.co\/blog\/wp-content\/uploads\/2010\/07\/JUNTOSAlejandroToledo6_thumb.png?fit=647%2C424&ssl=1&resize=350%2C200","width":350,"height":200},"classes":[]},{"id":5539,"url":"https:\/\/estrategica.com.co\/blog\/joe-biden-critica-a-barack-obama\/","url_meta":{"origin":22490,"position":1},"title":"Joe Biden critica a Barack Obama","author":"Juliana","date":"marzo 18, 2009","format":false,"excerpt":"[hana-flv-player video=\"\/blog\/wp-content\/uploads\/2009\/01\/CONVERTIDOS_USA\/Joe_Biden_On_Barack_Obama.flv\" width=\"550\" height=\"\" description=\"Joe Biden critica a Barack Obama\" clickurl=\"\" clicktarget=\"\" player=\"4\" autoplay=\"false\" loop=\"false\" autorewind=\"true\" splashimage=\"\" skin=\"\" \/] [icon color=\"Accent-Color\" size=\"regular\" image=\"steadysets-icon-chat\"] Contexto Spot de campa\u00f1a de John McCain en las elecciones de 2008. El candidato es un h\u00e9roe americano, anciano y vinculado a unos de los gobiernos m\u00e1s\u2026","rel":"","context":"En \u00abCampa\u00f1a Presidencial\u00bb","block_context":{"text":"Campa\u00f1a Presidencial","link":"https:\/\/estrategica.com.co\/blog\/category\/temas\/campana-presidencial\/"},"img":{"alt_text":"","src":"","width":0,"height":0},"classes":[]},{"id":4169,"url":"https:\/\/estrategica.com.co\/blog\/scranton-pennsylvania\/","url_meta":{"origin":22490,"position":2},"title":"Scranton, Pennsylvania","author":"Juliana","date":"febrero 24, 2009","format":false,"excerpt":"[hana-flv-player video=\"\/blog\/wp-content\/uploads\/2009\/01\/CONVERTIDOSUSA\/Scranton_TV_Ad.flv\" width=\"550\" height=\"\" description=\"Scranton, Pennsylvania\" clickurl=\"\" clicktarget=\"\" player=\"4\" autoplay=\"false\" loop=\"false\" autorewind=\"true\" splashimage=\"\" skin=\"\" \/] [icon color=\"Accent-Color\" size=\"regular\" image=\"steadysets-icon-chat\"] Contexto Las elecciones de 2008 a la presidencia de los Estados Unidos estuvieron marcadas por el deseo de cambio que dominaba al electorado. La guerra, en un comienzo, y la econom\u00eda,\u2026","rel":"","context":"En \u00abCampa\u00f1a Presidencial\u00bb","block_context":{"text":"Campa\u00f1a Presidencial","link":"https:\/\/estrategica.com.co\/blog\/category\/temas\/campana-presidencial\/"},"img":{"alt_text":"","src":"","width":0,"height":0},"classes":[]},{"id":58947,"url":"https:\/\/estrategica.com.co\/blog\/vicepresidentjoebidenkalpennandtheaviatorfistbumplivefromcharlottetonightat8pmetpost\/","url_meta":{"origin":22490,"position":3},"title":"El Aviador &#8211; Obama &#8211; Biden","author":"Juliana","date":"marzo 10, 2017","format":false,"excerpt":"Spot de la Campa\u00f1a de Barack Obama a la Presidencia de los Estados Unidos durante la contienda electoral de 2012 a nombre del Partido Dem\u00f3crata teniendo a Mitt Romney del Partido republicano como adversario.","rel":"","context":"En \u00ab2012\u00bb","block_context":{"text":"2012","link":"https:\/\/estrategica.com.co\/blog\/category\/ano\/2012\/"},"img":{"alt_text":"","src":"https:\/\/i0.wp.com\/estrategica.com.co\/blog\/wp-content\/uploads\/2015\/05\/VicePresidentJoeBidenKalPennandtheAviatorFistBumpLivefromCharlotteTonightat8pmET_thumb.png?fit=651%2C458&ssl=1&resize=350%2C200","width":350,"height":200},"classes":[]},{"id":59663,"url":"https:\/\/estrategica.com.co\/blog\/obama-biden\/","url_meta":{"origin":22490,"position":4},"title":"Obama &#8211; Biden","author":"estrategica.com","date":"marzo 10, 2017","format":false,"excerpt":"Spot de la Campa\u00f1a de Barack Obama a la Presidencia de los Estados Unidos durante la contienda electoral de 2012 a nombre del Partido Dem\u00f3crata teniendo a Mitt Romney del Partido republicano como adversario.","rel":"","context":"En \u00ab2012\u00bb","block_context":{"text":"2012","link":"https:\/\/estrategica.com.co\/blog\/category\/ano\/2012\/"},"img":{"alt_text":"","src":"https:\/\/i0.wp.com\/estrategica.com.co\/blog\/wp-content\/uploads\/2017\/03\/obama-biden.jpg?fit=482%2C207&ssl=1&resize=350%2C200","width":350,"height":200},"classes":[]},{"id":35197,"url":"https:\/\/estrategica.com.co\/blog\/insecure\/","url_meta":{"origin":22490,"position":5},"title":"Inseguridad &#8211; Smith","author":"Juliana","date":"agosto 6, 2012","format":false,"excerpt":"[hana-flv-player video=\"\/blog\/wp-content\/uploads\/2009\/01\/20111213\/Insecure.flv\" width=\"550\" height=\"\" description=\"Inseguridad - Smith\" clickurl=\"\" clicktarget=\"\" player=\"4\" autoplay=\"false\" loop=\"false\" autorewind=\"false\" splashimage=\"\" skin=\"\" \/] [icon color=\"Accent-Color\" size=\"regular\" image=\"steadysets-icon-chat\"] Contexto Spot de la Campa\u00f1a de Harold Gordon Smith al Senado de los Estados Unidos en representaci\u00f3n de Oregon, durante la contienda electoral de 2008, a nombre del Partido Republicano.\u2026","rel":"","context":"En \u00ab2008\u00bb","block_context":{"text":"2008","link":"https:\/\/estrategica.com.co\/blog\/category\/ano\/2008\/"},"img":{"alt_text":"","src":"https:\/\/i0.wp.com\/estrategica.com.co\/blog\/wp-content\/uploads\/2012\/08\/Insecure_thumb.png?fit=980%2C587&ssl=1&resize=350%2C200","width":350,"height":200},"classes":[]}],"jetpack_sharing_enabled":true,"_links":{"self":[{"href":"https:\/\/estrategica.com.co\/blog\/wp-json\/wp\/v2\/posts\/22490","targetHints":{"allow":["GET"]}}],"collection":[{"href":"https:\/\/estrategica.com.co\/blog\/wp-json\/wp\/v2\/posts"}],"about":[{"href":"https:\/\/estrategica.com.co\/blog\/wp-json\/wp\/v2\/types\/post"}],"author":[{"embeddable":true,"href":"https:\/\/estrategica.com.co\/blog\/wp-json\/wp\/v2\/users\/5"}],"replies":[{"embeddable":true,"href":"https:\/\/estrategica.com.co\/blog\/wp-json\/wp\/v2\/comments?post=22490"}],"version-history":[{"count":4,"href":"https:\/\/estrategica.com.co\/blog\/wp-json\/wp\/v2\/posts\/22490\/revisions"}],"predecessor-version":[{"id":50064,"href":"https:\/\/estrategica.com.co\/blog\/wp-json\/wp\/v2\/posts\/22490\/revisions\/50064"}],"wp:featuredmedia":[{"embeddable":true,"href":"https:\/\/estrategica.com.co\/blog\/wp-json\/wp\/v2\/media\/22491"}],"wp:attachment":[{"href":"https:\/\/estrategica.com.co\/blog\/wp-json\/wp\/v2\/media?parent=22490"}],"wp:term":[{"taxonomy":"category","embeddable":true,"href":"https:\/\/estrategica.com.co\/blog\/wp-json\/wp\/v2\/categories?post=22490"},{"taxonomy":"post_tag","embeddable":true,"href":"https:\/\/estrategica.com.co\/blog\/wp-json\/wp\/v2\/tags?post=22490"}],"curies":[{"name":"wp","href":"https:\/\/api.w.org\/{rel}","templated":true}]}}