{"id":227,"date":"2009-01-03T03:40:22","date_gmt":"2009-01-03T03:40:22","guid":{"rendered":"http:\/\/estrategica.com.co\/blog\/?p=227"},"modified":"2009-09-14T17:21:36","modified_gmt":"2009-09-14T17:21:36","slug":"gracias","status":"publish","type":"post","link":"https:\/\/estrategica.com.co\/blog\/gracias\/","title":{"rendered":"Gracias"},"content":{"rendered":"<p><img loading=\"lazy\" decoding=\"async\" data-attachment-id=\"226\" data-permalink=\"https:\/\/estrategica.com.co\/blog\/gracias\/segolene_final\/\" data-orig-file=\"https:\/\/i0.wp.com\/estrategica.com.co\/blog\/wp-content\/uploads\/2009\/01\/segolene_final.jpg?fit=609%2C418&amp;ssl=1\" data-orig-size=\"609,418\" data-comments-opened=\"1\" data-image-meta=\"{&quot;aperture&quot;:&quot;0&quot;,&quot;credit&quot;:&quot;&quot;,&quot;camera&quot;:&quot;&quot;,&quot;caption&quot;:&quot;&quot;,&quot;created_timestamp&quot;:&quot;0&quot;,&quot;copyright&quot;:&quot;&quot;,&quot;focal_length&quot;:&quot;0&quot;,&quot;iso&quot;:&quot;0&quot;,&quot;shutter_speed&quot;:&quot;0&quot;,&quot;title&quot;:&quot;&quot;}\" data-image-title=\"segolene_final\" data-image-description=\"\" data-image-caption=\"\" data-medium-file=\"https:\/\/i0.wp.com\/estrategica.com.co\/blog\/wp-content\/uploads\/2009\/01\/segolene_final.jpg?fit=300%2C205&amp;ssl=1\" data-large-file=\"https:\/\/i0.wp.com\/estrategica.com.co\/blog\/wp-content\/uploads\/2009\/01\/segolene_final.jpg?fit=609%2C418&amp;ssl=1\" class=\"alignnone size-full wp-image-226\" title=\"segolene_final\" src=\"https:\/\/i0.wp.com\/estrategica.com.co\/blog\/wp-content\/uploads\/2009\/01\/segolene_final.jpg?resize=548%2C376\" alt=\"segolene_final\" width=\"548\" height=\"376\" srcset=\"https:\/\/i0.wp.com\/estrategica.com.co\/blog\/wp-content\/uploads\/2009\/01\/segolene_final.jpg?w=609&amp;ssl=1 609w, https:\/\/i0.wp.com\/estrategica.com.co\/blog\/wp-content\/uploads\/2009\/01\/segolene_final.jpg?resize=300%2C205&amp;ssl=1 300w\" sizes=\"(max-width: 548px) 100vw, 548px\" data-recalc-dims=\"1\" \/><\/p>\n<p style=\"text-align: justify;\">El agradecimiento de S\u00e9gol\u00e8ne Royal a sus electores luego de la derrota. Una acci\u00f3n que muestra sus ganas de conservar lo que tiene y de pensar en el futuro. Quiere seguir jugando, eso es claro.<\/p>\n","protected":false},"excerpt":{"rendered":"<p>El agradecimiento de S\u00e9gol\u00e8ne Royal a sus electores luego de la derrota. Una acci\u00f3n que muestra sus ganas de conservar lo que tiene y de pensar en el futuro. Quiere seguir jugando, eso es claro.<\/p>\n","protected":false},"author":2,"featured_media":59155,"comment_status":"open","ping_status":"open","sticky":false,"template":"","format":"standard","meta":{"_et_pb_use_builder":"","_et_pb_old_content":"","_et_gb_content_width":"","advanced_seo_description":"","jetpack_seo_html_title":"","jetpack_seo_noindex":false,"footnotes":""},"categories":[269,5,263,57,46,50,10,11],"tags":[52,65,53],"class_list":["post-227","post","type-post","status-publish","format-standard","has-post-thumbnail","hentry","category-269","category-afiches","category-ano","category-campana-presidencial","category-fotograficos","category-francia","category-geo","category-temas","tag-elecciones-2007","tag-partido-socialista-frances","tag-segolene-royal"],"jetpack_featured_media_url":"https:\/\/i0.wp.com\/estrategica.com.co\/blog\/wp-content\/uploads\/2009\/01\/Gracias.jpg?fit=609%2C418&ssl=1","jetpack_shortlink":"https:\/\/wp.me\/s4wgsh-gracias","jetpack-related-posts":[{"id":3287,"url":"https:\/\/estrategica.com.co\/blog\/naipes-segolene-royal\/","url_meta":{"origin":227,"position":0},"title":"Naipes Segolene Royal","author":"estrategica.com","date":"febrero 1, 2009","format":false,"excerpt":"Naipes con la cara de Segolene Royal. Un instrumento de persuasi\u00f3n llamativo y con capacidad de generar recordaci\u00f3n. Tem\u00e1ticamente se puede jugar con el hecho de que el futuro de Francia esta en juego o algo as\u00ed. Es un objeto interesante pero hay que acompa\u00f1arlo de un contenido conceptual para\u2026","rel":"","context":"En \u00abCampa\u00f1a Presidencial\u00bb","block_context":{"text":"Campa\u00f1a Presidencial","link":"https:\/\/estrategica.com.co\/blog\/category\/temas\/campana-presidencial\/"},"img":{"alt_text":"","src":"https:\/\/i0.wp.com\/estrategica.com.co\/blog\/wp-content\/uploads\/2009\/02\/05.jpg?fit=416%2C520&ssl=1&resize=350%2C200","width":350,"height":200},"classes":[]},{"id":126,"url":"https:\/\/estrategica.com.co\/blog\/segolene-royal-presidente\/","url_meta":{"origin":227,"position":1},"title":"S\u00e9gol\u00e9ne Royal Pr\u00e9sidente","author":"camilorojas","date":"diciembre 30, 2008","format":false,"excerpt":"S\u00e9gol\u00e8ne Royal pertenece a una generaci\u00f3n que no vivi\u00f3 la Segunda Guerra Mundial ni el pre\u00e1mbulo de la integraci\u00f3n europea. En el espectro pol\u00edtico de izquierda encarna el socialismo moderado. El esfuerzo electoral estuvo dirigido a persuadir el centro. La candidata era un fascinante desaf\u00edo para los estrategas y publicistas\u2026","rel":"","context":"En \u00ab2007\u00bb","block_context":{"text":"2007","link":"https:\/\/estrategica.com.co\/blog\/category\/ano\/2007\/"},"img":{"alt_text":"","src":"https:\/\/i0.wp.com\/estrategica.com.co\/blog\/wp-content\/uploads\/2008\/12\/S\u00e9gol\u00e9ne-Royal-Pr\u00e9sidente.jpg?fit=533%2C400&ssl=1&resize=350%2C200","width":350,"height":200},"classes":[]},{"id":7269,"url":"https:\/\/estrategica.com.co\/blog\/musica-de-campana-de-segolene-royal\/","url_meta":{"origin":227,"position":2},"title":"M\u00fasica de Campa\u00f1a de Segolene Royal","author":"Juliana","date":"marzo 21, 2009","format":false,"excerpt":"[hana-flv-player video=\"\/blog\/wp-content\/uploads\/2009\/01\/videos_varios_f\/Dailymotion2.flv\" width=\"550\" height=\"\" description=\"M\u00fasica de Campa\u00f1a de Segolene Royal\" clickurl=\"\" clicktarget=\"\" player=\"4\" autoplay=\"false\" loop=\"false\" autorewind=\"true\" splashimage=\"\" skin=\"\" \/] [icon color=\"Accent-Color\" size=\"regular\" image=\"steadysets-icon-chat\"] Contexto S\u00e9gol\u00e8ne Royal pertenece a una generaci\u00f3n que no vivi\u00f3 la Segunda Guerra Mundial ni el pre\u00e1mbulo de la integraci\u00f3n europea. En el espectro pol\u00edtico de izquierda\u2026","rel":"","context":"En \u00abCampa\u00f1a Presidencial\u00bb","block_context":{"text":"Campa\u00f1a Presidencial","link":"https:\/\/estrategica.com.co\/blog\/category\/temas\/campana-presidencial\/"},"img":{"alt_text":"","src":"https:\/\/i0.wp.com\/estrategica.com.co\/blog\/wp-content\/uploads\/2009\/03\/dailymotion2_thumb.png?fit=319%2C249&ssl=1&resize=350%2C200","width":350,"height":200},"classes":[]},{"id":316,"url":"https:\/\/estrategica.com.co\/blog\/votaria-por-mi-si-fuera-seropositivo-5\/","url_meta":{"origin":227,"position":3},"title":"VOTARIA POR MI SI FUERA SEROPOSITIVO?","author":"camilorojas","date":"enero 3, 2009","format":false,"excerpt":"Campa\u00f1a realizada por la Fundaci\u00f3n AIDES con el fin de aprovechar la coyuntura electoral para cuestionar la ausencia del tema del debate pol\u00edtico. La campa\u00f1a sali\u00f3 el 12 de marzo de 2007 en el diario gratuito METRO, revelando cada d\u00eda un nuevo candidato. 3000 carteles fueron pegados frente a bares\u2026","rel":"","context":"En \u00ab2007\u00bb","block_context":{"text":"2007","link":"https:\/\/estrategica.com.co\/blog\/category\/ano\/2007\/"},"img":{"alt_text":"","src":"https:\/\/i0.wp.com\/estrategica.com.co\/blog\/wp-content\/uploads\/2009\/01\/VOTARIA-POR-MI-SI-FUERA-SEROPOSITIVO5.jpg?fit=450%2C291&ssl=1&resize=350%2C200","width":350,"height":200},"classes":[]},{"id":7277,"url":"https:\/\/estrategica.com.co\/blog\/dailymotion5\/","url_meta":{"origin":227,"position":4},"title":"Apelaci\u00f3n a los Socialistas &#8211; Segolene","author":"Juliana","date":"marzo 21, 2009","format":false,"excerpt":"[hana-flv-player video=\"\/blog\/wp-content\/uploads\/2009\/01\/videos_varios_f\/Dailymotion5.flv\" width=\"550\" height=\"\" description=\"Apelaci\u00f3n a los Socialistas - Segolene\" clickurl=\"\" clicktarget=\"\" player=\"4\" autoplay=\"false\" loop=\"false\" autorewind=\"true\" splashimage=\"\" skin=\"\" \/] [icon color=\"Accent-Color\" size=\"regular\" image=\"steadysets-icon-chat\"] Contexto S\u00e9gol\u00e8ne Royal pertenece a una generaci\u00f3n que no vivi\u00f3 la Segunda Guerra Mundial ni el pre\u00e1mbulo de la integraci\u00f3n europea. En el espectro pol\u00edtico de izquierda\u2026","rel":"","context":"En \u00abCampa\u00f1a Presidencial\u00bb","block_context":{"text":"Campa\u00f1a Presidencial","link":"https:\/\/estrategica.com.co\/blog\/category\/temas\/campana-presidencial\/"},"img":{"alt_text":"","src":"","width":0,"height":0},"classes":[]},{"id":118,"url":"https:\/\/estrategica.com.co\/blog\/le-changement\/","url_meta":{"origin":227,"position":5},"title":"El Cambio","author":"camilorojas","date":"diciembre 30, 2008","format":false,"excerpt":"S\u00e9gol\u00e8ne Royal pertenece a una generaci\u00f3n que no vivi\u00f3 la Segunda Guerra Mundial ni el pre\u00e1mbulo de la integraci\u00f3n europea. En el espectro pol\u00edtico de izquierda encarna el socialismo moderado. El esfuerzo electoral estuvo dirigido a persuadir el centro. La candidata era un fascinante desaf\u00edo para los estrategas y publicistas\u2026","rel":"","context":"En \u00ab2007\u00bb","block_context":{"text":"2007","link":"https:\/\/estrategica.com.co\/blog\/category\/ano\/2007\/"},"img":{"alt_text":"","src":"https:\/\/i0.wp.com\/estrategica.com.co\/blog\/wp-content\/uploads\/2008\/12\/El-Cambio.jpg?fit=227%2C300&ssl=1&resize=350%2C200","width":350,"height":200},"classes":[]}],"jetpack_sharing_enabled":true,"_links":{"self":[{"href":"https:\/\/estrategica.com.co\/blog\/wp-json\/wp\/v2\/posts\/227","targetHints":{"allow":["GET"]}}],"collection":[{"href":"https:\/\/estrategica.com.co\/blog\/wp-json\/wp\/v2\/posts"}],"about":[{"href":"https:\/\/estrategica.com.co\/blog\/wp-json\/wp\/v2\/types\/post"}],"author":[{"embeddable":true,"href":"https:\/\/estrategica.com.co\/blog\/wp-json\/wp\/v2\/users\/2"}],"replies":[{"embeddable":true,"href":"https:\/\/estrategica.com.co\/blog\/wp-json\/wp\/v2\/comments?post=227"}],"version-history":[{"count":7,"href":"https:\/\/estrategica.com.co\/blog\/wp-json\/wp\/v2\/posts\/227\/revisions"}],"predecessor-version":[{"id":230,"href":"https:\/\/estrategica.com.co\/blog\/wp-json\/wp\/v2\/posts\/227\/revisions\/230"}],"wp:featuredmedia":[{"embeddable":true,"href":"https:\/\/estrategica.com.co\/blog\/wp-json\/wp\/v2\/media\/59155"}],"wp:attachment":[{"href":"https:\/\/estrategica.com.co\/blog\/wp-json\/wp\/v2\/media?parent=227"}],"wp:term":[{"taxonomy":"category","embeddable":true,"href":"https:\/\/estrategica.com.co\/blog\/wp-json\/wp\/v2\/categories?post=227"},{"taxonomy":"post_tag","embeddable":true,"href":"https:\/\/estrategica.com.co\/blog\/wp-json\/wp\/v2\/tags?post=227"}],"curies":[{"name":"wp","href":"https:\/\/api.w.org\/{rel}","templated":true}]}}