{"id":22993,"date":"2010-11-13T09:25:37","date_gmt":"2010-11-13T14:25:37","guid":{"rendered":"http:\/\/estrategica.com.co\/blog\/?p=22993"},"modified":"2015-03-30T09:47:53","modified_gmt":"2015-03-30T14:47:53","slug":"abrelosojosymirame","status":"publish","type":"post","link":"https:\/\/estrategica.com.co\/blog\/abrelosojosymirame\/","title":{"rendered":"Abre los Ojos y Mirame &#8211; Moreno"},"content":{"rendered":"<p> <script type='text\/javascript' src='https:\/\/estrategica.com.co\/blog\/wp-content\/plugins\/hana-flv-player\/flowplayer3\/example\/flowplayer-3.2.6.min.js'><\/script>\n<div >\n<div id='hana_flv_flow3_1' style='display:block;width:550px;height:413px;background-color:#555555;color:#ffffff;padding:0' title=\"*Video:abre los ojos y mirame - moreno\"><\/div>\n<\/div>\n\n<script  type='text\/javascript'>\nif (typeof g_hanaFlash !== 'undefined' && !g_hanaFlash){\n    jQuery('#hana_flv_flow3_1').css( 'padding', '5px' );\n\tjQuery('#hana_flv_flow3_1').html(\"<span class='inactive_message' style='display:block'>Sorry, your browser does not support Flash Video Player<\/span> *Video:abre los ojos y mirame - moreno\");\n}else{\t\t\t\n\t\tflowplayer('hana_flv_flow3_1', { src: 'https:\/\/estrategica.com.co\/blog\/wp-content\/plugins\/hana-flv-player\/flowplayer3\/flowplayer-3.2.7.swf', wmode: 'transparent' }, { \n\n\t\t\tcanvas: { backgroundColor: '#000000', backgroundGradient: 'none',},\n    \t\tclip:  { \n    \t\t\turl: '\/blog\/wp-content\/uploads\/2009\/01\/20100708\/AbrelosojosyMirame.flv',\n        \t\tscaling: 'fit', autoPlay: false, autoBuffering: true \n\t\t\t\t   , onFinish : function () { this.seek(0); }  \n\n\t        }\n\n\t\t});\n}\n<\/script><br \/>\n<\/br><\/p>\n<p>[icon color=\u00bbAccent-Color\u00bb size=\u00bbregular\u00bb image=\u00bbsteadysets-icon-chat\u00bb] <strong>Contexto<\/strong><\/br><\/br><\/p>\n<p style=\"text-align: justify;\">Spot de la campa\u00f1a de Rafael Moreno Valle a la Gobernaci\u00f3n de Puebla, durante la contienda electoral de 2010, a nombre de la coalici\u00f3n Compromiso por Puebla, integrada por el PAN, el PRD, Convergencia y Nueva Alianza. La campa\u00f1a trabaja un recurso interesante de abre lo ojos, con lo cual se pueden posicionar problem\u00e1ticas e incentivar militancia a trav\u00e9s de un mensaje comprensible y persuasivo. La campa\u00f1a tuvo coherencia de mensaje. Al final Moreno fue elegido gobernador.<\/p><\/p>\n","protected":false},"excerpt":{"rendered":"<p>*Video: abre los ojos y mirame &#8211; moreno [icon color=\u00bbAccent-Color\u00bb size=\u00bbregular\u00bb image=\u00bbsteadysets-icon-chat\u00bb] Contexto Spot de la campa\u00f1a de Rafael Moreno Valle a la Gobernaci\u00f3n de Puebla, durante la contienda electoral de 2010, a nombre de la coalici\u00f3n Compromiso por Puebla, integrada por el PAN, el PRD, Convergencia y Nueva Alianza. La campa\u00f1a trabaja un recurso [&hellip;]<\/p>\n","protected":false},"author":5,"featured_media":22994,"comment_status":"open","ping_status":"open","sticky":false,"template":"","format":"standard","meta":{"_et_pb_use_builder":"","_et_pb_old_content":"","_et_gb_content_width":"","advanced_seo_description":"","jetpack_seo_html_title":"","jetpack_seo_noindex":false,"footnotes":""},"categories":[687,263,59,34,10,201,11,3],"tags":[684,255,814],"class_list":["post-22993","post","type-post","status-publish","format-standard","has-post-thumbnail","hentry","category-687","category-ano","category-campana-uninominal","category-electoral","category-geo","category-mexico","category-temas","category-video","tag-elecciones-2010","tag-pan","tag-rafael-moreno-valle"],"jetpack_featured_media_url":"https:\/\/i0.wp.com\/estrategica.com.co\/blog\/wp-content\/uploads\/2010\/07\/AbrelosojosyMirame_thumb.png?fit=554%2C425&ssl=1","jetpack_shortlink":"https:\/\/wp.me\/p4wgsh-5YR","jetpack-related-posts":[{"id":23823,"url":"https:\/\/estrategica.com.co\/blog\/puebla-abre-los-ojos-moreno\/","url_meta":{"origin":22993,"position":0},"title":"Puebla abre los Ojos &#8211; Moreno","author":"Juliana","date":"octubre 22, 2010","format":false,"excerpt":"[hana-flv-player video=\"\/blog\/wp-content\/uploads\/2009\/01\/20100708\/MorenoVallePueblaabrelosojos.flv\" width=\"550\" height=\"\" description=\"Puebla abre los Ojos - Moreno\" clickurl=\"\" clicktarget=\"\" player=\"4\" autoplay=\"false\" loop=\"false\" autorewind=\"true\" splashimage=\"\" skin=\"\" \/] [icon color=\"Accent-Color\" size=\"regular\" image=\"steadysets-icon-chat\"] Contexto Spot de la campa\u00f1a de Rafael Moreno Valle a la Gobernaci\u00f3n de Puebla, durante la contienda electoral de 2010, a nombre de la coalici\u00f3n Compromiso por\u2026","rel":"","context":"En \u00ab2010\u00bb","block_context":{"text":"2010","link":"https:\/\/estrategica.com.co\/blog\/category\/ano\/2010\/"},"img":{"alt_text":"","src":"https:\/\/i0.wp.com\/estrategica.com.co\/blog\/wp-content\/uploads\/2010\/07\/MorenoVallePueblaabrelosojos_thumb.png?fit=679%2C524&ssl=1&resize=350%2C200","width":350,"height":200},"classes":[]},{"id":24054,"url":"https:\/\/estrategica.com.co\/blog\/abre-los-ojos-y-vota-moreno\/","url_meta":{"origin":22993,"position":1},"title":"Abre los Ojos y Vota &#8211; Moreno","author":"Juliana","date":"octubre 22, 2010","format":false,"excerpt":"[hana-flv-player video=\"\/blog\/wp-content\/uploads\/2009\/01\/20100708\/Pueblaabrelosojosyvotaeste4deJulioRafaelMoreno.flv\" width=\"550\" height=\"\" description=\"Abre los Ojos y Vota - Moreno\" clickurl=\"\" clicktarget=\"\" player=\"4\" autoplay=\"false\" loop=\"false\" autorewind=\"true\" splashimage=\"\" skin=\"\" \/] [icon color=\"Accent-Color\" size=\"regular\" image=\"steadysets-icon-chat\"] Contexto Spot de la campa\u00f1a de Rafael Moreno Valle a la Gobernaci\u00f3n de Puebla, durante la contienda electoral de 2010, a nombre de la coalici\u00f3n Compromiso\u2026","rel":"","context":"En \u00ab2010\u00bb","block_context":{"text":"2010","link":"https:\/\/estrategica.com.co\/blog\/category\/ano\/2010\/"},"img":{"alt_text":"","src":"https:\/\/i0.wp.com\/estrategica.com.co\/blog\/wp-content\/uploads\/2010\/07\/Pueblaabrelosojosyvotaeste4deJulioRafaelMoreno_thumb.png?fit=656%2C509&ssl=1&resize=350%2C200","width":350,"height":200},"classes":[]},{"id":24057,"url":"https:\/\/estrategica.com.co\/blog\/despierta-y-abre-los-ojos-moreno\/","url_meta":{"origin":22993,"position":2},"title":"Despierta y Abre los Ojos &#8211; Moreno","author":"Juliana","date":"octubre 22, 2010","format":false,"excerpt":"[hana-flv-player video=\"\/blog\/wp-content\/uploads\/2009\/01\/20100708\/PueblaDespiertayAbrelosOjosRafaelMorenoValle.flv\" width=\"550\" height=\"\" description=\"Despierta y Abre los Ojos - Moreno\" clickurl=\"\" clicktarget=\"\" player=\"4\" autoplay=\"false\" loop=\"false\" autorewind=\"true\" splashimage=\"\" skin=\"\" \/] [icon color=\"Accent-Color\" size=\"regular\" image=\"steadysets-icon-chat\"] Contexto Spot de la campa\u00f1a de Rafael Moreno Valle a la Gobernaci\u00f3n de Puebla, durante la contienda electoral de 2010, a nombre de la coalici\u00f3n Compromiso\u2026","rel":"","context":"En \u00ab2010\u00bb","block_context":{"text":"2010","link":"https:\/\/estrategica.com.co\/blog\/category\/ano\/2010\/"},"img":{"alt_text":"","src":"https:\/\/i0.wp.com\/estrategica.com.co\/blog\/wp-content\/uploads\/2010\/07\/PueblaDespiertayAbrelosOjosRafaelMorenoValle_thumb.png?fit=660%2C515&ssl=1&resize=350%2C200","width":350,"height":200},"classes":[]},{"id":23794,"url":"https:\/\/estrategica.com.co\/blog\/compromiso-con-la-salud-moreno\/","url_meta":{"origin":22993,"position":3},"title":"Compromiso con la Salud &#8211;  Moreno","author":"Juliana","date":"octubre 25, 2010","format":false,"excerpt":"[hana-flv-player video=\"\/blog\/wp-content\/uploads\/2009\/01\/20100708\/MiCompromisoconlaSaludRafaelMorenValle.flv\" width=\"550\" height=\"\" description=\"Compromiso con la Salud - Moreno\" clickurl=\"\" clicktarget=\"\" player=\"4\" autoplay=\"false\" loop=\"false\" autorewind=\"true\" splashimage=\"\" skin=\"\" \/] [icon color=\"Accent-Color\" size=\"regular\" image=\"steadysets-icon-chat\"] Contexto Spot de la campa\u00f1a de Rafael Moreno Valle a la Gobernaci\u00f3n de Puebla, durante la contienda electoral de 2010, a nombre de la coalici\u00f3n Compromiso por\u2026","rel":"","context":"En \u00ab2010\u00bb","block_context":{"text":"2010","link":"https:\/\/estrategica.com.co\/blog\/category\/ano\/2010\/"},"img":{"alt_text":"","src":"https:\/\/i0.wp.com\/estrategica.com.co\/blog\/wp-content\/uploads\/2010\/07\/MiCompromisoconlaSaludRafaelMorenValle_thumb.png?fit=432%2C559&ssl=1&resize=350%2C200","width":350,"height":200},"classes":[]},{"id":23814,"url":"https:\/\/estrategica.com.co\/blog\/mis-raices-moreno\/","url_meta":{"origin":22993,"position":4},"title":"Mis Ra\u00edces &#8211; Moreno","author":"Juliana","date":"octubre 22, 2010","format":false,"excerpt":"[hana-flv-player video=\"\/blog\/wp-content\/uploads\/2009\/01\/20100708\/MisRacesMorenoVallePrximoGobernadordePuebla.flv\" width=\"550\" height=\"\" description=\"Mis Ra\u00edces - Moreno\" clickurl=\"\" clicktarget=\"\" player=\"4\" autoplay=\"false\" loop=\"false\" autorewind=\"true\" splashimage=\"\" skin=\"\" \/] [icon color=\"Accent-Color\" size=\"regular\" image=\"steadysets-icon-chat\"] Contexto Spot de la campa\u00f1a de Rafael Moreno Valle a la Gobernaci\u00f3n de Puebla, durante la contienda electoral de 2010, a nombre de la coalici\u00f3n Compromiso por Puebla, integrada\u2026","rel":"","context":"En \u00ab2010\u00bb","block_context":{"text":"2010","link":"https:\/\/estrategica.com.co\/blog\/category\/ano\/2010\/"},"img":{"alt_text":"","src":"https:\/\/i0.wp.com\/estrategica.com.co\/blog\/wp-content\/uploads\/2010\/07\/MisRacesMorenoVallePrximoGobernadordePuebla_thumb.png?fit=432%2C414&ssl=1&resize=350%2C200","width":350,"height":200},"classes":[]},{"id":23302,"url":"https:\/\/estrategica.com.co\/blog\/computadorasalosmejorespromediosybecasalosjvenes\/","url_meta":{"origin":22993,"position":5},"title":"Computadores y Becas &#8211; Moreno","author":"Juliana","date":"noviembre 7, 2010","format":false,"excerpt":"[hana-flv-player video=\"\/blog\/wp-content\/uploads\/2009\/01\/20100708\/Computadorasalosmejorespromediosybecasalosjvenes.flv\" width=\"550\" height=\"\" description=\"Computadores y Becas - Moreno\" clickurl=\"\" clicktarget=\"\" player=\"4\" autoplay=\"false\" loop=\"false\" autorewind=\"true\" splashimage=\"\" skin=\"\" \/] [icon color=\"Accent-Color\" size=\"regular\" image=\"steadysets-icon-chat\"] Contexto Spot de la campa\u00f1a de Rafael Moreno Valle a la Gobernaci\u00f3n de Puebla, durante la contienda electoral de 2010, a nombre de la coalici\u00f3n Compromiso por Puebla,\u2026","rel":"","context":"En \u00ab2010\u00bb","block_context":{"text":"2010","link":"https:\/\/estrategica.com.co\/blog\/category\/ano\/2010\/"},"img":{"alt_text":"","src":"https:\/\/i0.wp.com\/estrategica.com.co\/blog\/wp-content\/uploads\/2010\/07\/Computadorasalosmejorespromediosybecasalosjvenes_thumb.png?fit=525%2C520&ssl=1&resize=350%2C200","width":350,"height":200},"classes":[]}],"jetpack_sharing_enabled":true,"_links":{"self":[{"href":"https:\/\/estrategica.com.co\/blog\/wp-json\/wp\/v2\/posts\/22993","targetHints":{"allow":["GET"]}}],"collection":[{"href":"https:\/\/estrategica.com.co\/blog\/wp-json\/wp\/v2\/posts"}],"about":[{"href":"https:\/\/estrategica.com.co\/blog\/wp-json\/wp\/v2\/types\/post"}],"author":[{"embeddable":true,"href":"https:\/\/estrategica.com.co\/blog\/wp-json\/wp\/v2\/users\/5"}],"replies":[{"embeddable":true,"href":"https:\/\/estrategica.com.co\/blog\/wp-json\/wp\/v2\/comments?post=22993"}],"version-history":[{"count":5,"href":"https:\/\/estrategica.com.co\/blog\/wp-json\/wp\/v2\/posts\/22993\/revisions"}],"predecessor-version":[{"id":51134,"href":"https:\/\/estrategica.com.co\/blog\/wp-json\/wp\/v2\/posts\/22993\/revisions\/51134"}],"wp:featuredmedia":[{"embeddable":true,"href":"https:\/\/estrategica.com.co\/blog\/wp-json\/wp\/v2\/media\/22994"}],"wp:attachment":[{"href":"https:\/\/estrategica.com.co\/blog\/wp-json\/wp\/v2\/media?parent=22993"}],"wp:term":[{"taxonomy":"category","embeddable":true,"href":"https:\/\/estrategica.com.co\/blog\/wp-json\/wp\/v2\/categories?post=22993"},{"taxonomy":"post_tag","embeddable":true,"href":"https:\/\/estrategica.com.co\/blog\/wp-json\/wp\/v2\/tags?post=22993"}],"curies":[{"name":"wp","href":"https:\/\/api.w.org\/{rel}","templated":true}]}}