{"id":23109,"date":"2011-01-17T10:05:46","date_gmt":"2011-01-17T15:05:46","guid":{"rendered":"http:\/\/estrategica.com.co\/blog\/?p=23109"},"modified":"2015-03-26T10:23:35","modified_gmt":"2015-03-26T15:23:35","slug":"lenguaje-de-senas-el-poder-de-tu-voz-amnistia-internacional","status":"publish","type":"post","link":"https:\/\/estrategica.com.co\/blog\/lenguaje-de-senas-el-poder-de-tu-voz-amnistia-internacional\/","title":{"rendered":"Lenguaje de Se\u00f1as &#8211; El Poder de Tu Voz &#8211; Amnist\u00eda Internacional"},"content":{"rendered":"<p> <script type='text\/javascript' src='https:\/\/estrategica.com.co\/blog\/wp-content\/plugins\/hana-flv-player\/flowplayer3\/example\/flowplayer-3.2.6.min.js'><\/script>\n<div >\n<div id='hana_flv_flow3_1' style='display:block;width:550px;height:413px;background-color:#555555;color:#ffffff;padding:0' title=\"*Video:lenguaje de se\u00f1as - el poder de tu voz - amnist\u00eda internacional\"><\/div>\n<\/div>\n\n<script  type='text\/javascript'>\nif (typeof g_hanaFlash !== 'undefined' && !g_hanaFlash){\n    jQuery('#hana_flv_flow3_1').css( 'padding', '5px' );\n\tjQuery('#hana_flv_flow3_1').html(\"<span class='inactive_message' style='display:block'>Sorry, your browser does not support Flash Video Player<\/span> *Video:lenguaje de se\u00f1as - el poder de tu voz - amnist\u00eda internacional\");\n}else{\t\t\t\n\t\tflowplayer('hana_flv_flow3_1', { src: 'https:\/\/estrategica.com.co\/blog\/wp-content\/plugins\/hana-flv-player\/flowplayer3\/flowplayer-3.2.7.swf', wmode: 'transparent' }, { \n\n\t\t\tcanvas: { backgroundColor: '#000000', backgroundGradient: 'none',},\n    \t\tclip:  { \n    \t\t\turl: '\/blog\/wp-content\/uploads\/2009\/01\/20100708\/AnuncioAmnistainternacionalElpoderdetuvoz.flv',\n        \t\tscaling: 'fit', autoPlay: false, autoBuffering: true \n\t\t\t\t   , onFinish : function () { this.seek(0); }  \n\n\t        }\n\n\t\t});\n}\n<\/script><br \/>\n<\/br><\/p>\n<p>[icon color=\u00bbAccent-Color\u00bb size=\u00bbregular\u00bb image=\u00bbsteadysets-icon-chat\u00bb] <strong>Contexto<\/strong><\/br><\/br><\/p>\n<p style=\"text-align: justify;\">Spot de Amnist\u00eda Internacional Espa\u00f1a, en el a\u00f1o 2009, para despertar militancia con el fin de denunciar las violaciones a los derechos humanos. La idea es concientizar que La voz de los ciudadanos tiene poder y cuando esas voces se unen para exigir justicia, los gobiernos escuchan. Ese poder se evidencia en una persona con discapacidad auditiva, cuando su voz se une a la de muchas personas m\u00e1s, se logran grandes cosas, incluso, se salvan vidas. Del mismo modo, cientos de miles de voces han logrado detener la pena de muerte en muchos pa\u00edses, poner las armas bajo control o denunciar la censura y la falta de libertad de expresi\u00f3n en muchos lugares. Es interesante el recurso de utilizar el lenguaje de se\u00f1as para promocionar la denuncia. La pieza es sencilla pero poderosa en su mensaje.<\/p><\/p>\n","protected":false},"excerpt":{"rendered":"<p>*Video: lenguaje de se\u00f1as &#8211; el poder de tu voz &#8211; amnist\u00eda internacional [icon color=\u00bbAccent-Color\u00bb size=\u00bbregular\u00bb image=\u00bbsteadysets-icon-chat\u00bb] Contexto Spot de Amnist\u00eda Internacional Espa\u00f1a, en el a\u00f1o 2009, para despertar militancia con el fin de denunciar las violaciones a los derechos humanos. La idea es concientizar que La voz de los ciudadanos tiene poder y cuando [&hellip;]<\/p>\n","protected":false},"author":5,"featured_media":23110,"comment_status":"open","ping_status":"open","sticky":false,"template":"","format":"standard","meta":{"_et_pb_use_builder":"","_et_pb_old_content":"","_et_gb_content_width":"","advanced_seo_description":"","jetpack_seo_html_title":"","jetpack_seo_noindex":false,"footnotes":""},"categories":[322,263,27,23,10,35,11,3],"tags":[168,167],"class_list":["post-23109","post","type-post","status-publish","format-standard","has-post-thumbnail","hentry","category-322","category-ano","category-divulgacion-politica","category-espana","category-geo","category-mensaje-politico","category-temas","category-video","tag-amnistia-internacional","tag-derechos-humanos"],"jetpack_featured_media_url":"https:\/\/i0.wp.com\/estrategica.com.co\/blog\/wp-content\/uploads\/2010\/07\/AnuncioAmnistainternacionalElpoderdetuvoz_thumb.png?fit=482%2C391&ssl=1","jetpack_shortlink":"https:\/\/wp.me\/p4wgsh-60J","jetpack-related-posts":[{"id":21693,"url":"https:\/\/estrategica.com.co\/blog\/elpoderdetuvoz\/","url_meta":{"origin":23109,"position":0},"title":"El Poder de tu Voz &#8211; Amnist\u00eda Internacional","author":"Juliana","date":"marzo 24, 2011","format":false,"excerpt":"[hana-flv-player video=\"\/blog\/wp-content\/uploads\/2009\/01\/20100708\/Girlcinemaad.flv\" width=\"550\" height=\"\" description=\"El Poder de tu Voz - Amnist\u00eda Internacional\" clickurl=\"\" clicktarget=\"\" player=\"4\" autoplay=\"false\" loop=\"false\" autorewind=\"true\" splashimage=\"\" skin=\"\" \/] [icon color=\"Accent-Color\" size=\"regular\" image=\"steadysets-icon-chat\"] Contexto Spot de Amnist\u00eda Internacional en el a\u00f1o 2007 en Espa\u00f1a para promocionar la acci\u00f3n ciudadana contra las dictaduras y las violaciones humanitarias. Es una\u2026","rel":"","context":"En \u00ab2007\u00bb","block_context":{"text":"2007","link":"https:\/\/estrategica.com.co\/blog\/category\/ano\/2007\/"},"img":{"alt_text":"","src":"https:\/\/i0.wp.com\/estrategica.com.co\/blog\/wp-content\/uploads\/2010\/06\/ElPoderdetuVoz_thumb.png?fit=696%2C608&ssl=1&resize=350%2C200","width":350,"height":200},"classes":[]},{"id":23167,"url":"https:\/\/estrategica.com.co\/blog\/campaa30aniversarioamnstainternacional\/","url_meta":{"origin":23109,"position":1},"title":"Onda Sonora &#8211; Amnist\u00eda Internacional","author":"Juliana","date":"enero 17, 2011","format":false,"excerpt":"[hana-flv-player video=\"\/blog\/wp-content\/uploads\/2009\/01\/20100708\/Campaa30aniversarioAmnstaInternacional.flv\" width=\"550\" height=\"\" description=\"Onda Sonora - Amnist\u00eda Internacional \" clickurl=\"\" clicktarget=\"\" player=\"4\" autoplay=\"false\" loop=\"false\" autorewind=\"true\" splashimage=\"\" skin=\"\" \/] [icon color=\"Accent-Color\" size=\"regular\" image=\"steadysets-icon-chat\"] Contexto Spot de Amnist\u00eda Internacional Espa\u00f1a, en el a\u00f1o 2010, para promocionar el 30 aniversario de la organizaci\u00f3n. Se usa la onda que genera la voz para\u2026","rel":"","context":"En \u00ab2010\u00bb","block_context":{"text":"2010","link":"https:\/\/estrategica.com.co\/blog\/category\/ano\/2010\/"},"img":{"alt_text":"","src":"https:\/\/i0.wp.com\/estrategica.com.co\/blog\/wp-content\/uploads\/2010\/07\/Campaa30aniversarioAmnstaInternacional_thumb.png?fit=514%2C471&ssl=1&resize=350%2C200","width":350,"height":200},"classes":[]},{"id":24130,"url":"https:\/\/estrategica.com.co\/blog\/titulares-de-los-derechos-amnistia-internacional\/","url_meta":{"origin":23109,"position":2},"title":"Titulares de los Derechos &#8211; Amnist\u00eda Internacional","author":"Juliana","date":"noviembre 17, 2010","format":false,"excerpt":"[hana-flv-player video=\"\/blog\/wp-content\/uploads\/2009\/01\/20100708\/Rightsholders.flv\" width=\"550\" height=\"\" description=\"Titulares de los Derechos - Amnist\u00eda Internacional\" clickurl=\"\" clicktarget=\"\" player=\"4\" autoplay=\"false\" loop=\"false\" autorewind=\"true\" splashimage=\"\" skin=\"\" \/] [icon color=\"Accent-Color\" size=\"regular\" image=\"steadysets-icon-chat\"] Contexto Spot de Amnist\u00eda Internacional Venezuela, en el a\u00f1o 2009, en el marco del D\u00eda Internacional de los Derechos Humanos y la conmemoraci\u00f3n de los 50\u2026","rel":"","context":"En \u00ab2009\u00bb","block_context":{"text":"2009","link":"https:\/\/estrategica.com.co\/blog\/category\/ano\/2009\/"},"img":{"alt_text":"","src":"https:\/\/i0.wp.com\/estrategica.com.co\/blog\/wp-content\/uploads\/2010\/07\/Rightsholders_thumb.png?fit=589%2C504&ssl=1&resize=350%2C200","width":350,"height":200},"classes":[]},{"id":23073,"url":"https:\/\/estrategica.com.co\/blog\/imagina-amnistia-internacional\/","url_meta":{"origin":23109,"position":3},"title":"Imagina &#8211; Amnist\u00eda Internacional","author":"Juliana","date":"noviembre 7, 2010","format":false,"excerpt":"[hana-flv-player video=\"\/blog\/wp-content\/uploads\/2009\/01\/20100708\/AmnestyInternationalCommercialquotImaginequot.flv\" width=\"550\" height=\"\" description=\"Imagina - Amnist\u00eda Internacional\" clickurl=\"\" clicktarget=\"\" player=\"4\" autoplay=\"false\" loop=\"false\" autorewind=\"true\" splashimage=\"\" skin=\"\" \/] [icon color=\"Accent-Color\" size=\"regular\" image=\"steadysets-icon-chat\"] Contexto Spot de Amnist\u00eda Internacional en Sud\u00e1frica, en el a\u00f1o 2008, para posicionar la problem\u00e1tica de los Derechos Humanos a trav\u00e9s de la melod\u00eda Imagine de John Lennon. La\u2026","rel":"","context":"En \u00ab2008\u00bb","block_context":{"text":"2008","link":"https:\/\/estrategica.com.co\/blog\/category\/ano\/2008\/"},"img":{"alt_text":"","src":"https:\/\/i0.wp.com\/estrategica.com.co\/blog\/wp-content\/uploads\/2010\/07\/AmnestyInternationalCommercialquotImaginequot_thumb.png?fit=501%2C397&ssl=1&resize=350%2C200","width":350,"height":200},"classes":[]},{"id":23070,"url":"https:\/\/estrategica.com.co\/blog\/historia-amnistia-internacional\/","url_meta":{"origin":23109,"position":4},"title":"Historia &#8211; Amnist\u00eda Internacional","author":"Juliana","date":"febrero 8, 2011","format":false,"excerpt":"[hana-flv-player video=\"\/blog\/wp-content\/uploads\/2009\/01\/20100708\/AmnestyInternational.flv\" width=\"550\" height=\"\" description=\"Toma Partido\" clickurl=\"\" clicktarget=\"\" player=\"4\" autoplay=\"false\" loop=\"false\" autorewind=\"true\" splashimage=\"\" skin=\"\" \/] [icon color=\"Accent-Color\" size=\"regular\" image=\"steadysets-icon-chat\"] Contexto Spot de Amnist\u00eda Internacional en Portugal, en el a\u00f1o 2009, para promocionar las actividades de la organizaci\u00f3n en 28 a\u00f1os de labores. La pieza, a trav\u00e9s de una est\u00e9tica llamativa,\u2026","rel":"","context":"En \u00ab2009\u00bb","block_context":{"text":"2009","link":"https:\/\/estrategica.com.co\/blog\/category\/ano\/2009\/"},"img":{"alt_text":"","src":"https:\/\/i0.wp.com\/estrategica.com.co\/blog\/wp-content\/uploads\/2010\/07\/AmnestyInternational_thumb.png?fit=422%2C397&ssl=1&resize=350%2C200","width":350,"height":200},"classes":[]},{"id":21571,"url":"https:\/\/estrategica.com.co\/blog\/pokemon-derechos-humanos-china-amnistia-internacional\/","url_meta":{"origin":23109,"position":5},"title":"Pokemon &#8211; Derechos Humanos &#8211; China &#8211; Amnist\u00eda Internacional","author":"Juliana","date":"junio 15, 2010","format":false,"excerpt":"[hana-flv-player video=\"\/blog\/wp-content\/uploads\/2009\/01\/20100609\/AmnInternacionalChina.flv\" width=\"550\" height=\"\" description=\"Pokemon - Derechos Humanos - China - Amnist\u00eda Internacional\" clickurl=\"\" clicktarget=\"\" player=\"4\" autoplay=\"false\" loop=\"false\" autorewind=\"true\" splashimage=\"\" skin=\"\" \/] [icon color=\"Accent-Color\" size=\"regular\" image=\"steadysets-icon-chat\"] Contexto Spot de Amnist\u00eda Internacional en la Gran Breta\u00f1a que hacia parte de una serie de cuatro en donde la organizaci\u00f3n internacional expresaba su\u2026","rel":"","context":"En \u00ab2008\u00bb","block_context":{"text":"2008","link":"https:\/\/estrategica.com.co\/blog\/category\/ano\/2008\/"},"img":{"alt_text":"","src":"https:\/\/i0.wp.com\/estrategica.com.co\/blog\/wp-content\/uploads\/2010\/06\/AmnInternacionalChina_thumb.png?fit=661%2C558&ssl=1&resize=350%2C200","width":350,"height":200},"classes":[]}],"jetpack_sharing_enabled":true,"_links":{"self":[{"href":"https:\/\/estrategica.com.co\/blog\/wp-json\/wp\/v2\/posts\/23109","targetHints":{"allow":["GET"]}}],"collection":[{"href":"https:\/\/estrategica.com.co\/blog\/wp-json\/wp\/v2\/posts"}],"about":[{"href":"https:\/\/estrategica.com.co\/blog\/wp-json\/wp\/v2\/types\/post"}],"author":[{"embeddable":true,"href":"https:\/\/estrategica.com.co\/blog\/wp-json\/wp\/v2\/users\/5"}],"replies":[{"embeddable":true,"href":"https:\/\/estrategica.com.co\/blog\/wp-json\/wp\/v2\/comments?post=23109"}],"version-history":[{"count":6,"href":"https:\/\/estrategica.com.co\/blog\/wp-json\/wp\/v2\/posts\/23109\/revisions"}],"predecessor-version":[{"id":50382,"href":"https:\/\/estrategica.com.co\/blog\/wp-json\/wp\/v2\/posts\/23109\/revisions\/50382"}],"wp:featuredmedia":[{"embeddable":true,"href":"https:\/\/estrategica.com.co\/blog\/wp-json\/wp\/v2\/media\/23110"}],"wp:attachment":[{"href":"https:\/\/estrategica.com.co\/blog\/wp-json\/wp\/v2\/media?parent=23109"}],"wp:term":[{"taxonomy":"category","embeddable":true,"href":"https:\/\/estrategica.com.co\/blog\/wp-json\/wp\/v2\/categories?post=23109"},{"taxonomy":"post_tag","embeddable":true,"href":"https:\/\/estrategica.com.co\/blog\/wp-json\/wp\/v2\/tags?post=23109"}],"curies":[{"name":"wp","href":"https:\/\/api.w.org\/{rel}","templated":true}]}}