{"id":23391,"date":"2011-04-17T14:21:47","date_gmt":"2011-04-17T19:21:47","guid":{"rendered":"http:\/\/estrategica.com.co\/blog\/?p=23391"},"modified":"2015-03-25T14:07:56","modified_gmt":"2015-03-25T19:07:56","slug":"declogoconimagenesdelacampaaavi","status":"publish","type":"post","link":"https:\/\/estrategica.com.co\/blog\/declogoconimagenesdelacampaaavi\/","title":{"rendered":"Propuestas &#8211; Monreal"},"content":{"rendered":"<p> <script type='text\/javascript' src='https:\/\/estrategica.com.co\/blog\/wp-content\/plugins\/hana-flv-player\/flowplayer3\/example\/flowplayer-3.2.6.min.js'><\/script>\n<div >\n<div id='hana_flv_flow3_1' style='display:block;width:550px;height:413px;background-color:#555555;color:#ffffff;padding:0' title=\"*Video:propuestas - monreal\"><\/div>\n<\/div>\n\n<script  type='text\/javascript'>\nif (typeof g_hanaFlash !== 'undefined' && !g_hanaFlash){\n    jQuery('#hana_flv_flow3_1').css( 'padding', '5px' );\n\tjQuery('#hana_flv_flow3_1').html(\"<span class='inactive_message' style='display:block'>Sorry, your browser does not support Flash Video Player<\/span> *Video:propuestas - monreal\");\n}else{\t\t\t\n\t\tflowplayer('hana_flv_flow3_1', { src: 'https:\/\/estrategica.com.co\/blog\/wp-content\/plugins\/hana-flv-player\/flowplayer3\/flowplayer-3.2.7.swf', wmode: 'transparent' }, { \n\n\t\t\tcanvas: { backgroundColor: '#000000', backgroundGradient: 'none',},\n    \t\tclip:  { \n    \t\t\turl: '\/blog\/wp-content\/uploads\/2009\/01\/20100708\/Declogoconimagenesdelacampaaavi.flv',\n        \t\tscaling: 'fit', autoPlay: false, autoBuffering: true \n\t\t\t\t   , onFinish : function () { this.seek(0); }  \n\n\t        }\n\n\t\t});\n}\n<\/script><br \/>\n<\/br><\/p>\n<p>[icon color=\u00bbAccent-Color\u00bb size=\u00bbregular\u00bb image=\u00bbsteadysets-icon-chat\u00bb] <strong>Contexto<\/strong><\/br><\/br><\/p>\n<p style=\"text-align: justify;\">Spot de la candidatura de David Monreal a la gobernaci\u00f3n de Zacatecas, durante la contienda electoral de 2010, a nombre del PT.<\/p><\/p>\n","protected":false},"excerpt":{"rendered":"<p>*Video: propuestas &#8211; monreal [icon color=\u00bbAccent-Color\u00bb size=\u00bbregular\u00bb image=\u00bbsteadysets-icon-chat\u00bb] Contexto Spot de la candidatura de David Monreal a la gobernaci\u00f3n de Zacatecas, durante la contienda electoral de 2010, a nombre del PT.<\/p>\n","protected":false},"author":5,"featured_media":23392,"comment_status":"open","ping_status":"open","sticky":false,"template":"","format":"standard","meta":{"_et_pb_use_builder":"","_et_pb_old_content":"","_et_gb_content_width":"","advanced_seo_description":"","jetpack_seo_html_title":"","jetpack_seo_noindex":false,"footnotes":""},"categories":[687,263,59,34,10,201,11,3],"tags":[881,684,593,594],"class_list":["post-23391","post","type-post","status-publish","format-standard","has-post-thumbnail","hentry","category-687","category-ano","category-campana-uninominal","category-electoral","category-geo","category-mexico","category-temas","category-video","tag-david-monreal","tag-elecciones-2010","tag-partido-del-trabajo","tag-pt"],"jetpack_featured_media_url":"https:\/\/i0.wp.com\/estrategica.com.co\/blog\/wp-content\/uploads\/2010\/07\/Declogoconimagenesdelacampaaavi_thumb.png?fit=677%2C437&ssl=1","jetpack_shortlink":"https:\/\/wp.me\/p4wgsh-65h","jetpack-related-posts":[{"id":24011,"url":"https:\/\/estrategica.com.co\/blog\/david-contigo-monreal\/","url_meta":{"origin":23391,"position":0},"title":"David Contigo &#8211; Monreal","author":"Juliana","date":"abril 11, 2011","format":false,"excerpt":"[hana-flv-player video=\"\/blog\/wp-content\/uploads\/2009\/01\/20100708\/Programasespeciaelsdeapoyoeconmicoyproductivoparala.flv\" width=\"550\" height=\"\" description=\"David Contigo - Monreal\" clickurl=\"\" clicktarget=\"\" player=\"4\" autoplay=\"false\" loop=\"false\" autorewind=\"true\" splashimage=\"\" skin=\"\" \/] [icon color=\"Accent-Color\" size=\"regular\" image=\"steadysets-icon-chat\"] Contexto Spot de la candidatura de David Monreal a la gobernaci\u00f3n de Zacatecas, durante la contienda electoral de 2010, a nombre del PT.","rel":"","context":"En \u00ab2010\u00bb","block_context":{"text":"2010","link":"https:\/\/estrategica.com.co\/blog\/category\/ano\/2010\/"},"img":{"alt_text":"","src":"https:\/\/i0.wp.com\/estrategica.com.co\/blog\/wp-content\/uploads\/2010\/07\/Programasespeciaelsdeapoyoeconmicoyproductivoparala_thumb.png?fit=484%2C337&ssl=1&resize=350%2C200","width":350,"height":200},"classes":[]},{"id":23152,"url":"https:\/\/estrategica.com.co\/blog\/cadena-perpetua-monreal\/","url_meta":{"origin":23391,"position":1},"title":"Cadena Perpetua &#8211; Monreal","author":"Juliana","date":"abril 25, 2011","format":false,"excerpt":"[hana-flv-player video=\"\/blog\/wp-content\/uploads\/2009\/01\/20100708\/Cadenaperpetua.flv\" width=\"550\" height=\"\" description=\"Cadena Perpetua - Monreal\" clickurl=\"\" clicktarget=\"\" player=\"4\" autoplay=\"false\" loop=\"false\" autorewind=\"true\" splashimage=\"\" skin=\"\" \/] [icon color=\"Accent-Color\" size=\"regular\" image=\"steadysets-icon-chat\"] Contexto Spot de la campa\u00f1a de David Monreal a la Gobernaci\u00f3n de Zacatecas durante la contienda electoral de 2010. La pieza busca un posicionamiento en la problem\u00e1tica de seguridad,\u2026","rel":"","context":"En \u00ab2010\u00bb","block_context":{"text":"2010","link":"https:\/\/estrategica.com.co\/blog\/category\/ano\/2010\/"},"img":{"alt_text":"","src":"https:\/\/i0.wp.com\/estrategica.com.co\/blog\/wp-content\/uploads\/2010\/07\/Cadenaperpetua_thumb.png?fit=500%2C334&ssl=1&resize=350%2C200","width":350,"height":200},"classes":[]},{"id":30055,"url":"https:\/\/estrategica.com.co\/blog\/raimundocolomboprogramadodia01092010propostasparaasaude\/","url_meta":{"origin":23391,"position":2},"title":"Propuesta de Salud &#8211; Colombo","author":"Juliana","date":"diciembre 17, 2011","format":false,"excerpt":"[hana-flv-player video=\"\/blog\/wp-content\/uploads\/2009\/01\/20110228\/RaimundoColomboProgramadodia01092010PropostasparaaSaude.flv\" width=\"550\" height\"\" description= \"Propuesta de Salud - Colombo\" clickurl=\"\" clicktarget=\"\" player=\"4\" autoplay=\"false\" loop=\"false\" autorewind=\"false\" splashimage=\"\" skin=\"\" \/] [icon color=\"Accent-Color\" size=\"regular\" image=\"steadysets-icon-chat\"] Contexto Spot de la campa\u00f1a de Raimundo Colombo a la Gobernaci\u00f3n de Santa Catarina durante la contienda electoral de 2010, a nombre del Partido Social Democr\u00e1tico. Su\u2026","rel":"","context":"En \u00ab2010\u00bb","block_context":{"text":"2010","link":"https:\/\/estrategica.com.co\/blog\/category\/ano\/2010\/"},"img":{"alt_text":"","src":"https:\/\/i0.wp.com\/estrategica.com.co\/blog\/wp-content\/uploads\/2011\/05\/RaimundoColomboProgramadodia01092010PropostasparaaSaude_thumb.png?fit=858%2C527&ssl=1&resize=350%2C200","width":350,"height":200},"classes":[]},{"id":28993,"url":"https:\/\/estrategica.com.co\/blog\/jaqueswagner2909programaeleitoraltvnoite\/","url_meta":{"origin":23391,"position":3},"title":"Franja Electoral &#8211; Wagner","author":"Juliana","date":"mayo 5, 2011","format":false,"excerpt":"[hana-flv-player video=\"\/blog\/wp-content\/uploads\/2009\/01\/20110228\/JaquesWagner2909ProgramaEleitoralTVNoite.flv\" width=\"550\" height=\"\" description= \"Franja Electoral - Wagner \" clickurl=\"\" clicktarget=\"\" player=\"4\" autoplay=\"false\" loop=\"false\" autorewind=\"false\" splashimage=\"\" skin=\"\" \/] [icon color=\"Accent-Color\" size=\"regular\" image=\"steadysets-icon-chat\"] Contexto Spot de la campa\u00f1a de Jaques Wagner a la Gobernaci\u00f3n del Estado de Bah\u00eda en la contienda electoral de 2010 a nombre del Partido de los\u2026","rel":"","context":"En \u00ab2010\u00bb","block_context":{"text":"2010","link":"https:\/\/estrategica.com.co\/blog\/category\/ano\/2010\/"},"img":{"alt_text":"","src":"https:\/\/i0.wp.com\/estrategica.com.co\/blog\/wp-content\/uploads\/2011\/05\/JaquesWagner2909ProgramaEleitoralTVNoite_thumb.png?fit=846%2C513&ssl=1&resize=350%2C200","width":350,"height":200},"classes":[]},{"id":29022,"url":"https:\/\/estrategica.com.co\/blog\/jaqueswagnercomercialtv05\/","url_meta":{"origin":23391,"position":4},"title":"Franja Electoral &#8211; Wagner","author":"Juliana","date":"mayo 12, 2011","format":false,"excerpt":"[hana-flv-player video=\"\/blog\/wp-content\/uploads\/2009\/01\/20110228\/JaquesWagnerComercialTV05.flv\" width=\"550\" height=\"\" description= \"Franja Electoral - Wagner\" clickurl=\"\" clicktarget=\"\" player=\"4\" autoplay=\"false\" loop=\"false\" autorewind=\"false\" splashimage=\"\" skin=\"\" \/] [icon color=\"Accent-Color\" size=\"regular\" image=\"steadysets-icon-chat\"] Contexto Spot de la campa\u00f1a de Jaques Wagner a la Gobernaci\u00f3n del Estado de Bah\u00eda en la contienda electoral de 2010 a nombre del Partido de los Trabajadores,\u2026","rel":"","context":"En \u00ab2010\u00bb","block_context":{"text":"2010","link":"https:\/\/estrategica.com.co\/blog\/category\/ano\/2010\/"},"img":{"alt_text":"","src":"https:\/\/i0.wp.com\/estrategica.com.co\/blog\/wp-content\/uploads\/2011\/05\/JaquesWagnerComercialTV05_thumb.png?fit=671%2C510&ssl=1&resize=350%2C200","width":350,"height":200},"classes":[]},{"id":29025,"url":"https:\/\/estrategica.com.co\/blog\/jaqueswagnercomercialtv06\/","url_meta":{"origin":23391,"position":5},"title":"Franja Electoral &#8211; Wagner","author":"Juliana","date":"mayo 12, 2011","format":false,"excerpt":"[hana-flv-player video=\"\/blog\/wp-content\/uploads\/2009\/01\/20110228\/JaquesWagnerComercialTV06.flv\" width=\"550\" height=\"\" description= \"Franja Electoral - Wagner\" clickurl=\"\" clicktarget=\"\" player=\"4\" autoplay=\"false\" loop=\"false\" autorewind=\"false\" splashimage=\"\" skin=\"\" \/] [icon color=\"Accent-Color\" size=\"regular\" image=\"steadysets-icon-chat\"] Contexto Spot de la campa\u00f1a de Jaques Wagner a la Gobernaci\u00f3n del Estado de Bah\u00eda en la contienda electoral de 2010 a nombre del Partido de los Trabajadores,\u2026","rel":"","context":"En \u00ab2010\u00bb","block_context":{"text":"2010","link":"https:\/\/estrategica.com.co\/blog\/category\/ano\/2010\/"},"img":{"alt_text":"","src":"https:\/\/i0.wp.com\/estrategica.com.co\/blog\/wp-content\/uploads\/2011\/12\/JaquesWagner2308ProgramaEleitoralTVNoite_thumb.png?fit=707%2C406&ssl=1&resize=350%2C200","width":350,"height":200},"classes":[]}],"jetpack_sharing_enabled":true,"_links":{"self":[{"href":"https:\/\/estrategica.com.co\/blog\/wp-json\/wp\/v2\/posts\/23391","targetHints":{"allow":["GET"]}}],"collection":[{"href":"https:\/\/estrategica.com.co\/blog\/wp-json\/wp\/v2\/posts"}],"about":[{"href":"https:\/\/estrategica.com.co\/blog\/wp-json\/wp\/v2\/types\/post"}],"author":[{"embeddable":true,"href":"https:\/\/estrategica.com.co\/blog\/wp-json\/wp\/v2\/users\/5"}],"replies":[{"embeddable":true,"href":"https:\/\/estrategica.com.co\/blog\/wp-json\/wp\/v2\/comments?post=23391"}],"version-history":[{"count":8,"href":"https:\/\/estrategica.com.co\/blog\/wp-json\/wp\/v2\/posts\/23391\/revisions"}],"predecessor-version":[{"id":50114,"href":"https:\/\/estrategica.com.co\/blog\/wp-json\/wp\/v2\/posts\/23391\/revisions\/50114"}],"wp:featuredmedia":[{"embeddable":true,"href":"https:\/\/estrategica.com.co\/blog\/wp-json\/wp\/v2\/media\/23392"}],"wp:attachment":[{"href":"https:\/\/estrategica.com.co\/blog\/wp-json\/wp\/v2\/media?parent=23391"}],"wp:term":[{"taxonomy":"category","embeddable":true,"href":"https:\/\/estrategica.com.co\/blog\/wp-json\/wp\/v2\/categories?post=23391"},{"taxonomy":"post_tag","embeddable":true,"href":"https:\/\/estrategica.com.co\/blog\/wp-json\/wp\/v2\/tags?post=23391"}],"curies":[{"name":"wp","href":"https:\/\/api.w.org\/{rel}","templated":true}]}}