{"id":23490,"date":"2010-07-22T02:05:13","date_gmt":"2010-07-22T02:05:13","guid":{"rendered":"http:\/\/estrategica.com.co\/blog\/?p=23490"},"modified":"2014-09-16T11:30:05","modified_gmt":"2014-09-16T16:30:05","slug":"ellos-van-a-votar-ellos-son-heroes","status":"publish","type":"post","link":"https:\/\/estrategica.com.co\/blog\/ellos-van-a-votar-ellos-son-heroes\/","title":{"rendered":"Ellos van a Votar, Ellos son H\u00e9roes"},"content":{"rendered":"<p> <script type='text\/javascript' src='https:\/\/estrategica.com.co\/blog\/wp-content\/plugins\/hana-flv-player\/flowplayer3\/example\/flowplayer-3.2.6.min.js'><\/script>\n<div >\n<div id='hana_flv_flow3_1' style='display:block;width:550px;height:413px;background-color:#555555;color:#ffffff;padding:0' title=\"*Video:ellos van a votar, ellos son h\u00e9roes\"><\/div>\n<\/div>\n\n<script  type='text\/javascript'>\nif (typeof g_hanaFlash !== 'undefined' && !g_hanaFlash){\n    jQuery('#hana_flv_flow3_1').css( 'padding', '5px' );\n\tjQuery('#hana_flv_flow3_1').html(\"<span class='inactive_message' style='display:block'>Sorry, your browser does not support Flash Video Player<\/span> *Video:ellos van a votar, ellos son h\u00e9roes\");\n}else{\t\t\t\n\t\tflowplayer('hana_flv_flow3_1', { src: 'https:\/\/estrategica.com.co\/blog\/wp-content\/plugins\/hana-flv-player\/flowplayer3\/flowplayer-3.2.7.swf', wmode: 'transparent' }, { \n\n\t\t\tcanvas: { backgroundColor: '#000000', backgroundGradient: 'none',},\n    \t\tclip:  { \n    \t\t\turl: '\/blog\/wp-content\/uploads\/2009\/01\/20100708\/EllosvanaVOTARellossonhroesMockusPresidente.flv',\n        \t\tscaling: 'fit', autoPlay: false, autoBuffering: true \n\t\t\t\t   , onFinish : function () { this.seek(0); }  \n\n\t        }\n\n\t\t});\n}\n<\/script><br \/>\n<\/br><\/p>\n<p>[icon color=\u00bbAccent-Color\u00bb size=\u00bbregular\u00bb image=\u00bbsteadysets-icon-chat\u00bb] <strong>Contexto<\/strong><\/br><\/br><\/p>\n<p style=\"text-align: justify;\">Spot de la Campa\u00f1a de Antanas Mockus a la Presidencia de Colombia a     nombre del Partido Verde, durante la contienda electoral de 2010. A la     campa\u00f1a de Mockus le sobro pasi\u00f3n y le falto rumbo. Se notaba que  iban    al vaiv\u00e9n de los acontecimientos lo cual gener\u00f3 caos  comunicativo.  Una   campa\u00f1a es un periodo limitado de tiempo con alta  concentraci\u00f3n de    mensajes pol\u00edticos. Eso hace que haya que ser  sumamente disciplinado  en   el mensaje que se difunda con los  diferentes instrumentos de   persuasi\u00f3n.  Hay que dise\u00f1ar un mensaje  corto, contundente y persuasivo y   difundirlo  por donde se pueda. La  campa\u00f1a de Mockus no tuvo esa   capacidad. Como  abrieron la campa\u00f1a  para que cualquiera aportara   Jingles, Afiches o  Videos, quedaron  expuestos al ruido comunicacional y   perdieron la  oportunidad de  concentrar sus esfuerzos ordenadamente   hacia un prop\u00f3sito  claro,  estrat\u00e9gicamente definido. La improvisaci\u00f3n   en campa\u00f1a se paga  muy  caro. La campa\u00f1a de Mockus encarnaba el cambio,   en un pa\u00eds que   mayoritariamente apoyaba el rumbo del pa\u00eds, encarnaba  la  legalidad que   era un mensaje que hab\u00eda que explicar y en campa\u00f1a no   hay tiempo de   explicar sino de posicionar un mensaje persuasivo, y  para  saber si un   mensaje es persuasivo hay que tener estudios de campo  que  nos  diluciden  lo que a la gente le preocupa y le gusta. Sin eso  no hay   nada. La  campa\u00f1a de Mockus nunca tuvo iniciativa en la agenda,  se   dedico a  responder los ataques de su adversario, y cuando uno es    reactivo y no  proactivo, pierde la oportunidad de hablar de lo que uno    quiere y  termina hablando de lo que el adversario desea. La campa\u00f1a  no   parec\u00eda  ser consciente de las fortalezas y las vulnerabilidades  del   candidato  para as\u00ed potencializar las unas y contrarrestar    inteligentemente las  otras. Juan Manuel Santos, el adversario,    representaba el continuismo  del uribismo, eso y nada m\u00e1s que eso. En    cuanto a Mockus, en cambio, no  se sabia si era uribista, o    antiuribista, continuista o no continuista,  de izquierda o derecha,    preparado o confuso. Los spot de Santos no  ten\u00edan mucha producci\u00f3n pero    portaban un mensaje claro y reiterado, los  de Mockus, por el    contrario, eran piezas atractivas pero dispersas. Al  final Mockus fue    casi triplicado por su oponente. Este es un ejemplo m\u00e1s  de la  necesidad   de lineamientos estrat\u00e9gicos en una campa\u00f1a electoral.<\/p><\/p>\n","protected":false},"excerpt":{"rendered":"<p>*Video: ellos van a votar, ellos son h\u00e9roes [icon color=\u00bbAccent-Color\u00bb size=\u00bbregular\u00bb image=\u00bbsteadysets-icon-chat\u00bb] Contexto Spot de la Campa\u00f1a de Antanas Mockus a la Presidencia de Colombia a nombre del Partido Verde, durante la contienda electoral de 2010. A la campa\u00f1a de Mockus le sobro pasi\u00f3n y le falto rumbo. Se notaba que iban al vaiv\u00e9n de [&hellip;]<\/p>\n","protected":false},"author":5,"featured_media":23491,"comment_status":"open","ping_status":"open","sticky":false,"template":"","format":"standard","meta":{"_et_pb_use_builder":"","_et_pb_old_content":"","_et_gb_content_width":"","advanced_seo_description":"","jetpack_seo_html_title":"","jetpack_seo_noindex":false,"footnotes":""},"categories":[57,62,34,10,11,3],"tags":[750,684,751],"class_list":["post-23490","post","type-post","status-publish","format-standard","has-post-thumbnail","hentry","category-campana-presidencial","category-colombia","category-electoral","category-geo","category-temas","category-video","tag-antanas-mockus","tag-elecciones-2010","tag-partido-verde"],"jetpack_featured_media_url":"https:\/\/i0.wp.com\/estrategica.com.co\/blog\/wp-content\/uploads\/2010\/07\/EllosvanaVOTARellossonhroesMockusPresidente_thumb.png?fit=559%2C362&ssl=1","jetpack_shortlink":"https:\/\/wp.me\/p4wgsh-66S","jetpack-related-posts":[{"id":23100,"url":"https:\/\/estrategica.com.co\/blog\/vota-este-domingo-mockus\/","url_meta":{"origin":23490,"position":0},"title":"Vota este Domingo &#8211; Mockus","author":"Juliana","date":"julio 21, 2010","format":false,"excerpt":"[hana-flv-player video=\"\/blog\/wp-content\/uploads\/2009\/01\/20100708\/AntanasMockusPresidenteVotaestedomingo.flv\" width=\"550\" height=\"\" description=\"Vota este Domingo - Mockus\" clickurl=\"\" clicktarget=\"\" player=\"4\" autoplay=\"false\" loop=\"false\" autorewind=\"true\" splashimage=\"\" skin=\"\" \/] [icon color=\"Accent-Color\" size=\"regular\" image=\"steadysets-icon-chat\"] Contexto Spot de la Campa\u00f1a de Antanas Mockus a la Presidencia de Colombia a nombre del Partido Verde, durante la contienda electoral de 2010. A la campa\u00f1a de\u2026","rel":"","context":"En \u00abCampa\u00f1a Presidencial\u00bb","block_context":{"text":"Campa\u00f1a Presidencial","link":"https:\/\/estrategica.com.co\/blog\/category\/temas\/campana-presidencial\/"},"img":{"alt_text":"","src":"https:\/\/i0.wp.com\/estrategica.com.co\/blog\/wp-content\/uploads\/2010\/07\/AntanasMockusPresidenteVotaestedomingo_thumb.png?fit=624%2C404&ssl=1&resize=350%2C200","width":350,"height":200},"classes":[]},{"id":23508,"url":"https:\/\/estrategica.com.co\/blog\/este-domingo-vota-mockus\/","url_meta":{"origin":23490,"position":1},"title":"Este Domingo Vota! &#8211; Mockus","author":"Juliana","date":"julio 22, 2010","format":false,"excerpt":"[hana-flv-player video=\"\/blog\/wp-content\/uploads\/2009\/01\/20100708\/EstedomingoVOTAMockusPresidente.flv\" width=\"550\" height=\"\" description=\"Este Domingo Vota! - Mockus\" clickurl=\"\" clicktarget=\"\" player=\"4\" autoplay=\"false\" loop=\"false\" autorewind=\"true\" splashimage=\"\" skin=\"\" \/] [icon color=\"Accent-Color\" size=\"regular\" image=\"steadysets-icon-chat\"] Contexto Spot de la Campa\u00f1a de Antanas Mockus a la Presidencia de Colombia a nombre del Partido Verde, durante la contienda electoral de 2010. A la campa\u00f1a de\u2026","rel":"","context":"En \u00abCampa\u00f1a Presidencial\u00bb","block_context":{"text":"Campa\u00f1a Presidencial","link":"https:\/\/estrategica.com.co\/blog\/category\/temas\/campana-presidencial\/"},"img":{"alt_text":"","src":"https:\/\/i0.wp.com\/estrategica.com.co\/blog\/wp-content\/uploads\/2010\/07\/EstedomingoVOTAMockusPresidente_thumb.png?fit=632%2C428&ssl=1&resize=350%2C200","width":350,"height":200},"classes":[]},{"id":23808,"url":"https:\/\/estrategica.com.co\/blog\/mi-primer-voto-mockus\/","url_meta":{"origin":23490,"position":2},"title":"Mi Primer Voto &#8211; Mockus","author":"Juliana","date":"julio 21, 2010","format":false,"excerpt":"[hana-flv-player video=\"\/blog\/wp-content\/uploads\/2009\/01\/20100708\/MiprimeVOTOAntanaMockusPresidente.flv\" width=\"550\" height=\"\" description=\"Mi Primer Voto - Mockus\" clickurl=\"\" clicktarget=\"\" player=\"4\" autoplay=\"false\" loop=\"false\" autorewind=\"true\" splashimage=\"\" skin=\"\" \/] [icon color=\"Accent-Color\" size=\"regular\" image=\"steadysets-icon-chat\"] Contexto Spot de la Campa\u00f1a de Antanas Mockus a la Presidencia de Colombia a nombre del Partido Verde, durante la contienda electoral de 2010. A la campa\u00f1a de\u2026","rel":"","context":"En \u00abCampa\u00f1a Presidencial\u00bb","block_context":{"text":"Campa\u00f1a Presidencial","link":"https:\/\/estrategica.com.co\/blog\/category\/temas\/campana-presidencial\/"},"img":{"alt_text":"","src":"https:\/\/i0.wp.com\/estrategica.com.co\/blog\/wp-content\/uploads\/2010\/07\/MiprimeVOTOAntanaMockusPresidente_thumb.png?fit=364%2C399&ssl=1&resize=350%2C200","width":350,"height":200},"classes":[]},{"id":23865,"url":"https:\/\/estrategica.com.co\/blog\/multipliquemos-nuestros-votos-actores-mockus\/","url_meta":{"origin":23490,"position":3},"title":"Multipliquemos Nuestros Votos &#8211; Actores &#8211; Mockus","author":"Juliana","date":"julio 21, 2010","format":false,"excerpt":"[hana-flv-player video=\"\/blog\/wp-content\/uploads\/2009\/01\/20100708\/MultipliquemosnuestrosvotosMockusresidente.flv\" width=\"550\" height=\"\" description=\"Multipliquemos Nuestros Votos - Actores - Mockus\" clickurl=\"\" clicktarget=\"\" player=\"4\" autoplay=\"false\" loop=\"false\" autorewind=\"true\" splashimage=\"\" skin=\"\" \/] [icon color=\"Accent-Color\" size=\"regular\" image=\"steadysets-icon-chat\"] Contexto Spot de la Campa\u00f1a de Antanas Mockus a la Presidencia de Colombia a nombre del Partido Verde, durante la contienda electoral de 2010. A la\u2026","rel":"","context":"En \u00abCampa\u00f1a Presidencial\u00bb","block_context":{"text":"Campa\u00f1a Presidencial","link":"https:\/\/estrategica.com.co\/blog\/category\/temas\/campana-presidencial\/"},"img":{"alt_text":"","src":"https:\/\/i0.wp.com\/estrategica.com.co\/blog\/wp-content\/uploads\/2010\/07\/MultipliquemosnuestrosvotosMockusresidente_thumb.png?fit=547%2C421&ssl=1&resize=350%2C200","width":350,"height":200},"classes":[]},{"id":23094,"url":"https:\/\/estrategica.com.co\/blog\/antanas-llego-mil-santos-y-nica-tea-mockus\/","url_meta":{"origin":23490,"position":4},"title":"Antanas Lleg\u00f3 &#8211; Mil Santos y Nica Tea &#8211; Mockus","author":"Juliana","date":"agosto 28, 2010","format":false,"excerpt":"[hana-flv-player video=\"\/blog\/wp-content\/uploads\/2009\/01\/20100708\/ANTANASLLEGMilSantosyNicaTea.flv\" width=\"550\" height=\"\" description=\"Antanas Lleg\u00f3 - Mil Santos y Nica Tea - Mockus\" clickurl=\"\" clicktarget=\"\" player=\"4\" autoplay=\"false\" loop=\"false\" autorewind=\"true\" splashimage=\"\" skin=\"\" \/] [icon color=\"Accent-Color\" size=\"regular\" image=\"steadysets-icon-chat\"] Contexto Spot de la Campa\u00f1a de Antanas Mockus a la Presidencia de Colombia a nombre del Partido Verde, durante la contienda electoral de\u2026","rel":"","context":"En \u00ab2010\u00bb","block_context":{"text":"2010","link":"https:\/\/estrategica.com.co\/blog\/category\/ano\/2010\/"},"img":{"alt_text":"","src":"https:\/\/i0.wp.com\/estrategica.com.co\/blog\/wp-content\/uploads\/2010\/07\/ANTANASLLEGMilSantosyNicaTea_thumb.png?fit=731%2C574&ssl=1&resize=350%2C200","width":350,"height":200},"classes":[]},{"id":24659,"url":"https:\/\/estrategica.com.co\/blog\/vamos-colombia-mockus\/","url_meta":{"origin":23490,"position":5},"title":"Vamos Colombia &#8211; Mockus","author":"Juliana","date":"julio 23, 2010","format":false,"excerpt":"[hana-flv-player video=\"\/blog\/wp-content\/uploads\/2009\/01\/20100708\/VOTAMockusPresidente.flv\" width=\"550\" height=\"\" description=\"Vamos Colombia - Mockus\" clickurl=\"\" clicktarget=\"\" player=\"4\" autoplay=\"false\" loop=\"false\" autorewind=\"true\" splashimage=\"\" skin=\"\" \/] [icon color=\"Accent-Color\" size=\"regular\" image=\"steadysets-icon-chat\"] Contexto Spot de la Campa\u00f1a de Antanas Mockus a la Presidencia de Colombia a nombre del Partido Verde, durante la contienda electoral de 2010. A la campa\u00f1a de Mockus\u2026","rel":"","context":"En \u00abCampa\u00f1a Presidencial\u00bb","block_context":{"text":"Campa\u00f1a Presidencial","link":"https:\/\/estrategica.com.co\/blog\/category\/temas\/campana-presidencial\/"},"img":{"alt_text":"","src":"https:\/\/i0.wp.com\/estrategica.com.co\/blog\/wp-content\/uploads\/2010\/07\/VOTAMockusPresidente_thumb.png?fit=588%2C401&ssl=1&resize=350%2C200","width":350,"height":200},"classes":[]}],"jetpack_sharing_enabled":true,"_links":{"self":[{"href":"https:\/\/estrategica.com.co\/blog\/wp-json\/wp\/v2\/posts\/23490","targetHints":{"allow":["GET"]}}],"collection":[{"href":"https:\/\/estrategica.com.co\/blog\/wp-json\/wp\/v2\/posts"}],"about":[{"href":"https:\/\/estrategica.com.co\/blog\/wp-json\/wp\/v2\/types\/post"}],"author":[{"embeddable":true,"href":"https:\/\/estrategica.com.co\/blog\/wp-json\/wp\/v2\/users\/5"}],"replies":[{"embeddable":true,"href":"https:\/\/estrategica.com.co\/blog\/wp-json\/wp\/v2\/comments?post=23490"}],"version-history":[{"count":4,"href":"https:\/\/estrategica.com.co\/blog\/wp-json\/wp\/v2\/posts\/23490\/revisions"}],"predecessor-version":[{"id":42893,"href":"https:\/\/estrategica.com.co\/blog\/wp-json\/wp\/v2\/posts\/23490\/revisions\/42893"}],"wp:featuredmedia":[{"embeddable":true,"href":"https:\/\/estrategica.com.co\/blog\/wp-json\/wp\/v2\/media\/23491"}],"wp:attachment":[{"href":"https:\/\/estrategica.com.co\/blog\/wp-json\/wp\/v2\/media?parent=23490"}],"wp:term":[{"taxonomy":"category","embeddable":true,"href":"https:\/\/estrategica.com.co\/blog\/wp-json\/wp\/v2\/categories?post=23490"},{"taxonomy":"post_tag","embeddable":true,"href":"https:\/\/estrategica.com.co\/blog\/wp-json\/wp\/v2\/tags?post=23490"}],"curies":[{"name":"wp","href":"https:\/\/api.w.org\/{rel}","templated":true}]}}