{"id":2365,"date":"2009-02-19T21:50:58","date_gmt":"2009-02-19T21:50:58","guid":{"rendered":"http:\/\/estrategica.com.co\/blog\/?p=2365"},"modified":"2015-04-07T14:17:57","modified_gmt":"2015-04-07T19:17:57","slug":"tu-eres-las-manos-de-mexico","status":"publish","type":"post","link":"https:\/\/estrategica.com.co\/blog\/tu-eres-las-manos-de-mexico\/","title":{"rendered":"Tu eres las manos de M\u00e9xico"},"content":{"rendered":"<p> <script type='text\/javascript' src='https:\/\/estrategica.com.co\/blog\/wp-content\/plugins\/hana-flv-player\/flowplayer3\/example\/flowplayer-3.2.6.min.js'><\/script>\n<div >\n<div id='hana_flv_flow3_1' style='display:block;width:550px;height:413px;background-color:#555555;color:#ffffff;padding:0' title=\"*Video:tu eres las manos de m\u00e9xico\"><\/div>\n<\/div>\n\n<script  type='text\/javascript'>\nif (typeof g_hanaFlash !== 'undefined' && !g_hanaFlash){\n    jQuery('#hana_flv_flow3_1').css( 'padding', '5px' );\n\tjQuery('#hana_flv_flow3_1').html(\"<span class='inactive_message' style='display:block'>Sorry, your browser does not support Flash Video Player<\/span> *Video:tu eres las manos de m\u00e9xico\");\n}else{\t\t\t\n\t\tflowplayer('hana_flv_flow3_1', { src: 'https:\/\/estrategica.com.co\/blog\/wp-content\/plugins\/hana-flv-player\/flowplayer3\/flowplayer-3.2.7.swf', wmode: 'transparent' }, { \n\n\t\t\tcanvas: { backgroundColor: '#000000', backgroundGradient: 'none',},\n    \t\tclip:  { \n    \t\t\turl: '\/blog\/wp-content\/uploads\/2009\/01\/mexico\/Patricia_Mercado_spot_en_campana_manos_que_trabajan.flv',\n        \t\tscaling: 'fit', autoPlay: false, autoBuffering: true \n\t\t\t\t   , onFinish : function () { this.seek(0); }  \n\n\t        }\n\n\t\t});\n}\n<\/script><br \/>\n<\/br><\/p>\n<p>[icon color=\u00bbAccent-Color\u00bb size=\u00bbregular\u00bb image=\u00bbsteadysets-icon-chat\u00bb] <strong>Contexto<\/strong><\/br><\/br><\/p>\n<p style=\"text-align: justify;\">Spot de Campa\u00f1a de la candidata del Partido Alternativa Socialdem\u00f3crata, Patricia Mercado, en las elecciones de 2006.\u00a0 El slogan de campa\u00f1a fue \u201cPalabra de Mujer\u201d y con \u00e9l buscaban capitalizar la credibilidad femenina en ese imaginario mexicano que considera que las mujeres tienen una palabra muy s\u00f3lida y tienen una constituci\u00f3n \u00e9tica mayor que los hombres. Los mensajes estaban dirigidos a los segmentos electorales de los j\u00f3venes, las mujeres y los sectores progresistas de la sociedad.\u00a0 Las propuestas de campa\u00f1a ten\u00edan la osad\u00eda del que no tiene nada que perder: apoyo al acceso al aborto legal, igualdad de genero y protecci\u00f3n a la diversidad sexual. La campa\u00f1a se mostr\u00f3 arriesgada, mostrando a la candidata como una pol\u00edtica moderna, conciliadora y con la capacidad de transformar la sociedad mexicana a fondo.\u00a0 La campa\u00f1a estuvo dirigida, principalmente, a las mujeres, 52 por ciento del padr\u00f3n electoral, con la idea de persuadir a ese sector poblacional . Patricia Mercado fue la \u00fanica aspirante mujer a la Presidencia en la contienda electoral. En 1982 se hab\u00eda presentado Rosario Ibarra de Piedra por el Partido Revolucionario de los Trabajadores, en 1994 se lanzaron Marcela Lombardo por el Partido Popular Socialista y Cecilia Soto por el Partido del Trabajo. En la contienda electoral de 2006 Patricia Mercado obtuvo 1,128,850 votos (el 2.7% del total), que la convirtieron en la mujer que obtuvo la votaci\u00f3n m\u00e1s alta en la historia democr\u00e1tica mexicana. El Spot que vemos posiciona el mensaje de que Patricia Mercado es otra cosa y representa el cambio. El formato es moderno, llama la atenci\u00f3n y la intervenci\u00f3n de la candidata es oportuna y precisa. El cierre se hace con el mensaje estrat\u00e9gico de \u201cPalabra de Mujer\u201d.<\/p><\/p>\n","protected":false},"excerpt":{"rendered":"<p>*Video: tu eres las manos de m\u00e9xico [icon color=\u00bbAccent-Color\u00bb size=\u00bbregular\u00bb image=\u00bbsteadysets-icon-chat\u00bb] Contexto Spot de Campa\u00f1a de la candidata del Partido Alternativa Socialdem\u00f3crata, Patricia Mercado, en las elecciones de 2006.\u00a0 El slogan de campa\u00f1a fue \u201cPalabra de Mujer\u201d y con \u00e9l buscaban capitalizar la credibilidad femenina en ese imaginario mexicano que considera que las mujeres tienen [&hellip;]<\/p>\n","protected":false},"author":5,"featured_media":2366,"comment_status":"open","ping_status":"open","sticky":false,"template":"","format":"standard","meta":{"_et_pb_use_builder":"","_et_pb_old_content":"","_et_gb_content_width":"","advanced_seo_description":"","jetpack_seo_html_title":"","jetpack_seo_noindex":false,"footnotes":""},"categories":[264,263,57,34,10,201,11,3],"tags":[196,266],"class_list":["post-2365","post","type-post","status-publish","format-standard","has-post-thumbnail","hentry","category-264","category-ano","category-campana-presidencial","category-electoral","category-geo","category-mexico","category-temas","category-video","tag-elecciones-2006","tag-patricia-mercado"],"jetpack_featured_media_url":"https:\/\/i0.wp.com\/estrategica.com.co\/blog\/wp-content\/uploads\/2009\/01\/patricia_mercado_spot_en_campana_manos_que_trabajan_thumb.png?fit=321%2C199&ssl=1","jetpack_shortlink":"https:\/\/wp.me\/p4wgsh-C9","jetpack-related-posts":[{"id":2369,"url":"https:\/\/estrategica.com.co\/blog\/cambiar-a-mexico-esta-en-sus-manos\/","url_meta":{"origin":2365,"position":0},"title":"Cambiar a M\u00e9xico esta en sus Manos","author":"Juliana","date":"febrero 19, 2009","format":false,"excerpt":"[hana-flv-player video=\"\/blog\/wp-content\/uploads\/2009\/01\/mexico\/Patricia_Mercado_spot_para_jovenes.flv\" width=\"550\" height=\"\" description=\"Cambiar a M\u00e9xico esta en sus Manos\" clickurl=\"\" clicktarget=\"\" player=\"4\" autoplay=\"false\" loop=\"false\" autorewind=\"true\" splashimage=\"\" skin=\"\" \/] [icon color=\"Accent-Color\" size=\"regular\" image=\"steadysets-icon-chat\"] Contexto Spot de Campa\u00f1a de la candidata del Partido Alternativa Socialdem\u00f3crata, Patricia Mercado, en las elecciones de 2006.\u00a0 El slogan de campa\u00f1a fue \u201cPalabra de Mujer\u201d\u2026","rel":"","context":"En \u00ab2006\u00bb","block_context":{"text":"2006","link":"https:\/\/estrategica.com.co\/blog\/category\/ano\/2006\/"},"img":{"alt_text":"","src":"","width":0,"height":0},"classes":[]},{"id":2357,"url":"https:\/\/estrategica.com.co\/blog\/%c2%bftodos-son-iguales\/","url_meta":{"origin":2365,"position":1},"title":"\u00bfTodos son iguales?","author":"Juliana","date":"febrero 19, 2009","format":false,"excerpt":"[hana-flv-player video=\"\/blog\/wp-content\/uploads\/2009\/01\/mexico\/Patricia_Mercado.flv\" width=\"550\" height=\"\" description=\"\u00bfTodos son iguales?\" clickurl=\"\" clicktarget=\"\" player=\"4\" autoplay=\"false\" loop=\"false\" autorewind=\"true\" splashimage=\"\" skin=\"\" \/] [icon color=\"Accent-Color\" size=\"regular\" image=\"steadysets-icon-chat\"] Contexto Spot de Campa\u00f1a de la candidata del Partido Alternativa Socialdem\u00f3crata, Patricia Mercado, en las elecciones de 2006.\u00a0 El slogan de campa\u00f1a fue \u201cPalabra de Mujer\u201d y con \u00e9l buscaban\u2026","rel":"","context":"En \u00ab2006\u00bb","block_context":{"text":"2006","link":"https:\/\/estrategica.com.co\/blog\/category\/ano\/2006\/"},"img":{"alt_text":"","src":"","width":0,"height":0},"classes":[]},{"id":2361,"url":"https:\/\/estrategica.com.co\/blog\/tu-alternativa-es-clara\/","url_meta":{"origin":2365,"position":2},"title":"Tu Alternativa es Clara","author":"Juliana","date":"febrero 19, 2009","format":false,"excerpt":"[hana-flv-player video=\"\/blog\/wp-content\/uploads\/2009\/01\/mexico\/Patricia_Mercado_spot_de_precampana.flv\" width=\"550\" height=\"\" description=\"Tu Alternativa es Clara\" clickurl=\"\" clicktarget=\"\" player=\"4\" autoplay=\"false\" loop=\"false\" autorewind=\"true\" splashimage=\"\" skin=\"\" \/] [icon color=\"Accent-Color\" size=\"regular\" image=\"steadysets-icon-chat\"] Contexto Spot de Campa\u00f1a de la candidata del Partido Alternativa Socialdem\u00f3crata, Patricia Mercado, en las elecciones de 2006.\u00a0 El slogan de campa\u00f1a fue \u201cPalabra de Mujer\u201d y con \u00e9l\u2026","rel":"","context":"En \u00ab2006\u00bb","block_context":{"text":"2006","link":"https:\/\/estrategica.com.co\/blog\/category\/ano\/2006\/"},"img":{"alt_text":"","src":"https:\/\/i0.wp.com\/estrategica.com.co\/blog\/wp-content\/uploads\/2009\/01\/patricia_mercado_spot__de_precampana_thumb.png?fit=311%2C202&ssl=1&resize=350%2C200","width":350,"height":200},"classes":[]},{"id":2373,"url":"https:\/\/estrategica.com.co\/blog\/vota-por-conviccion\/","url_meta":{"origin":2365,"position":3},"title":"Vota por Convicci\u00f3n","author":"Juliana","date":"febrero 19, 2009","format":false,"excerpt":"[hana-flv-player video=\"\/blog\/wp-content\/uploads\/2009\/01\/mexico\/Patricia_Mercado_spot_para_mujeres.flv\" width=\"550\" height=\"\" description=\"Vota por Convicci\u00f3n\" clickurl=\"\" clicktarget=\"\" player=\"4\" autoplay=\"false\" loop=\"false\" autorewind=\"true\" splashimage=\"\" skin=\"\" \/] [icon color=\"Accent-Color\" size=\"regular\" image=\"steadysets-icon-chat\"] Contexto Spot de Campa\u00f1a de la candidata del Partido Alternativa Socialdem\u00f3crata, Patricia Mercado, en las elecciones de 2006.\u00a0 El slogan de campa\u00f1a fue \u201cPalabra de Mujer\u201d y con \u00e9l buscaban\u2026","rel":"","context":"En \u00ab2006\u00bb","block_context":{"text":"2006","link":"https:\/\/estrategica.com.co\/blog\/category\/ano\/2006\/"},"img":{"alt_text":"","src":"","width":0,"height":0},"classes":[]},{"id":2301,"url":"https:\/\/estrategica.com.co\/blog\/contra-amlo-alianza-por-mexico\/","url_meta":{"origin":2365,"position":4},"title":"Contra AMLO &#8211; Alianza por M\u00e9xico","author":"Juliana","date":"abril 17, 2011","format":false,"excerpt":"[hana-flv-player video=\"\/blog\/wp-content\/uploads\/2009\/01\/mexico\/Contra_AMLO.flv\" width=\"550\" height=\"\" description=\"Contra AMLO - Alianza por M\u00e9xico\" clickurl=\"\" clicktarget=\"\" player=\"4\" autoplay=\"false\" loop=\"false\" autorewind=\"true\" splashimage=\"\" skin=\"\" \/] [icon color=\"Accent-Color\" size=\"regular\" image=\"steadysets-icon-chat\"] Contexto Spot de la Alianza por M\u00e9xico contra la aspiraci\u00f3n de Andr\u00e9s Manuel L\u00f3pez Obrador a la Presidencia de M\u00e9xico en la contienda electoral de 2006. \u00a0La\u2026","rel":"","context":"En \u00ab2006\u00bb","block_context":{"text":"2006","link":"https:\/\/estrategica.com.co\/blog\/category\/ano\/2006\/"},"img":{"alt_text":"","src":"https:\/\/i0.wp.com\/estrategica.com.co\/blog\/wp-content\/uploads\/2009\/01\/contra_amlo_thumb.png?fit=316%2C223&ssl=1&resize=350%2C200","width":350,"height":200},"classes":[]},{"id":14038,"url":"https:\/\/estrategica.com.co\/blog\/av063\/","url_meta":{"origin":2365,"position":5},"title":"Recuerdas? &#8211; PAN","author":"estrategica.com","date":"abril 17, 2011","format":false,"excerpt":"[hana-flv-player video=\"\/blog\/wp-content\/uploads\/2009\/01\/videos_ultimos\/av063.flv\" width=\"550\" height=\"\" description=\"Recuerdas? - PAN\" clickurl=\"\" clicktarget=\"\" player=\"4\" autoplay=\"false\" loop=\"false\" autorewind=\"true\" splashimage=\"\" skin=\"\" \/] [icon color=\"Accent-Color\" size=\"regular\" image=\"steadysets-icon-chat\"] Contexto Spot del PAN de cara a las elecciones de 2006 en M\u00e9xico. La pieza es directa contra el PRI con el fin de hacerle recordar en forma visual algunos\u2026","rel":"","context":"En \u00ab2006\u00bb","block_context":{"text":"2006","link":"https:\/\/estrategica.com.co\/blog\/category\/ano\/2006\/"},"img":{"alt_text":"","src":"https:\/\/i0.wp.com\/estrategica.com.co\/blog\/wp-content\/uploads\/2009\/05\/av063_thumb.png?fit=449%2C354&ssl=1&resize=350%2C200","width":350,"height":200},"classes":[]}],"jetpack_sharing_enabled":true,"_links":{"self":[{"href":"https:\/\/estrategica.com.co\/blog\/wp-json\/wp\/v2\/posts\/2365","targetHints":{"allow":["GET"]}}],"collection":[{"href":"https:\/\/estrategica.com.co\/blog\/wp-json\/wp\/v2\/posts"}],"about":[{"href":"https:\/\/estrategica.com.co\/blog\/wp-json\/wp\/v2\/types\/post"}],"author":[{"embeddable":true,"href":"https:\/\/estrategica.com.co\/blog\/wp-json\/wp\/v2\/users\/5"}],"replies":[{"embeddable":true,"href":"https:\/\/estrategica.com.co\/blog\/wp-json\/wp\/v2\/comments?post=2365"}],"version-history":[{"count":6,"href":"https:\/\/estrategica.com.co\/blog\/wp-json\/wp\/v2\/posts\/2365\/revisions"}],"predecessor-version":[{"id":51931,"href":"https:\/\/estrategica.com.co\/blog\/wp-json\/wp\/v2\/posts\/2365\/revisions\/51931"}],"wp:featuredmedia":[{"embeddable":true,"href":"https:\/\/estrategica.com.co\/blog\/wp-json\/wp\/v2\/media\/2366"}],"wp:attachment":[{"href":"https:\/\/estrategica.com.co\/blog\/wp-json\/wp\/v2\/media?parent=2365"}],"wp:term":[{"taxonomy":"category","embeddable":true,"href":"https:\/\/estrategica.com.co\/blog\/wp-json\/wp\/v2\/categories?post=2365"},{"taxonomy":"post_tag","embeddable":true,"href":"https:\/\/estrategica.com.co\/blog\/wp-json\/wp\/v2\/tags?post=2365"}],"curies":[{"name":"wp","href":"https:\/\/api.w.org\/{rel}","templated":true}]}}