{"id":2373,"date":"2009-02-19T20:52:04","date_gmt":"2009-02-19T20:52:04","guid":{"rendered":"http:\/\/estrategica.com.co\/blog\/?p=2373"},"modified":"2015-04-07T14:22:58","modified_gmt":"2015-04-07T19:22:58","slug":"vota-por-conviccion","status":"publish","type":"post","link":"https:\/\/estrategica.com.co\/blog\/vota-por-conviccion\/","title":{"rendered":"Vota por Convicci\u00f3n"},"content":{"rendered":"<p> <script type='text\/javascript' src='https:\/\/estrategica.com.co\/blog\/wp-content\/plugins\/hana-flv-player\/flowplayer3\/example\/flowplayer-3.2.6.min.js'><\/script>\n<div >\n<div id='hana_flv_flow3_1' style='display:block;width:550px;height:413px;background-color:#555555;color:#ffffff;padding:0' title=\"*Video:vota por convicci\u00f3n\"><\/div>\n<\/div>\n\n<script  type='text\/javascript'>\nif (typeof g_hanaFlash !== 'undefined' && !g_hanaFlash){\n    jQuery('#hana_flv_flow3_1').css( 'padding', '5px' );\n\tjQuery('#hana_flv_flow3_1').html(\"<span class='inactive_message' style='display:block'>Sorry, your browser does not support Flash Video Player<\/span> *Video:vota por convicci\u00f3n\");\n}else{\t\t\t\n\t\tflowplayer('hana_flv_flow3_1', { src: 'https:\/\/estrategica.com.co\/blog\/wp-content\/plugins\/hana-flv-player\/flowplayer3\/flowplayer-3.2.7.swf', wmode: 'transparent' }, { \n\n\t\t\tcanvas: { backgroundColor: '#000000', backgroundGradient: 'none',},\n    \t\tclip:  { \n    \t\t\turl: '\/blog\/wp-content\/uploads\/2009\/01\/mexico\/Patricia_Mercado_spot_para_mujeres.flv',\n        \t\tscaling: 'fit', autoPlay: false, autoBuffering: true \n\t\t\t\t   , onFinish : function () { this.seek(0); }  \n\n\t        }\n\n\t\t});\n}\n<\/script><br \/>\n<\/br><\/p>\n<p>[icon color=\u00bbAccent-Color\u00bb size=\u00bbregular\u00bb image=\u00bbsteadysets-icon-chat\u00bb] <strong>Contexto<\/strong><\/br><\/br><\/p>\n<p style=\"text-align: justify;\">Spot de Campa\u00f1a de la candidata del Partido Alternativa Socialdem\u00f3crata, Patricia Mercado, en las elecciones de 2006.\u00a0 El slogan de campa\u00f1a fue \u201cPalabra de Mujer\u201d y con \u00e9l buscaban capitalizar la credibilidad femenina en ese imaginario mexicano que considera que las mujeres tienen una palabra muy s\u00f3lida y tienen una constituci\u00f3n \u00e9tica mayor que los hombres. Los mensajes estaban dirigidos a los segmentos electorales de los j\u00f3venes, las mujeres y los sectores progresistas de la sociedad.\u00a0 Las propuestas de campa\u00f1a ten\u00edan la osad\u00eda del que no tiene nada que perder: apoyo al acceso al aborto legal, igualdad de genero y protecci\u00f3n a la diversidad sexual. La campa\u00f1a se mostr\u00f3 arriesgada, mostrando a la candidata como una pol\u00edtica moderna, conciliadora y con la capacidad de transformar la sociedad mexicana a fondo.\u00a0 La campa\u00f1a estuvo dirigida, principalmente, a las mujeres, 52 por ciento del padr\u00f3n electoral, con la idea de persuadir a ese sector poblacional . Patricia Mercado fue la \u00fanica aspirante mujer a la Presidencia en la contienda electoral. En 1982 se hab\u00eda presentado Rosario Ibarra de Piedra por el Partido Revolucionario de los Trabajadores, en 1994 se lanzaron Marcela Lombardo por el Partido Popular Socialista y Cecilia Soto por el Partido del Trabajo. En la contienda electoral de 2006 Patricia Mercado obtuvo 1,128,850 votos (el 2.7% del total), que la convirtieron en la mujer que obtuvo la votaci\u00f3n m\u00e1s alta en la historia democr\u00e1tica mexicana. En el Spot que vemos se trata de persuadir a las mujeres que voten por la candidata. La imagen muestra las cajas electorales donde se observa \u201cel voto el libre y secreto\u201d. Ah\u00ed aparece una mujer joven que observa el tarjet\u00f3n electoral dudosa. En ese momento aparece la candidata, Patricia Mercado, diciendo \u201caunque lo dudes, no somos iguales. Mientras exista desigualdad social e impunidad a nosotros nos tendr\u00e1n en frente. Tenemos a nuestro favor lo principal: la fuerza de nuestras convicciones. Cr\u00e9eme. Conf\u00eda en M\u00ed\u201d. La candidata afirma que si este 2 de julio se vota con convicci\u00f3n se cambiara a M\u00e9xico y cierra con su slogan de campa\u00f1a de mujer. Es un spot bien logrado, con un mensaje claro y persuasivo y visualmente bien logrado.<\/p><\/p>\n","protected":false},"excerpt":{"rendered":"<p>*Video: vota por convicci\u00f3n [icon color=\u00bbAccent-Color\u00bb size=\u00bbregular\u00bb image=\u00bbsteadysets-icon-chat\u00bb] Contexto Spot de Campa\u00f1a de la candidata del Partido Alternativa Socialdem\u00f3crata, Patricia Mercado, en las elecciones de 2006.\u00a0 El slogan de campa\u00f1a fue \u201cPalabra de Mujer\u201d y con \u00e9l buscaban capitalizar la credibilidad femenina en ese imaginario mexicano que considera que las mujeres tienen una palabra muy [&hellip;]<\/p>\n","protected":false},"author":5,"featured_media":2374,"comment_status":"open","ping_status":"open","sticky":false,"template":"","format":"standard","meta":{"_et_pb_use_builder":"","_et_pb_old_content":"","_et_gb_content_width":"","advanced_seo_description":"","jetpack_seo_html_title":"","jetpack_seo_noindex":false,"footnotes":""},"categories":[264,263,57,34,10,201,11,3],"tags":[196,266],"class_list":["post-2373","post","type-post","status-publish","format-standard","has-post-thumbnail","hentry","category-264","category-ano","category-campana-presidencial","category-electoral","category-geo","category-mexico","category-temas","category-video","tag-elecciones-2006","tag-patricia-mercado"],"jetpack_featured_media_url":"https:\/\/i0.wp.com\/estrategica.com.co\/blog\/wp-content\/uploads\/2009\/01\/patricia_mercado_spot_para_mujeres_thumb.png?fit=311%2C152&ssl=1","jetpack_shortlink":"https:\/\/wp.me\/p4wgsh-Ch","jetpack-related-posts":[{"id":2369,"url":"https:\/\/estrategica.com.co\/blog\/cambiar-a-mexico-esta-en-sus-manos\/","url_meta":{"origin":2373,"position":0},"title":"Cambiar a M\u00e9xico esta en sus Manos","author":"Juliana","date":"febrero 19, 2009","format":false,"excerpt":"[hana-flv-player video=\"\/blog\/wp-content\/uploads\/2009\/01\/mexico\/Patricia_Mercado_spot_para_jovenes.flv\" width=\"550\" height=\"\" description=\"Cambiar a M\u00e9xico esta en sus Manos\" clickurl=\"\" clicktarget=\"\" player=\"4\" autoplay=\"false\" loop=\"false\" autorewind=\"true\" splashimage=\"\" skin=\"\" \/] [icon color=\"Accent-Color\" size=\"regular\" image=\"steadysets-icon-chat\"] Contexto Spot de Campa\u00f1a de la candidata del Partido Alternativa Socialdem\u00f3crata, Patricia Mercado, en las elecciones de 2006.\u00a0 El slogan de campa\u00f1a fue \u201cPalabra de Mujer\u201d\u2026","rel":"","context":"En \u00ab2006\u00bb","block_context":{"text":"2006","link":"https:\/\/estrategica.com.co\/blog\/category\/ano\/2006\/"},"img":{"alt_text":"","src":"","width":0,"height":0},"classes":[]},{"id":2365,"url":"https:\/\/estrategica.com.co\/blog\/tu-eres-las-manos-de-mexico\/","url_meta":{"origin":2373,"position":1},"title":"Tu eres las manos de M\u00e9xico","author":"Juliana","date":"febrero 19, 2009","format":false,"excerpt":"[hana-flv-player video=\"\/blog\/wp-content\/uploads\/2009\/01\/mexico\/Patricia_Mercado_spot_en_campana_manos_que_trabajan.flv\" width=\"550\" height=\"\" description=\"Tu eres las manos de M\u00e9xico\" clickurl=\"\" clicktarget=\"\" player=\"4\" autoplay=\"false\" loop=\"false\" autorewind=\"true\" splashimage=\"\" skin=\"\" \/] [icon color=\"Accent-Color\" size=\"regular\" image=\"steadysets-icon-chat\"] Contexto Spot de Campa\u00f1a de la candidata del Partido Alternativa Socialdem\u00f3crata, Patricia Mercado, en las elecciones de 2006.\u00a0 El slogan de campa\u00f1a fue \u201cPalabra de Mujer\u201d y\u2026","rel":"","context":"En \u00ab2006\u00bb","block_context":{"text":"2006","link":"https:\/\/estrategica.com.co\/blog\/category\/ano\/2006\/"},"img":{"alt_text":"","src":"","width":0,"height":0},"classes":[]},{"id":2357,"url":"https:\/\/estrategica.com.co\/blog\/%c2%bftodos-son-iguales\/","url_meta":{"origin":2373,"position":2},"title":"\u00bfTodos son iguales?","author":"Juliana","date":"febrero 19, 2009","format":false,"excerpt":"[hana-flv-player video=\"\/blog\/wp-content\/uploads\/2009\/01\/mexico\/Patricia_Mercado.flv\" width=\"550\" height=\"\" description=\"\u00bfTodos son iguales?\" clickurl=\"\" clicktarget=\"\" player=\"4\" autoplay=\"false\" loop=\"false\" autorewind=\"true\" splashimage=\"\" skin=\"\" \/] [icon color=\"Accent-Color\" size=\"regular\" image=\"steadysets-icon-chat\"] Contexto Spot de Campa\u00f1a de la candidata del Partido Alternativa Socialdem\u00f3crata, Patricia Mercado, en las elecciones de 2006.\u00a0 El slogan de campa\u00f1a fue \u201cPalabra de Mujer\u201d y con \u00e9l buscaban\u2026","rel":"","context":"En \u00ab2006\u00bb","block_context":{"text":"2006","link":"https:\/\/estrategica.com.co\/blog\/category\/ano\/2006\/"},"img":{"alt_text":"","src":"","width":0,"height":0},"classes":[]},{"id":2361,"url":"https:\/\/estrategica.com.co\/blog\/tu-alternativa-es-clara\/","url_meta":{"origin":2373,"position":3},"title":"Tu Alternativa es Clara","author":"Juliana","date":"febrero 19, 2009","format":false,"excerpt":"[hana-flv-player video=\"\/blog\/wp-content\/uploads\/2009\/01\/mexico\/Patricia_Mercado_spot_de_precampana.flv\" width=\"550\" height=\"\" description=\"Tu Alternativa es Clara\" clickurl=\"\" clicktarget=\"\" player=\"4\" autoplay=\"false\" loop=\"false\" autorewind=\"true\" splashimage=\"\" skin=\"\" \/] [icon color=\"Accent-Color\" size=\"regular\" image=\"steadysets-icon-chat\"] Contexto Spot de Campa\u00f1a de la candidata del Partido Alternativa Socialdem\u00f3crata, Patricia Mercado, en las elecciones de 2006.\u00a0 El slogan de campa\u00f1a fue \u201cPalabra de Mujer\u201d y con \u00e9l\u2026","rel":"","context":"En \u00ab2006\u00bb","block_context":{"text":"2006","link":"https:\/\/estrategica.com.co\/blog\/category\/ano\/2006\/"},"img":{"alt_text":"","src":"https:\/\/i0.wp.com\/estrategica.com.co\/blog\/wp-content\/uploads\/2009\/01\/patricia_mercado_spot__de_precampana_thumb.png?fit=311%2C202&ssl=1&resize=350%2C200","width":350,"height":200},"classes":[]},{"id":2416,"url":"https:\/\/estrategica.com.co\/blog\/no-votes-por-otra-crisis\/","url_meta":{"origin":2373,"position":4},"title":"No votes por otra crisis","author":"Juliana","date":"febrero 15, 2009","format":false,"excerpt":"[hana-flv-player video=\"\/blog\/wp-content\/uploads\/2009\/01\/mexico\/spot_de_calderon_contra_amlo.flv\" width=\"550\" height=\"\" description=\"No votes por otra crisis\" clickurl=\"\" clicktarget=\"\" player=\"4\" autoplay=\"false\" loop=\"false\" autorewind=\"true\" splashimage=\"\" skin=\"\" \/] [icon color=\"Accent-Color\" size=\"regular\" image=\"steadysets-icon-chat\"] Contexto Spot de publicidad negativa del PAN contra L\u00f3pez Obrador en las elecciones de 2006.\u00a0 El tema hace relaci\u00f3n a los ofrecimientos que hace el candidato y los\u2026","rel":"","context":"En \u00ab2006\u00bb","block_context":{"text":"2006","link":"https:\/\/estrategica.com.co\/blog\/category\/ano\/2006\/"},"img":{"alt_text":"","src":"","width":0,"height":0},"classes":[]},{"id":11958,"url":"https:\/\/estrategica.com.co\/blog\/%c2%bftu-vendes-tu-voto-pan\/","url_meta":{"origin":2373,"position":5},"title":"\u00bfT\u00fa vendes tu voto? &#8211; PAN","author":"Juliana","date":"abril 22, 2009","format":false,"excerpt":"[hana-flv-player video=\"\/blog\/wp-content\/uploads\/2009\/01\/carpeta_muchos_varios\/MexicoPartidoAccionNacional2006.flv\" width=\"550\" height=\"\" description=\"\u00bfT\u00fa vendes tu voto? - PAN\" clickurl=\"\" clicktarget=\"\" player=\"4\" autoplay=\"false\" loop=\"false\" autorewind=\"true\" splashimage=\"\" skin=\"\" \/] [icon color=\"Accent-Color\" size=\"regular\" image=\"steadysets-icon-chat\"] Contexto Spot del PAN durante las elecciones de 2006. La pieza busca, estrat\u00e9gicamente, acusar a los dem\u00e1s partidos de comprar votos y mandar un mensaje subliminal de\u2026","rel":"","context":"En \u00abCampa\u00f1a Presidencial\u00bb","block_context":{"text":"Campa\u00f1a Presidencial","link":"https:\/\/estrategica.com.co\/blog\/category\/temas\/campana-presidencial\/"},"img":{"alt_text":"","src":"","width":0,"height":0},"classes":[]}],"jetpack_sharing_enabled":true,"_links":{"self":[{"href":"https:\/\/estrategica.com.co\/blog\/wp-json\/wp\/v2\/posts\/2373","targetHints":{"allow":["GET"]}}],"collection":[{"href":"https:\/\/estrategica.com.co\/blog\/wp-json\/wp\/v2\/posts"}],"about":[{"href":"https:\/\/estrategica.com.co\/blog\/wp-json\/wp\/v2\/types\/post"}],"author":[{"embeddable":true,"href":"https:\/\/estrategica.com.co\/blog\/wp-json\/wp\/v2\/users\/5"}],"replies":[{"embeddable":true,"href":"https:\/\/estrategica.com.co\/blog\/wp-json\/wp\/v2\/comments?post=2373"}],"version-history":[{"count":7,"href":"https:\/\/estrategica.com.co\/blog\/wp-json\/wp\/v2\/posts\/2373\/revisions"}],"predecessor-version":[{"id":51935,"href":"https:\/\/estrategica.com.co\/blog\/wp-json\/wp\/v2\/posts\/2373\/revisions\/51935"}],"wp:featuredmedia":[{"embeddable":true,"href":"https:\/\/estrategica.com.co\/blog\/wp-json\/wp\/v2\/media\/2374"}],"wp:attachment":[{"href":"https:\/\/estrategica.com.co\/blog\/wp-json\/wp\/v2\/media?parent=2373"}],"wp:term":[{"taxonomy":"category","embeddable":true,"href":"https:\/\/estrategica.com.co\/blog\/wp-json\/wp\/v2\/categories?post=2373"},{"taxonomy":"post_tag","embeddable":true,"href":"https:\/\/estrategica.com.co\/blog\/wp-json\/wp\/v2\/tags?post=2373"}],"curies":[{"name":"wp","href":"https:\/\/api.w.org\/{rel}","templated":true}]}}