{"id":2385,"date":"2009-02-16T02:54:20","date_gmt":"2009-02-16T02:54:20","guid":{"rendered":"http:\/\/estrategica.com.co\/blog\/?p=2385"},"modified":"2015-04-07T14:37:36","modified_gmt":"2015-04-07T19:37:36","slug":"que-hacer-para-salir-a-las-calles-sin-miedo","status":"publish","type":"post","link":"https:\/\/estrategica.com.co\/blog\/que-hacer-para-salir-a-las-calles-sin-miedo\/","title":{"rendered":"Qu\u00e9 hacer para salir a las calles sin miedo"},"content":{"rendered":"<p> <script type='text\/javascript' src='https:\/\/estrategica.com.co\/blog\/wp-content\/plugins\/hana-flv-player\/flowplayer3\/example\/flowplayer-3.2.6.min.js'><\/script>\n<div >\n<div id='hana_flv_flow3_1' style='display:block;width:550px;height:413px;background-color:#555555;color:#ffffff;padding:0' title=\"*Video:qu\u00e9 hacer para salir a las calles sin miedo\"><\/div>\n<\/div>\n\n<script  type='text\/javascript'>\nif (typeof g_hanaFlash !== 'undefined' && !g_hanaFlash){\n    jQuery('#hana_flv_flow3_1').css( 'padding', '5px' );\n\tjQuery('#hana_flv_flow3_1').html(\"<span class='inactive_message' style='display:block'>Sorry, your browser does not support Flash Video Player<\/span> *Video:qu\u00e9 hacer para salir a las calles sin miedo\");\n}else{\t\t\t\n\t\tflowplayer('hana_flv_flow3_1', { src: 'https:\/\/estrategica.com.co\/blog\/wp-content\/plugins\/hana-flv-player\/flowplayer3\/flowplayer-3.2.7.swf', wmode: 'transparent' }, { \n\n\t\t\tcanvas: { backgroundColor: '#000000', backgroundGradient: 'none',},\n    \t\tclip:  { \n    \t\t\turl: '\/blog\/wp-content\/uploads\/2009\/01\/mexico\/Roberto_Madrazo_Comercial.flv',\n        \t\tscaling: 'fit', autoPlay: false, autoBuffering: true \n\t\t\t\t   , onFinish : function () { this.seek(0); }  \n\n\t        }\n\n\t\t});\n}\n<\/script><br \/>\n<\/br><\/p>\n<p>[icon color=\u00bbAccent-Color\u00bb size=\u00bbregular\u00bb image=\u00bbsteadysets-icon-chat\u00bb] <strong>Contexto<\/strong><\/br><\/br><\/p>\n<p style=\"text-align: justify;\">Spot de la campa\u00f1a de Roberto Madrazo, del PRI, para las elecciones de 2006.\u00a0 La estrategia de Madrazo tuvo varias etapas. La primera estaba dirigida al posicionamiento social, en precampa\u00f1a, a trav\u00e9s de posicionamiento de la Fundaci\u00f3n Madrazo. En ese escenario se mostraba como un hombre sensible, deportista y comprometido con los desamparados. La segunda etapa estaba dirigida a presentar sus propuestas y soluciones a los problemas mexicanos. La segunda estrategia fue interrumpida por la guerra sucia que se desat\u00f3 entre los candidatos. Durante el primer debate fue acusado por Roberto Campa, antiguo correligionario y ahora candidato del Partido Nueva Alianza, de no pagar impuestos lo cual le hizo da\u00f1o ante la opini\u00f3n p\u00fablica. Sin embargo supo reaccionar a tiempo y logr\u00f3 ubicarse en el centro entre la derecha de Calder\u00f3n y la izquierda de AMLO. El problema es que trat\u00e1ndose de Madrazo el tema no eran las propuestas sino la mala imagen que ten\u00eda ante la poblaci\u00f3n, estrat\u00e9gicamente eso fue lo que debi\u00f3 ser contrarrestado. Cuando alguien es percibido en forma negativa no importa lo que proponga, nadie lo oye. Roberto Madrazo fue el candidato que tuvo que luchar m\u00e1s contra el lastre que le dej\u00f3 su partido, ya que la gente lo identificaba con la palabra corrupci\u00f3n. La campa\u00f1a no supo entender esa situaci\u00f3n y se concentr\u00f3 en las propuestas sin contrarrestar la verdadera vulnerabilidad de la campa\u00f1a: el negativo del candidato. El slogan \u201cTe va a ir MUY BIEN\u201d no son\u00f3 nunca convincente. Por eso, posiblemente, migr\u00f3 a \u201cRoberto Si Puede\u201d. El spot que vemos muestra la pregunta \u201cQu\u00e9 hacer para salir a las calles sin miedo\u201d y a continuaci\u00f3n explica el programa \u201cCalles Seguras\u201d y cierra con \u201cM\u00e1s empleo. M\u00e1s seguridad\u201d. Un spot preciso y convincente con un formato disciplinado que se convirti\u00f3 en un mensaje m\u00e1s.<\/p><\/p>\n","protected":false},"excerpt":{"rendered":"<p>*Video: qu\u00e9 hacer para salir a las calles sin miedo [icon color=\u00bbAccent-Color\u00bb size=\u00bbregular\u00bb image=\u00bbsteadysets-icon-chat\u00bb] Contexto Spot de la campa\u00f1a de Roberto Madrazo, del PRI, para las elecciones de 2006.\u00a0 La estrategia de Madrazo tuvo varias etapas. La primera estaba dirigida al posicionamiento social, en precampa\u00f1a, a trav\u00e9s de posicionamiento de la Fundaci\u00f3n Madrazo. En ese [&hellip;]<\/p>\n","protected":false},"author":5,"featured_media":2386,"comment_status":"open","ping_status":"open","sticky":false,"template":"","format":"standard","meta":{"_et_pb_use_builder":"","_et_pb_old_content":"","_et_gb_content_width":"","advanced_seo_description":"","jetpack_seo_html_title":"","jetpack_seo_noindex":false,"footnotes":""},"categories":[264,263,57,34,10,201,11,3],"tags":[196,261,260],"class_list":["post-2385","post","type-post","status-publish","format-standard","has-post-thumbnail","hentry","category-264","category-ano","category-campana-presidencial","category-electoral","category-geo","category-mexico","category-temas","category-video","tag-elecciones-2006","tag-pri","tag-roberto-madrazo"],"jetpack_featured_media_url":"https:\/\/i0.wp.com\/estrategica.com.co\/blog\/wp-content\/uploads\/2009\/01\/roberto_madrazo_comercial_thumb.png?fit=301%2C218&ssl=1","jetpack_shortlink":"https:\/\/wp.me\/p4wgsh-Ct","jetpack-related-posts":[{"id":2393,"url":"https:\/\/estrategica.com.co\/blog\/porque-roberto-si-puede\/","url_meta":{"origin":2385,"position":0},"title":"Porque Roberto si puede","author":"Juliana","date":"febrero 16, 2009","format":false,"excerpt":"[hana-flv-player video=\"\/blog\/wp-content\/uploads\/2009\/01\/mexico\/Roberto_Madrazo_Spot.flv\" width=\"550\" height=\"\" description=\"Porque Roberto si puede\" clickurl=\"\" clicktarget=\"\" player=\"4\" autoplay=\"false\" loop=\"false\" autorewind=\"true\" splashimage=\"\" skin=\"\" \/] [icon color=\"Accent-Color\" size=\"regular\" image=\"steadysets-icon-chat\"] Contexto Spot de la campa\u00f1a de Roberto Madrazo, del PRI, para las elecciones de 2006.\u00a0 La estrategia de Madrazo tuvo varias etapas. La primera estaba dirigida al posicionamiento social,\u2026","rel":"","context":"En \u00ab2006\u00bb","block_context":{"text":"2006","link":"https:\/\/estrategica.com.co\/blog\/category\/ano\/2006\/"},"img":{"alt_text":"","src":"https:\/\/i0.wp.com\/estrategica.com.co\/blog\/wp-content\/uploads\/2009\/01\/roberto_madrazo_spot_thumb.png?fit=312%2C253&ssl=1&resize=350%2C200","width":350,"height":200},"classes":[]},{"id":2389,"url":"https:\/\/estrategica.com.co\/blog\/que-hacer-para-crear-9-millones-de-empleos-en-un-sexenio\/","url_meta":{"origin":2385,"position":1},"title":"Qu\u00e9 hacer para crear 9 millones de empleos en un sexenio","author":"Juliana","date":"febrero 16, 2009","format":false,"excerpt":"[hana-flv-player video=\"\/blog\/wp-content\/uploads\/2009\/01\/mexico\/Roberto_Madrazo_Empleos.flv\" width=\"550\" height=\"\" description=\"Qu\u00e9 hacer para crear 9 millones de empleos en un sexenio\" clickurl=\"\" clicktarget=\"\" player=\"4\" autoplay=\"false\" loop=\"false\" autorewind=\"true\" splashimage=\"\" skin=\"\" \/] [icon color=\"Accent-Color\" size=\"regular\" image=\"steadysets-icon-chat\"] Contexto Spot de la campa\u00f1a de Roberto Madrazo, del PRI, para las elecciones de 2006.\u00a0 La estrategia de Madrazo tuvo varias etapas.\u2026","rel":"","context":"En \u00ab2006\u00bb","block_context":{"text":"2006","link":"https:\/\/estrategica.com.co\/blog\/category\/ano\/2006\/"},"img":{"alt_text":"","src":"https:\/\/i0.wp.com\/estrategica.com.co\/blog\/wp-content\/uploads\/2009\/01\/roberto_madrazo_empleos_thumb.png?fit=307%2C240&ssl=1&resize=350%2C200","width":350,"height":200},"classes":[]},{"id":2336,"url":"https:\/\/estrategica.com.co\/blog\/siganse-riendo-que-ya-les-queda-muy-poco-tiempo\/","url_meta":{"origin":2385,"position":2},"title":"S\u00edganse Riendo, Que ya les queda muy poco tiempo","author":"Juliana","date":"febrero 16, 2009","format":false,"excerpt":"[hana-flv-player video=\"\/blog\/wp-content\/uploads\/2009\/01\/mexico\/Madrazo_spot.flv\" width=\"550\" height=\"\" description=\"S\u00edganse Riendo, Que ya les queda muy poco tiempo\" clickurl=\"\" clicktarget=\"\" player=\"4\" autoplay=\"false\" loop=\"false\" autorewind=\"true\" splashimage=\"\" skin=\"\" \/] [icon color=\"Accent-Color\" size=\"regular\" image=\"steadysets-icon-chat\"] Contexto Spot de la campa\u00f1a de Roberto Madrazo, del PRI, para las elecciones de 2006.\u00a0 La estrategia de Madrazo tuvo varias etapas. La primera\u2026","rel":"","context":"En \u00ab2006\u00bb","block_context":{"text":"2006","link":"https:\/\/estrategica.com.co\/blog\/category\/ano\/2006\/"},"img":{"alt_text":"","src":"","width":0,"height":0},"classes":[]},{"id":2426,"url":"https:\/\/estrategica.com.co\/blog\/mas-empleo-mas-seguridad-y-menos-pobreza\/","url_meta":{"origin":2385,"position":3},"title":"M\u00e1s empleo, m\u00e1s seguridad y menos pobreza.","author":"Juliana","date":"febrero 16, 2009","format":false,"excerpt":"[hana-flv-player video=\"\/blog\/wp-content\/uploads\/2009\/01\/mexico\/Spot_Roberto_Madrazo.flv\" width=\"550\" height=\"\" description=\"M\u00e1s empleo, m\u00e1s seguridad y menos pobreza.\" clickurl=\"\" clicktarget=\"\" player=\"4\" autoplay=\"false\" loop=\"false\" autorewind=\"true\" splashimage=\"\" skin=\"\" \/] [icon color=\"Accent-Color\" size=\"regular\" image=\"steadysets-icon-chat\"] Contexto Spot de la campa\u00f1a de Roberto Madrazo, del PRI, para las elecciones de 2006.\u00a0 La estrategia de Madrazo tuvo varias etapas. La primera estaba dirigida\u2026","rel":"","context":"En \u00ab2006\u00bb","block_context":{"text":"2006","link":"https:\/\/estrategica.com.co\/blog\/category\/ano\/2006\/"},"img":{"alt_text":"","src":"","width":0,"height":0},"classes":[]},{"id":11974,"url":"https:\/\/estrategica.com.co\/blog\/mexicoprirobertomadrazo00\/","url_meta":{"origin":2385,"position":4},"title":"Inseguridad &#8211; Madrazo","author":"Juliana","date":"abril 22, 2009","format":false,"excerpt":"[hana-flv-player video=\"\/blog\/wp-content\/uploads\/2009\/01\/carpeta_muchos_varios\/MexicoPRIRobertoMadrazo00.flv\" width=\"550\" height=\"\" description=\"Inseguridad - Madrazo\" clickurl=\"\" clicktarget=\"\" player=\"4\" autoplay=\"false\" loop=\"false\" autorewind=\"true\" splashimage=\"\" skin=\"\" \/] [icon color=\"Accent-Color\" size=\"regular\" image=\"steadysets-icon-chat\"] Contexto Spot de la campa\u00f1a de Roberto Madrazo durante las elecciones internas del Partido Revolucionario Institucional, PRI, para elegir el candidato oficial a la Presidencia de la Rep\u00fablica. El spot\u2026","rel":"","context":"En \u00ab2000\u00bb","block_context":{"text":"2000","link":"https:\/\/estrategica.com.co\/blog\/category\/ano\/2000\/"},"img":{"alt_text":"","src":"https:\/\/i0.wp.com\/estrategica.com.co\/blog\/wp-content\/uploads\/2009\/04\/mexicoprirobertomadrazo00_thumb.png?fit=338%2C241&ssl=1&resize=350%2C200","width":350,"height":200},"classes":[]},{"id":11274,"url":"https:\/\/estrategica.com.co\/blog\/el-titere-de-salinas-madrazo\/","url_meta":{"origin":2385,"position":5},"title":"El t\u00edtere de Salinas &#8211; Madrazo","author":"Juliana","date":"abril 25, 2009","format":false,"excerpt":"[hana-flv-player video=\"\/blog\/wp-content\/uploads\/2009\/01\/carpeta_muchos_varios\/MexicoPRIRobertoMadrazo99a.flv\" width=\"550\" height=\"\" description=\"El t\u00edtere de Salinas - Madrazo\" clickurl=\"\" clicktarget=\"\" player=\"4\" autoplay=\"false\" loop=\"false\" autorewind=\"true\" splashimage=\"\" skin=\"\" \/] [icon color=\"Accent-Color\" size=\"regular\" image=\"steadysets-icon-chat\"] Contexto Spot de la campa\u00f1a de Roberto Madrazo durante las elecciones internas del Partido Revolucionario Institucional, PRI, para elegir el candidato oficial a la Presidencia de la\u2026","rel":"","context":"En \u00abCampa\u00f1a Presidencial\u00bb","block_context":{"text":"Campa\u00f1a Presidencial","link":"https:\/\/estrategica.com.co\/blog\/category\/temas\/campana-presidencial\/"},"img":{"alt_text":"","src":"https:\/\/i0.wp.com\/estrategica.com.co\/blog\/wp-content\/uploads\/2009\/04\/mexicoprirobertomadrazo990_thumb.png?fit=321%2C233&ssl=1&resize=350%2C200","width":350,"height":200},"classes":[]}],"jetpack_sharing_enabled":true,"_links":{"self":[{"href":"https:\/\/estrategica.com.co\/blog\/wp-json\/wp\/v2\/posts\/2385","targetHints":{"allow":["GET"]}}],"collection":[{"href":"https:\/\/estrategica.com.co\/blog\/wp-json\/wp\/v2\/posts"}],"about":[{"href":"https:\/\/estrategica.com.co\/blog\/wp-json\/wp\/v2\/types\/post"}],"author":[{"embeddable":true,"href":"https:\/\/estrategica.com.co\/blog\/wp-json\/wp\/v2\/users\/5"}],"replies":[{"embeddable":true,"href":"https:\/\/estrategica.com.co\/blog\/wp-json\/wp\/v2\/comments?post=2385"}],"version-history":[{"count":7,"href":"https:\/\/estrategica.com.co\/blog\/wp-json\/wp\/v2\/posts\/2385\/revisions"}],"predecessor-version":[{"id":51947,"href":"https:\/\/estrategica.com.co\/blog\/wp-json\/wp\/v2\/posts\/2385\/revisions\/51947"}],"wp:featuredmedia":[{"embeddable":true,"href":"https:\/\/estrategica.com.co\/blog\/wp-json\/wp\/v2\/media\/2386"}],"wp:attachment":[{"href":"https:\/\/estrategica.com.co\/blog\/wp-json\/wp\/v2\/media?parent=2385"}],"wp:term":[{"taxonomy":"category","embeddable":true,"href":"https:\/\/estrategica.com.co\/blog\/wp-json\/wp\/v2\/categories?post=2385"},{"taxonomy":"post_tag","embeddable":true,"href":"https:\/\/estrategica.com.co\/blog\/wp-json\/wp\/v2\/tags?post=2385"}],"curies":[{"name":"wp","href":"https:\/\/api.w.org\/{rel}","templated":true}]}}