{"id":2401,"date":"2009-02-15T20:13:04","date_gmt":"2009-02-15T20:13:04","guid":{"rendered":"http:\/\/estrategica.com.co\/blog\/?p=2401"},"modified":"2015-04-07T14:54:25","modified_gmt":"2015-04-07T19:54:25","slug":"lopez-obrador-miente","status":"publish","type":"post","link":"https:\/\/estrategica.com.co\/blog\/lopez-obrador-miente\/","title":{"rendered":"L\u00f3pez Obrador miente"},"content":{"rendered":"<p> <script type='text\/javascript' src='https:\/\/estrategica.com.co\/blog\/wp-content\/plugins\/hana-flv-player\/flowplayer3\/example\/flowplayer-3.2.6.min.js'><\/script>\n<div >\n<div id='hana_flv_flow3_1' style='display:block;width:550px;height:413px;background-color:#555555;color:#ffffff;padding:0' title=\"*Video:l\u00f3pez obrador miente\"><\/div>\n<\/div>\n\n<script  type='text\/javascript'>\nif (typeof g_hanaFlash !== 'undefined' && !g_hanaFlash){\n    jQuery('#hana_flv_flow3_1').css( 'padding', '5px' );\n\tjQuery('#hana_flv_flow3_1').html(\"<span class='inactive_message' style='display:block'>Sorry, your browser does not support Flash Video Player<\/span> *Video:l\u00f3pez obrador miente\");\n}else{\t\t\t\n\t\tflowplayer('hana_flv_flow3_1', { src: 'https:\/\/estrategica.com.co\/blog\/wp-content\/plugins\/hana-flv-player\/flowplayer3\/flowplayer-3.2.7.swf', wmode: 'transparent' }, { \n\n\t\t\tcanvas: { backgroundColor: '#000000', backgroundGradient: 'none',},\n    \t\tclip:  { \n    \t\t\turl: '\/blog\/wp-content\/uploads\/2009\/01\/mexico\/Spot_Cajas_Vacias_Calderon.flv',\n        \t\tscaling: 'fit', autoPlay: false, autoBuffering: true \n\t\t\t\t   , onFinish : function () { this.seek(0); }  \n\n\t        }\n\n\t\t});\n}\n<\/script><br \/>\n<\/br><\/p>\n<p>[icon color=\u00bbAccent-Color\u00bb size=\u00bbregular\u00bb image=\u00bbsteadysets-icon-chat\u00bb] <strong>Contexto<\/strong><\/br><\/br><\/p>\n<p style=\"text-align: justify;\">Spot de publicidad negativa contra L\u00f3pez Obrador en las elecciones de 2006.\u00a0 El tema hace relaci\u00f3n a la acusaci\u00f3n que L\u00f3pez Obrador lanz\u00f3 a Felipe Calder\u00f3n durante el segundo debate televisivo, all\u00ed dijo: \u00abNada m\u00e1s para decir que voy a entregar un expediente donde el cu\u00f1ado de Felipe, cu\u00f1ado inc\u00f3modo, tiene una empresa que le trabaja al gobierno, que ha recibido contratos precisamente de la secretar\u00eda o, mejor dicho, del sector energ\u00e9tico, cuando Felipe fue secretario. Tuvo ingresos por 2 mil 500 millones de pesos y no pag\u00f3 impuestos. Y eso es lo que queremos que ya no siga pasando\u00bb. Felipe neg\u00f3 en el debate, rotundamente, lo dicho por su contrincante y exigi\u00f3 que lo probara. La campa\u00f1a de AMLO realiz\u00f3 un acto en donde entreg\u00f3 tres cajas de supuestas pruebas que fueron entregadas a un notario que certific\u00f3 que las tres cajas, pr\u00e1cticamente vac\u00edas, conten\u00edan lo mismo: apenas unos cuantos sobres con copias fotost\u00e1ticas. En ninguna de ellas obraba documento o contrato alguno suscrito por Calder\u00f3n. Este episodio sirvi\u00f3 para que la campa\u00f1a del PAN montara este spot en donde se dice que AMLO es un mentiroso.<\/p>\n<p style=\"text-align: justify;\"<\/p>\n","protected":false},"excerpt":{"rendered":"<p>*Video: l\u00f3pez obrador miente [icon color=\u00bbAccent-Color\u00bb size=\u00bbregular\u00bb image=\u00bbsteadysets-icon-chat\u00bb] Contexto Spot de publicidad negativa contra L\u00f3pez Obrador en las elecciones de 2006.\u00a0 El tema hace relaci\u00f3n a la acusaci\u00f3n que L\u00f3pez Obrador lanz\u00f3 a Felipe Calder\u00f3n durante el segundo debate televisivo, all\u00ed dijo: \u00abNada m\u00e1s para decir que voy a entregar un expediente donde el cu\u00f1ado [&hellip;]<\/p>\n","protected":false},"author":5,"featured_media":2402,"comment_status":"open","ping_status":"open","sticky":false,"template":"","format":"standard","meta":{"_et_pb_use_builder":"","_et_pb_old_content":"","_et_gb_content_width":"","advanced_seo_description":"","jetpack_seo_html_title":"","jetpack_seo_noindex":false,"footnotes":""},"categories":[264,263,57,34,10,201,29,11,3],"tags":[258,262,196,259,255,257],"class_list":["post-2401","post","type-post","status-publish","format-standard","has-post-thumbnail","hentry","category-264","category-ano","category-campana-presidencial","category-electoral","category-geo","category-mexico","category-publicidad-negativa","category-temas","category-video","tag-amlo","tag-andres-manuel-lopez-obrador","tag-elecciones-2006","tag-felipe-calderon","tag-pan","tag-prd"],"jetpack_featured_media_url":"https:\/\/i0.wp.com\/estrategica.com.co\/blog\/wp-content\/uploads\/2009\/01\/spot_cajas_vacias_calderon_thumb.png?fit=316%2C228&ssl=1","jetpack_shortlink":"https:\/\/wp.me\/p4wgsh-CJ","jetpack-related-posts":[{"id":15529,"url":"https:\/\/estrategica.com.co\/blog\/rene-bejarano-pan\/","url_meta":{"origin":2401,"position":0},"title":"Rene Bejarano &#8211; PAN","author":"Juliana","date":"junio 17, 2009","format":false,"excerpt":"[hana-flv-player video=\"\/blog\/wp-content\/uploads\/2009\/01\/videos_ultimos\/av253.flv\" width=\"550\" height=\"\" description=\"Rene Bejarano - PAN\" clickurl=\"\" clicktarget=\"\" player=\"4\" autoplay=\"false\" loop=\"false\" autorewind=\"true\" splashimage=\"\" skin=\"\" \/] [icon color=\"Accent-Color\" size=\"regular\" image=\"steadysets-icon-chat\"] Contexto Spot de publicidad negativa contra L\u00f3pez Obrador en las elecciones de 2006. El tema rescata otro spot en donde la escritora Elena Poniatowska defiende la gesti\u00f3n de L\u00f3pez\u2026","rel":"","context":"En \u00abCampa\u00f1a Presidencial\u00bb","block_context":{"text":"Campa\u00f1a Presidencial","link":"https:\/\/estrategica.com.co\/blog\/category\/temas\/campana-presidencial\/"},"img":{"alt_text":"","src":"https:\/\/i0.wp.com\/estrategica.com.co\/blog\/wp-content\/uploads\/2009\/05\/av253_thumb.png?fit=439%2C357&ssl=1&resize=350%2C200","width":350,"height":200},"classes":[]},{"id":11929,"url":"https:\/\/estrategica.com.co\/blog\/mexicopan06\/","url_meta":{"origin":2401,"position":1},"title":"Segundo Piso de L\u00f3pez Obrador &#8211; PAN","author":"Juliana","date":"abril 25, 2009","format":false,"excerpt":"[hana-flv-player video=\"\/blog\/wp-content\/uploads\/2009\/01\/carpeta_muchos_varios\/MexicoPAN06.flv\" width=\"550\" height=\"\" description=\"Segundo Piso de L\u00f3pez Obrador - PAN\" clickurl=\"\" clicktarget=\"\" player=\"4\" autoplay=\"false\" loop=\"false\" autorewind=\"true\" splashimage=\"\" skin=\"\" \/] [icon color=\"Accent-Color\" size=\"regular\" image=\"steadysets-icon-chat\"] Contexto Spot de campa\u00f1a de Felipe Calder\u00f3n a las elecciones de 2006. La estrategia, inicialmente, estuvo dirigida a aumentar el nivel de conocimiento pues era el\u2026","rel":"","context":"En \u00abCampa\u00f1a Presidencial\u00bb","block_context":{"text":"Campa\u00f1a Presidencial","link":"https:\/\/estrategica.com.co\/blog\/category\/temas\/campana-presidencial\/"},"img":{"alt_text":"","src":"","width":0,"height":0},"classes":[]},{"id":14906,"url":"https:\/\/estrategica.com.co\/blog\/un-peligro-para-mexico-calderon\/","url_meta":{"origin":2401,"position":2},"title":"Un Peligro para M\u00e9xico &#8211; Calder\u00f3n","author":"Juliana","date":"mayo 23, 2009","format":false,"excerpt":"[hana-flv-player video=\"\/blog\/wp-content\/uploads\/2009\/01\/videos_ultimos\/av175.flv\" width=\"550\" height=\"\" description=\"Mediador Internacional - Richardson\" clickurl=\"\" clicktarget=\"\" player=\"4\" autoplay=\"false\" loop=\"false\" autorewind=\"true\" splashimage=\"\" skin=\"\" \/] [icon color=\"Accent-Color\" size=\"regular\" image=\"steadysets-icon-chat\"] Contexto Spot de campa\u00f1a de Felipe Calder\u00f3n a las elecciones de 2006. La estrategia, inicialmente, estuvo dirigida a aumentar el nivel de conocimiento pues era el menos conocido de\u2026","rel":"","context":"En \u00abCampa\u00f1a Presidencial\u00bb","block_context":{"text":"Campa\u00f1a Presidencial","link":"https:\/\/estrategica.com.co\/blog\/category\/temas\/campana-presidencial\/"},"img":{"alt_text":"","src":"https:\/\/i0.wp.com\/estrategica.com.co\/blog\/wp-content\/uploads\/2009\/05\/av175_thumb.png?fit=454%2C350&ssl=1&resize=350%2C200","width":350,"height":200},"classes":[]},{"id":7052,"url":"https:\/\/estrategica.com.co\/blog\/empleo-felipe-calderon\/","url_meta":{"origin":2401,"position":3},"title":"Empleo &#8211; Felipe Calder\u00f3n","author":"Juliana","date":"marzo 19, 2009","format":false,"excerpt":"[hana-flv-player video=\"\/blog\/wp-content\/uploads\/2009\/01\/videos_varios_f\/Calderon_Empleo.flv\" width=\"550\" height=\"\" description=\"Empleo - Felipe Calder\u00f3n\" clickurl=\"\" clicktarget=\"\" player=\"4\" autoplay=\"false\" loop=\"false\" autorewind=\"true\" splashimage=\"\" skin=\"\" \/] [icon color=\"Accent-Color\" size=\"regular\" image=\"steadysets-icon-chat\"] Contexto Spot de campa\u00f1a de Felipe Calder\u00f3n a las elecciones de 2006.\u00a0 La estrategia, inicialmente, estuvo dirigida a aumentar el nivel de conocimiento pues era el menos conocido de\u2026","rel":"","context":"En \u00abCampa\u00f1a Presidencial\u00bb","block_context":{"text":"Campa\u00f1a Presidencial","link":"https:\/\/estrategica.com.co\/blog\/category\/temas\/campana-presidencial\/"},"img":{"alt_text":"","src":"https:\/\/i0.wp.com\/estrategica.com.co\/blog\/wp-content\/uploads\/2009\/03\/calderon_empleo_thumb.png?fit=323%2C211&ssl=1&resize=350%2C200","width":350,"height":200},"classes":[]},{"id":2325,"url":"https:\/\/estrategica.com.co\/blog\/la-pobreza-se-combate-con-empleo-fox\/","url_meta":{"origin":2401,"position":4},"title":"La pobreza se combate con empleo &#8211; Felipe Calderon","author":"Juliana","date":"marzo 15, 2009","format":false,"excerpt":"[hana-flv-player video=\"\/blog\/wp-content\/uploads\/2009\/01\/mexico\/FOX_la_pobreza_se_combate_con_empleo.flv\" width=\"550\" height=\"\" description=\"La pobreza se combate con empleo - Felipe Calderon\" clickurl=\"\" clicktarget=\"\" player=\"4\" autoplay=\"false\" loop=\"false\" autorewind=\"true\" splashimage=\"\" skin=\"\" \/] [icon color=\"Accent-Color\" size=\"regular\" image=\"steadysets-icon-chat\"] Contexto Spot de campa\u00f1a de Felipe Calder\u00f3n a las elecciones de 2006.\u00a0 La estrategia, inicialmente, estuvo dirigida a aumentar el nivel de conocimiento pues\u2026","rel":"","context":"En \u00abCampa\u00f1a Presidencial\u00bb","block_context":{"text":"Campa\u00f1a Presidencial","link":"https:\/\/estrategica.com.co\/blog\/category\/temas\/campana-presidencial\/"},"img":{"alt_text":"","src":"","width":0,"height":0},"classes":[]},{"id":2264,"url":"https:\/\/estrategica.com.co\/blog\/cumplir-es-mi-fuerza-futbol\/","url_meta":{"origin":2401,"position":5},"title":"Cumplir es mi Fuerza &#8211; Futbol","author":"Juliana","date":"febrero 15, 2009","format":false,"excerpt":"[hana-flv-player video=\"\/blog\/wp-content\/uploads\/2009\/01\/mexico\/AMLO_Futbol.flv\" width=\"550\" height=\"\" description=\"Cumplir es mi Fuerza - Futbol\" clickurl=\"\" clicktarget=\"\" player=\"4\" autoplay=\"false\" loop=\"false\" autorewind=\"true\" splashimage=\"\" skin=\"\" \/] [icon color=\"Accent-Color\" size=\"regular\" image=\"steadysets-icon-chat\"] Contexto Spot de campa\u00f1a de Andr\u00e9s L\u00f3pez Obrador para las elecciones de 2006. La campa\u00f1a estuvo marcada por la agresividad, la confrontaci\u00f3n ciega y la publicidad negativa.\u2026","rel":"","context":"En \u00ab2006\u00bb","block_context":{"text":"2006","link":"https:\/\/estrategica.com.co\/blog\/category\/ano\/2006\/"},"img":{"alt_text":"","src":"","width":0,"height":0},"classes":[]}],"jetpack_sharing_enabled":true,"_links":{"self":[{"href":"https:\/\/estrategica.com.co\/blog\/wp-json\/wp\/v2\/posts\/2401","targetHints":{"allow":["GET"]}}],"collection":[{"href":"https:\/\/estrategica.com.co\/blog\/wp-json\/wp\/v2\/posts"}],"about":[{"href":"https:\/\/estrategica.com.co\/blog\/wp-json\/wp\/v2\/types\/post"}],"author":[{"embeddable":true,"href":"https:\/\/estrategica.com.co\/blog\/wp-json\/wp\/v2\/users\/5"}],"replies":[{"embeddable":true,"href":"https:\/\/estrategica.com.co\/blog\/wp-json\/wp\/v2\/comments?post=2401"}],"version-history":[{"count":8,"href":"https:\/\/estrategica.com.co\/blog\/wp-json\/wp\/v2\/posts\/2401\/revisions"}],"predecessor-version":[{"id":51959,"href":"https:\/\/estrategica.com.co\/blog\/wp-json\/wp\/v2\/posts\/2401\/revisions\/51959"}],"wp:featuredmedia":[{"embeddable":true,"href":"https:\/\/estrategica.com.co\/blog\/wp-json\/wp\/v2\/media\/2402"}],"wp:attachment":[{"href":"https:\/\/estrategica.com.co\/blog\/wp-json\/wp\/v2\/media?parent=2401"}],"wp:term":[{"taxonomy":"category","embeddable":true,"href":"https:\/\/estrategica.com.co\/blog\/wp-json\/wp\/v2\/categories?post=2401"},{"taxonomy":"post_tag","embeddable":true,"href":"https:\/\/estrategica.com.co\/blog\/wp-json\/wp\/v2\/tags?post=2401"}],"curies":[{"name":"wp","href":"https:\/\/api.w.org\/{rel}","templated":true}]}}