{"id":2405,"date":"2009-02-15T19:57:52","date_gmt":"2009-02-15T19:57:52","guid":{"rendered":"http:\/\/estrategica.com.co\/blog\/?p=2405"},"modified":"2015-04-07T14:56:22","modified_gmt":"2015-04-07T19:56:22","slug":"seguridad-3","status":"publish","type":"post","link":"https:\/\/estrategica.com.co\/blog\/seguridad-3\/","title":{"rendered":"Seguridad"},"content":{"rendered":"<p> <script type='text\/javascript' src='https:\/\/estrategica.com.co\/blog\/wp-content\/plugins\/hana-flv-player\/flowplayer3\/example\/flowplayer-3.2.6.min.js'><\/script>\n<div >\n<div id='hana_flv_flow3_1' style='display:block;width:550px;height:413px;background-color:#555555;color:#ffffff;padding:0' title=\"*Video:seguridad\"><\/div>\n<\/div>\n\n<script  type='text\/javascript'>\nif (typeof g_hanaFlash !== 'undefined' && !g_hanaFlash){\n    jQuery('#hana_flv_flow3_1').css( 'padding', '5px' );\n\tjQuery('#hana_flv_flow3_1').html(\"<span class='inactive_message' style='display:block'>Sorry, your browser does not support Flash Video Player<\/span> *Video:seguridad\");\n}else{\t\t\t\n\t\tflowplayer('hana_flv_flow3_1', { src: 'https:\/\/estrategica.com.co\/blog\/wp-content\/plugins\/hana-flv-player\/flowplayer3\/flowplayer-3.2.7.swf', wmode: 'transparent' }, { \n\n\t\t\tcanvas: { backgroundColor: '#000000', backgroundGradient: 'none',},\n    \t\tclip:  { \n    \t\t\turl: '\/blog\/wp-content\/uploads\/2009\/01\/mexico\/Spot_Campana_Felipe_Calderon.flv',\n        \t\tscaling: 'fit', autoPlay: false, autoBuffering: true \n\t\t\t\t   , onFinish : function () { this.seek(0); }  \n\n\t        }\n\n\t\t});\n}\n<\/script><br \/>\n<\/br><\/p>\n<p>[icon color=\u00bbAccent-Color\u00bb size=\u00bbregular\u00bb image=\u00bbsteadysets-icon-chat\u00bb] <strong>Contexto<\/strong><\/br><\/br><\/p>\n<p style=\"text-align: justify;\">Spot de campa\u00f1a de Felipe Calder\u00f3n a las elecciones de 2006.\u00a0 La estrategia, inicialmente, estuvo dirigida a aumentar el nivel de conocimiento pues era el menos conocido de todos los aspirantes. Eso fue algo bueno porque tuvo la oportunidad de construir su imagen desde cero, sin el lastre de una imagen consolidada, pero cambio de rumbo estrat\u00e9gico a la mitad de la contienda lo que significo un esfuerzo comunicacional adicional. En una segunda etapa, busc\u00f3 deslindarse del gobierno de Fox, sin perder el apoyo del PAN. En esta etapa dejo a un lado el slogan gaseoso de \u201cPara que Vivamos Mejor\u201d y adopt\u00f3 el de \u201cPresidente del Empleo\u201d. El escenario de la campa\u00f1a fue la televisi\u00f3n y ah\u00ed se centraron los esfuerzos de Calder\u00f3n. Sus temas fueron seguridad y empleo. El lenguaje que uso era televisivo, frases cortas y sencillas. La polarizaci\u00f3n que lograron generar contra L\u00f3pez Obrador hizo que mucha gente prefiriera la certeza de que parec\u00eda irradiar de Calder\u00f3n a la incertidumbre de AMLO. Ese fue el \u00e9xito de la publicidad negativa. El spot que vemos hace referencia a la seguridad. El candidato habla con \u00e9nfasis, mostrando a su familia y usando un tono enf\u00e1tico para trasmitir su decisi\u00f3n de combatir el crimen. Se refiere por igual a los narcotraficantes y los rateros, mandando un mensaje a los ciudadanos comunes y corrientes que padecen la inseguridad ciudadana. Al final se cierra con \u201cValor y Pasi\u00f3n por M\u00e9xico\u201d, que ser\u00eda otro de sus conceptos de campa\u00f1a. Ah\u00ed hubo dispersi\u00f3n de mensaje.\u00bb<\/p><\/p>\n","protected":false},"excerpt":{"rendered":"<p>*Video: seguridad [icon color=\u00bbAccent-Color\u00bb size=\u00bbregular\u00bb image=\u00bbsteadysets-icon-chat\u00bb] Contexto Spot de campa\u00f1a de Felipe Calder\u00f3n a las elecciones de 2006.\u00a0 La estrategia, inicialmente, estuvo dirigida a aumentar el nivel de conocimiento pues era el menos conocido de todos los aspirantes. Eso fue algo bueno porque tuvo la oportunidad de construir su imagen desde cero, sin el lastre [&hellip;]<\/p>\n","protected":false},"author":5,"featured_media":2406,"comment_status":"open","ping_status":"open","sticky":false,"template":"","format":"standard","meta":{"_et_pb_use_builder":"","_et_pb_old_content":"","_et_gb_content_width":"","advanced_seo_description":"","jetpack_seo_html_title":"","jetpack_seo_noindex":false,"footnotes":""},"categories":[264,263,57,34,10,201,11,3],"tags":[196,259,255],"class_list":["post-2405","post","type-post","status-publish","format-standard","has-post-thumbnail","hentry","category-264","category-ano","category-campana-presidencial","category-electoral","category-geo","category-mexico","category-temas","category-video","tag-elecciones-2006","tag-felipe-calderon","tag-pan"],"jetpack_featured_media_url":"https:\/\/i0.wp.com\/estrategica.com.co\/blog\/wp-content\/uploads\/2009\/01\/spot_campana_felipe_calderon_thumb.png?fit=312%2C164&ssl=1","jetpack_shortlink":"https:\/\/wp.me\/p4wgsh-CN","jetpack-related-posts":[{"id":2325,"url":"https:\/\/estrategica.com.co\/blog\/la-pobreza-se-combate-con-empleo-fox\/","url_meta":{"origin":2405,"position":0},"title":"La pobreza se combate con empleo &#8211; Felipe Calderon","author":"Juliana","date":"marzo 15, 2009","format":false,"excerpt":"[hana-flv-player video=\"\/blog\/wp-content\/uploads\/2009\/01\/mexico\/FOX_la_pobreza_se_combate_con_empleo.flv\" width=\"550\" height=\"\" description=\"La pobreza se combate con empleo - Felipe Calderon\" clickurl=\"\" clicktarget=\"\" player=\"4\" autoplay=\"false\" loop=\"false\" autorewind=\"true\" splashimage=\"\" skin=\"\" \/] [icon color=\"Accent-Color\" size=\"regular\" image=\"steadysets-icon-chat\"] Contexto Spot de campa\u00f1a de Felipe Calder\u00f3n a las elecciones de 2006.\u00a0 La estrategia, inicialmente, estuvo dirigida a aumentar el nivel de conocimiento pues\u2026","rel":"","context":"En \u00abCampa\u00f1a Presidencial\u00bb","block_context":{"text":"Campa\u00f1a Presidencial","link":"https:\/\/estrategica.com.co\/blog\/category\/temas\/campana-presidencial\/"},"img":{"alt_text":"","src":"","width":0,"height":0},"classes":[]},{"id":7052,"url":"https:\/\/estrategica.com.co\/blog\/empleo-felipe-calderon\/","url_meta":{"origin":2405,"position":1},"title":"Empleo &#8211; Felipe Calder\u00f3n","author":"Juliana","date":"marzo 19, 2009","format":false,"excerpt":"[hana-flv-player video=\"\/blog\/wp-content\/uploads\/2009\/01\/videos_varios_f\/Calderon_Empleo.flv\" width=\"550\" height=\"\" description=\"Empleo - Felipe Calder\u00f3n\" clickurl=\"\" clicktarget=\"\" player=\"4\" autoplay=\"false\" loop=\"false\" autorewind=\"true\" splashimage=\"\" skin=\"\" \/] [icon color=\"Accent-Color\" size=\"regular\" image=\"steadysets-icon-chat\"] Contexto Spot de campa\u00f1a de Felipe Calder\u00f3n a las elecciones de 2006.\u00a0 La estrategia, inicialmente, estuvo dirigida a aumentar el nivel de conocimiento pues era el menos conocido de\u2026","rel":"","context":"En \u00abCampa\u00f1a Presidencial\u00bb","block_context":{"text":"Campa\u00f1a Presidencial","link":"https:\/\/estrategica.com.co\/blog\/category\/temas\/campana-presidencial\/"},"img":{"alt_text":"","src":"https:\/\/i0.wp.com\/estrategica.com.co\/blog\/wp-content\/uploads\/2009\/03\/calderon_empleo_thumb.png?fit=323%2C211&ssl=1&resize=350%2C200","width":350,"height":200},"classes":[]},{"id":14906,"url":"https:\/\/estrategica.com.co\/blog\/un-peligro-para-mexico-calderon\/","url_meta":{"origin":2405,"position":2},"title":"Un Peligro para M\u00e9xico &#8211; Calder\u00f3n","author":"Juliana","date":"mayo 23, 2009","format":false,"excerpt":"[hana-flv-player video=\"\/blog\/wp-content\/uploads\/2009\/01\/videos_ultimos\/av175.flv\" width=\"550\" height=\"\" description=\"Mediador Internacional - Richardson\" clickurl=\"\" clicktarget=\"\" player=\"4\" autoplay=\"false\" loop=\"false\" autorewind=\"true\" splashimage=\"\" skin=\"\" \/] [icon color=\"Accent-Color\" size=\"regular\" image=\"steadysets-icon-chat\"] Contexto Spot de campa\u00f1a de Felipe Calder\u00f3n a las elecciones de 2006. La estrategia, inicialmente, estuvo dirigida a aumentar el nivel de conocimiento pues era el menos conocido de\u2026","rel":"","context":"En \u00abCampa\u00f1a Presidencial\u00bb","block_context":{"text":"Campa\u00f1a Presidencial","link":"https:\/\/estrategica.com.co\/blog\/category\/temas\/campana-presidencial\/"},"img":{"alt_text":"","src":"https:\/\/i0.wp.com\/estrategica.com.co\/blog\/wp-content\/uploads\/2009\/05\/av175_thumb.png?fit=454%2C350&ssl=1&resize=350%2C200","width":350,"height":200},"classes":[]},{"id":11942,"url":"https:\/\/estrategica.com.co\/blog\/guarderias-y-seguridad-calderon\/","url_meta":{"origin":2405,"position":3},"title":"Guarderias y Seguridad &#8211; Calder\u00f3n","author":"Juliana","date":"abril 24, 2009","format":false,"excerpt":"[hana-flv-player video=\"\/blog\/wp-content\/uploads\/2009\/01\/carpeta_muchos_varios\/MexicoPANFelipeCalderon07.flv\" width=\"550\" height=\"\" description=\"Guarderias y Seguridad - Calder\u00f3n\" clickurl=\"\" clicktarget=\"\" player=\"4\" autoplay=\"false\" loop=\"false\" autorewind=\"true\" splashimage=\"\" skin=\"\" \/] [icon color=\"Accent-Color\" size=\"regular\" image=\"steadysets-icon-chat\"] Contexto Spot de campa\u00f1a de Felipe Calder\u00f3n a las elecciones de 2006. La estrategia, inicialmente, estuvo dirigida a aumentar el nivel de conocimiento pues era el menos conocido\u2026","rel":"","context":"En \u00abCampa\u00f1a Presidencial\u00bb","block_context":{"text":"Campa\u00f1a Presidencial","link":"https:\/\/estrategica.com.co\/blog\/category\/temas\/campana-presidencial\/"},"img":{"alt_text":"","src":"https:\/\/i0.wp.com\/estrategica.com.co\/blog\/wp-content\/uploads\/2009\/04\/mexicopanfelipecalderon07_thumb1.png?fit=325%2C249&ssl=1&resize=350%2C200","width":350,"height":200},"classes":[]},{"id":11933,"url":"https:\/\/estrategica.com.co\/blog\/mano-firme-calderon\/","url_meta":{"origin":2405,"position":4},"title":"Mano Firme &#8211; Calder\u00f3n","author":"Juliana","date":"abril 24, 2009","format":false,"excerpt":"[hana-flv-player video=\"\/blog\/wp-content\/uploads\/2009\/01\/carpeta_muchos_varios\/MexicoPANFelipeCalderon06.flv\" width=\"550\" height=\"\" description=\"Mano Firme - Calder\u00f3n\" clickurl=\"\" clicktarget=\"\" player=\"4\" autoplay=\"false\" loop=\"false\" autorewind=\"true\" splashimage=\"\" skin=\"\" \/] [icon color=\"Accent-Color\" size=\"regular\" image=\"steadysets-icon-chat\"] Contexto Spot de campa\u00f1a de Felipe Calder\u00f3n a las elecciones de 2006. La estrategia, inicialmente, estuvo dirigida a aumentar el nivel de conocimiento pues era el menos conocido de\u2026","rel":"","context":"En \u00abCampa\u00f1a Presidencial\u00bb","block_context":{"text":"Campa\u00f1a Presidencial","link":"https:\/\/estrategica.com.co\/blog\/category\/temas\/campana-presidencial\/"},"img":{"alt_text":"","src":"https:\/\/i0.wp.com\/estrategica.com.co\/blog\/wp-content\/uploads\/2009\/04\/mexicopanfelipecalderon06_thumb.png?fit=241%2C213&ssl=1&resize=350%2C200","width":350,"height":200},"classes":[]},{"id":10931,"url":"https:\/\/estrategica.com.co\/blog\/jovenes-calderon\/","url_meta":{"origin":2405,"position":5},"title":"J\u00f3venes &#8211; Calder\u00f3n","author":"Juliana","date":"abril 17, 2009","format":false,"excerpt":"[hana-flv-player video=\"\/blog\/wp-content\/uploads\/2009\/01\/carpeta_muchos_varios\/MexicoPANFelipeCalderon071.flv\" width=\"550\" height=\"\" description=\"J\u00f3venes - Calder\u00f3n\" clickurl=\"\" clicktarget=\"\" player=\"4\" autoplay=\"false\" loop=\"false\" autorewind=\"true\" splashimage=\"\" skin=\"\" \/] [icon color=\"Accent-Color\" size=\"regular\" image=\"steadysets-icon-chat\"] Contexto Spot de campa\u00f1a de Felipe Calder\u00f3n a las elecciones de 2006. La estrategia, inicialmente, estuvo dirigida a aumentar el nivel de conocimiento pues era el menos conocido de todos\u2026","rel":"","context":"En \u00abCampa\u00f1a Presidencial\u00bb","block_context":{"text":"Campa\u00f1a Presidencial","link":"https:\/\/estrategica.com.co\/blog\/category\/temas\/campana-presidencial\/"},"img":{"alt_text":"","src":"https:\/\/i0.wp.com\/estrategica.com.co\/blog\/wp-content\/uploads\/2009\/04\/mexicopanfelipecalderon07_0_thumb.png?fit=326%2C230&ssl=1&resize=350%2C200","width":350,"height":200},"classes":[]}],"jetpack_sharing_enabled":true,"_links":{"self":[{"href":"https:\/\/estrategica.com.co\/blog\/wp-json\/wp\/v2\/posts\/2405","targetHints":{"allow":["GET"]}}],"collection":[{"href":"https:\/\/estrategica.com.co\/blog\/wp-json\/wp\/v2\/posts"}],"about":[{"href":"https:\/\/estrategica.com.co\/blog\/wp-json\/wp\/v2\/types\/post"}],"author":[{"embeddable":true,"href":"https:\/\/estrategica.com.co\/blog\/wp-json\/wp\/v2\/users\/5"}],"replies":[{"embeddable":true,"href":"https:\/\/estrategica.com.co\/blog\/wp-json\/wp\/v2\/comments?post=2405"}],"version-history":[{"count":8,"href":"https:\/\/estrategica.com.co\/blog\/wp-json\/wp\/v2\/posts\/2405\/revisions"}],"predecessor-version":[{"id":51961,"href":"https:\/\/estrategica.com.co\/blog\/wp-json\/wp\/v2\/posts\/2405\/revisions\/51961"}],"wp:featuredmedia":[{"embeddable":true,"href":"https:\/\/estrategica.com.co\/blog\/wp-json\/wp\/v2\/media\/2406"}],"wp:attachment":[{"href":"https:\/\/estrategica.com.co\/blog\/wp-json\/wp\/v2\/media?parent=2405"}],"wp:term":[{"taxonomy":"category","embeddable":true,"href":"https:\/\/estrategica.com.co\/blog\/wp-json\/wp\/v2\/categories?post=2405"},{"taxonomy":"post_tag","embeddable":true,"href":"https:\/\/estrategica.com.co\/blog\/wp-json\/wp\/v2\/tags?post=2405"}],"curies":[{"name":"wp","href":"https:\/\/api.w.org\/{rel}","templated":true}]}}