{"id":24133,"date":"2010-10-19T23:44:29","date_gmt":"2010-10-19T23:44:29","guid":{"rendered":"http:\/\/estrategica.com.co\/blog\/?p=24133"},"modified":"2015-04-06T11:11:26","modified_gmt":"2015-04-06T16:11:26","slug":"ensamblaje-right-to-play","status":"publish","type":"post","link":"https:\/\/estrategica.com.co\/blog\/ensamblaje-right-to-play\/","title":{"rendered":"Ensamblaje &#8211; Right To Play"},"content":{"rendered":"<p> <script type='text\/javascript' src='https:\/\/estrategica.com.co\/blog\/wp-content\/plugins\/hana-flv-player\/flowplayer3\/example\/flowplayer-3.2.6.min.js'><\/script>\n<div >\n<div id='hana_flv_flow3_1' style='display:block;width:550px;height:413px;background-color:#555555;color:#ffffff;padding:0' title=\"*Video:ensamblaje - right to play\"><\/div>\n<\/div>\n\n<script  type='text\/javascript'>\nif (typeof g_hanaFlash !== 'undefined' && !g_hanaFlash){\n    jQuery('#hana_flv_flow3_1').css( 'padding', '5px' );\n\tjQuery('#hana_flv_flow3_1').html(\"<span class='inactive_message' style='display:block'>Sorry, your browser does not support Flash Video Player<\/span> *Video:ensamblaje - right to play\");\n}else{\t\t\t\n\t\tflowplayer('hana_flv_flow3_1', { src: 'https:\/\/estrategica.com.co\/blog\/wp-content\/plugins\/hana-flv-player\/flowplayer3\/flowplayer-3.2.7.swf', wmode: 'transparent' }, { \n\n\t\t\tcanvas: { backgroundColor: '#000000', backgroundGradient: 'none',},\n    \t\tclip:  { \n    \t\t\turl: '\/blog\/wp-content\/uploads\/2009\/01\/20100708\/RightTolayquotAssemblymov.flv',\n        \t\tscaling: 'fit', autoPlay: false, autoBuffering: true \n\t\t\t\t   , onFinish : function () { this.seek(0); }  \n\n\t        }\n\n\t\t});\n}\n<\/script><br \/>\n<\/br><\/p>\n<p>[icon color=\u00bbAccent-Color\u00bb size=\u00bbregular\u00bb image=\u00bbsteadysets-icon-chat\u00bb] <strong>Contexto<\/strong><\/br><\/br><\/p>\n<p style=\"text-align: justify;\">Spot de la Fundaci\u00f3n Right To Play en el a\u00f1o 2009, con el fin de posicionar la problem\u00e1tica de los ni\u00f1os a los que la guerra les quita su ni\u00f1ez. La fundaci\u00f3n trabaja para que los ni\u00f1os de las zonas mas desfavorecidas de la tierra utilicen su ni\u00f1ez para jugar, formarse y desarrollarse en paz.<\/p><\/p>\n","protected":false},"excerpt":{"rendered":"<p>*Video: ensamblaje &#8211; right to play [icon color=\u00bbAccent-Color\u00bb size=\u00bbregular\u00bb image=\u00bbsteadysets-icon-chat\u00bb] Contexto Spot de la Fundaci\u00f3n Right To Play en el a\u00f1o 2009, con el fin de posicionar la problem\u00e1tica de los ni\u00f1os a los que la guerra les quita su ni\u00f1ez. La fundaci\u00f3n trabaja para que los ni\u00f1os de las zonas mas desfavorecidas de la [&hellip;]<\/p>\n","protected":false},"author":5,"featured_media":24134,"comment_status":"open","ping_status":"open","sticky":false,"template":"","format":"standard","meta":{"_et_pb_use_builder":"","_et_pb_old_content":"","_et_gb_content_width":"","advanced_seo_description":"","jetpack_seo_html_title":"","jetpack_seo_noindex":false,"footnotes":""},"categories":[322,263,27,64,10,35,11,3],"tags":[414,813],"class_list":["post-24133","post","type-post","status-publish","format-standard","has-post-thumbnail","hentry","category-322","category-ano","category-divulgacion-politica","category-estados-unidos","category-geo","category-mensaje-politico","category-temas","category-video","tag-ninos","tag-right-to-play"],"jetpack_featured_media_url":"https:\/\/i0.wp.com\/estrategica.com.co\/blog\/wp-content\/uploads\/2010\/07\/RightTolayquotAssemblymov_thumb.png?fit=525%2C358&ssl=1","jetpack_shortlink":"https:\/\/wp.me\/p4wgsh-6hf","jetpack-related-posts":[{"id":24136,"url":"https:\/\/estrategica.com.co\/blog\/juguete-right-to-play\/","url_meta":{"origin":24133,"position":0},"title":"Juguete &#8211; Right To Play","author":"Juliana","date":"octubre 19, 2010","format":false,"excerpt":"[hana-flv-player video=\"\/blog\/wp-content\/uploads\/2009\/01\/20100708\/RightToPlayToy.flv\" width=\"550\" height=\"\" description=\"Juguete - Right To Play\" clickurl=\"\" clicktarget=\"\" player=\"4\" autoplay=\"false\" loop=\"false\" autorewind=\"true\" splashimage=\"\" skin=\"\" \/] [icon color=\"Accent-Color\" size=\"regular\" image=\"steadysets-icon-chat\"] Contexto Spot de la Fundaci\u00f3n Right To Play en el a\u00f1o 2009, con el fin de posicionar la problem\u00e1tica de los ni\u00f1os a los que la guerra les\u2026","rel":"","context":"En \u00ab2010\u00bb","block_context":{"text":"2010","link":"https:\/\/estrategica.com.co\/blog\/category\/ano\/2010\/"},"img":{"alt_text":"","src":"https:\/\/i0.wp.com\/estrategica.com.co\/blog\/wp-content\/uploads\/2010\/07\/RightToPlayToy_thumb.png?fit=561%2C364&ssl=1&resize=350%2C200","width":350,"height":200},"classes":[]},{"id":23981,"url":"https:\/\/estrategica.com.co\/blog\/parto-fundacion-integrar\/","url_meta":{"origin":24133,"position":1},"title":"Parto &#8211; Fundaci\u00f3n Integrar","author":"Juliana","date":"noviembre 17, 2010","format":false,"excerpt":"[hana-flv-player video=\"\/blog\/wp-content\/uploads\/2009\/01\/20100708\/PARTO.flv\" width=\"550\" height=\"\" description=\"Parto - Fundaci\u00f3n Integrar\" clickurl=\"\" clicktarget=\"\" player=\"4\" autoplay=\"false\" loop=\"false\" autorewind=\"true\" splashimage=\"\" skin=\"\" \/] [icon color=\"Accent-Color\" size=\"regular\" image=\"steadysets-icon-chat\"] Contexto Spot de la Fundaci\u00f3n Integrar en Ecuador, en el a\u00f1o 2007, para concientizar a la poblaci\u00f3n de la importancia de pasar tiempo con los hijos. La pieza es\u2026","rel":"","context":"En \u00ab2007\u00bb","block_context":{"text":"2007","link":"https:\/\/estrategica.com.co\/blog\/category\/ano\/2007\/"},"img":{"alt_text":"","src":"https:\/\/i0.wp.com\/estrategica.com.co\/blog\/wp-content\/uploads\/2010\/07\/PARTO_thumb.png?fit=561%2C457&ssl=1&resize=350%2C200","width":350,"height":200},"classes":[]},{"id":23604,"url":"https:\/\/estrategica.com.co\/blog\/cambia-la-vida-heal\/","url_meta":{"origin":24133,"position":2},"title":"Cambia la Vida &#8211; HEAL","author":"Juliana","date":"noviembre 30, 2010","format":false,"excerpt":"[hana-flv-player video=\"\/blog\/wp-content\/uploads\/2009\/01\/20100708\/HealCharityChangingaifeiseasy.flv\" width=\"550\" height=\"\" description=\"Cambia la Vida - HEAL\" clickurl=\"\" clicktarget=\"\" player=\"4\" autoplay=\"false\" loop=\"false\" autorewind=\"true\" splashimage=\"\" skin=\"\" \/] [icon color=\"Accent-Color\" size=\"regular\" image=\"steadysets-icon-chat\"] Contexto Spot de la Fundaci\u00f3n Inglesa HEAL, en el a\u00f1o 2010, con el fin de promocionar su actividad en la India. La fundaci\u00f3n trabaja en beneficio de los\u2026","rel":"","context":"En \u00ab2010\u00bb","block_context":{"text":"2010","link":"https:\/\/estrategica.com.co\/blog\/category\/ano\/2010\/"},"img":{"alt_text":"","src":"https:\/\/i0.wp.com\/estrategica.com.co\/blog\/wp-content\/uploads\/2010\/07\/HealCharityChangingaifeiseasy_thumb.png?fit=484%2C431&ssl=1&resize=350%2C200","width":350,"height":200},"classes":[]},{"id":8972,"url":"https:\/\/estrategica.com.co\/blog\/cambiando-el-mundo-bush\/","url_meta":{"origin":24133,"position":3},"title":"Cambiando el Mundo &#8211; Bush","author":"Juliana","date":"mayo 3, 2009","format":false,"excerpt":"[hana-flv-player video=\"\/blog\/wp-content\/uploads\/2009\/01\/ChangignWorldBush04.flv\" width=\"550\" height=\"\" description=\"Cambiando el Mundo - Bush\" clickurl=\"\" clicktarget=\"\" player=\"4\" autoplay=\"false\" loop=\"false\" autorewind=\"true\" splashimage=\"\" skin=\"\" \/] [icon color=\"Accent-Color\" size=\"regular\" image=\"steadysets-icon-chat\"] Contexto La campa\u00f1a a la Presidencia de los Estados Unidos en el a\u00f1o 2004 estuvo marcada por la guerra contra el terrorismo que hab\u00eda emprendido la administraci\u00f3n de\u2026","rel":"","context":"En \u00abCampa\u00f1a Presidencial\u00bb","block_context":{"text":"Campa\u00f1a Presidencial","link":"https:\/\/estrategica.com.co\/blog\/category\/temas\/campana-presidencial\/"},"img":{"alt_text":"","src":"","width":0,"height":0},"classes":[]},{"id":23744,"url":"https:\/\/estrategica.com.co\/blog\/ninos-medicos-sin-fronteras\/","url_meta":{"origin":24133,"position":4},"title":"Ni\u00f1os &#8211; M\u00e9dicos sin Fronteras","author":"Juliana","date":"noviembre 25, 2010","format":false,"excerpt":"[hana-flv-player video=\"\/blog\/wp-content\/uploads\/2009\/01\/20100708\/MedecinssansFrontiersquoChildrenquot.flv\" width=\"550\" height=\"\" description=\"Ni\u00f1os - M\u00e9dicos sin Fronteras\" clickurl=\"\" clicktarget=\"\" player=\"4\" autoplay=\"false\" loop=\"false\" autorewind=\"true\" splashimage=\"\" skin=\"\" \/] [icon color=\"Accent-Color\" size=\"regular\" image=\"steadysets-icon-chat\"] Contexto Spot de \u00a0M\u00e9dicos sin Fronteras Austria, en el a\u00f1o 2008, en la cual se promociona la actividad de la organizaci\u00f3n a trav\u00e9s de una pieza que a\u2026","rel":"","context":"En \u00ab2008\u00bb","block_context":{"text":"2008","link":"https:\/\/estrategica.com.co\/blog\/category\/ano\/2008\/"},"img":{"alt_text":"","src":"https:\/\/i0.wp.com\/estrategica.com.co\/blog\/wp-content\/uploads\/2010\/07\/MedecinssansFrontiersquoChildrenquot_thumb.png?fit=534%2C328&ssl=1&resize=350%2C200","width":350,"height":200},"classes":[]},{"id":23753,"url":"https:\/\/estrategica.com.co\/blog\/una-botella-futuro-fundacion-altius\/","url_meta":{"origin":24133,"position":5},"title":"Una Botella, Un Futuro &#8211; Fundaci\u00f3n ALTIUS","author":"Juliana","date":"noviembre 17, 2010","format":false,"excerpt":"[hana-flv-player video=\"\/blog\/wp-content\/uploads\/2009\/01\/20100708\/MensajeenunabotellaFundacinAltius.flv\" width=\"550\" height=\"\" description=\"Una Botella, Un Futuro - Fundaci\u00f3n ALTIUS\" clickurl=\"\" clicktarget=\"\" player=\"4\" autoplay=\"false\" loop=\"false\" autorewind=\"true\" splashimage=\"\" skin=\"\" \/] [icon color=\"Accent-Color\" size=\"regular\" image=\"steadysets-icon-chat\"] Contexto Video de la Fundaci\u00f3n Altius en el a\u00f1o 2009 con el fin de presentar la iniciativa de 1 botella, 1 futuro, con el cual 1\u2026","rel":"","context":"En \u00ab2009\u00bb","block_context":{"text":"2009","link":"https:\/\/estrategica.com.co\/blog\/category\/ano\/2009\/"},"img":{"alt_text":"","src":"https:\/\/i0.wp.com\/estrategica.com.co\/blog\/wp-content\/uploads\/2010\/07\/MensajeenunabotellaFundacinAltius_thumb.png?fit=541%2C403&ssl=1&resize=350%2C200","width":350,"height":200},"classes":[]}],"jetpack_sharing_enabled":true,"_links":{"self":[{"href":"https:\/\/estrategica.com.co\/blog\/wp-json\/wp\/v2\/posts\/24133","targetHints":{"allow":["GET"]}}],"collection":[{"href":"https:\/\/estrategica.com.co\/blog\/wp-json\/wp\/v2\/posts"}],"about":[{"href":"https:\/\/estrategica.com.co\/blog\/wp-json\/wp\/v2\/types\/post"}],"author":[{"embeddable":true,"href":"https:\/\/estrategica.com.co\/blog\/wp-json\/wp\/v2\/users\/5"}],"replies":[{"embeddable":true,"href":"https:\/\/estrategica.com.co\/blog\/wp-json\/wp\/v2\/comments?post=24133"}],"version-history":[{"count":4,"href":"https:\/\/estrategica.com.co\/blog\/wp-json\/wp\/v2\/posts\/24133\/revisions"}],"predecessor-version":[{"id":51581,"href":"https:\/\/estrategica.com.co\/blog\/wp-json\/wp\/v2\/posts\/24133\/revisions\/51581"}],"wp:featuredmedia":[{"embeddable":true,"href":"https:\/\/estrategica.com.co\/blog\/wp-json\/wp\/v2\/media\/24134"}],"wp:attachment":[{"href":"https:\/\/estrategica.com.co\/blog\/wp-json\/wp\/v2\/media?parent=24133"}],"wp:term":[{"taxonomy":"category","embeddable":true,"href":"https:\/\/estrategica.com.co\/blog\/wp-json\/wp\/v2\/categories?post=24133"},{"taxonomy":"post_tag","embeddable":true,"href":"https:\/\/estrategica.com.co\/blog\/wp-json\/wp\/v2\/tags?post=24133"}],"curies":[{"name":"wp","href":"https:\/\/api.w.org\/{rel}","templated":true}]}}