{"id":24256,"date":"2010-09-22T22:30:04","date_gmt":"2010-09-22T22:30:04","guid":{"rendered":"http:\/\/estrategica.com.co\/blog\/?p=24256"},"modified":"2015-04-06T14:22:17","modified_gmt":"2015-04-06T19:22:17","slug":"orgullo-pepe-aguilar-mejia","status":"publish","type":"post","link":"https:\/\/estrategica.com.co\/blog\/orgullo-pepe-aguilar-mejia\/","title":{"rendered":"Orgullo &#8211; Pepe Aguilar &#8211; Mejia"},"content":{"rendered":"<p> <script type='text\/javascript' src='https:\/\/estrategica.com.co\/blog\/wp-content\/plugins\/hana-flv-player\/flowplayer3\/example\/flowplayer-3.2.6.min.js'><\/script>\n<div >\n<div id='hana_flv_flow3_1' style='display:block;width:550px;height:413px;background-color:#555555;color:#ffffff;padding:0' title=\"*Video:orgullo - pepe aguilar - mejia\"><\/div>\n<\/div>\n\n<script  type='text\/javascript'>\nif (typeof g_hanaFlash !== 'undefined' && !g_hanaFlash){\n    jQuery('#hana_flv_flow3_1').css( 'padding', '5px' );\n\tjQuery('#hana_flv_flow3_1').html(\"<span class='inactive_message' style='display:block'>Sorry, your browser does not support Flash Video Player<\/span> *Video:orgullo - pepe aguilar - mejia\");\n}else{\t\t\t\n\t\tflowplayer('hana_flv_flow3_1', { src: 'https:\/\/estrategica.com.co\/blog\/wp-content\/plugins\/hana-flv-player\/flowplayer3\/flowplayer-3.2.7.swf', wmode: 'transparent' }, { \n\n\t\t\tcanvas: { backgroundColor: '#000000', backgroundGradient: 'none',},\n    \t\tclip:  { \n    \t\t\turl: '\/blog\/wp-content\/uploads\/2009\/01\/20100708\/SpotAMHPepeAguilarZacatecano.flv.flv',\n        \t\tscaling: 'fit', autoPlay: false, autoBuffering: true \n\t\t\t\t   , onFinish : function () { this.seek(0); }  \n\n\t        }\n\n\t\t});\n}\n<\/script><br \/>\n<\/br><\/p>\n<p>[icon color=\u00bbAccent-Color\u00bb size=\u00bbregular\u00bb image=\u00bbsteadysets-icon-chat\u00bb] <strong>Contexto<\/strong><\/br><\/br><\/p>\n<p style=\"text-align: justify;\">Spot de la Campa\u00f1a de Antonio Mej\u00eda Haro a la Gobernaci\u00f3n de     Zacatecas, durante la contienda electoral de 2010 a nombre del PRD. La     grafica de la campa\u00f1a es osada al utilizar un dibujo con el rostro del     candidato, lo cual funciona cuando existe un alto nivel de   conocimiento   sobre el semblante del candidato.\u00a0 Al final el PRD  quedo   en segundo  lugar, siendo derrotado por el candidato del PRI.<\/p><\/p>\n","protected":false},"excerpt":{"rendered":"<p>*Video: orgullo &#8211; pepe aguilar &#8211; mejia [icon color=\u00bbAccent-Color\u00bb size=\u00bbregular\u00bb image=\u00bbsteadysets-icon-chat\u00bb] Contexto Spot de la Campa\u00f1a de Antonio Mej\u00eda Haro a la Gobernaci\u00f3n de Zacatecas, durante la contienda electoral de 2010 a nombre del PRD. La grafica de la campa\u00f1a es osada al utilizar un dibujo con el rostro del candidato, lo cual funciona cuando [&hellip;]<\/p>\n","protected":false},"author":5,"featured_media":24257,"comment_status":"open","ping_status":"open","sticky":false,"template":"","format":"standard","meta":{"_et_pb_use_builder":"","_et_pb_old_content":"","_et_gb_content_width":"","advanced_seo_description":"","jetpack_seo_html_title":"","jetpack_seo_noindex":false,"footnotes":""},"categories":[687,263,59,34,10,201,11,3],"tags":[768,684,257],"class_list":["post-24256","post","type-post","status-publish","format-standard","has-post-thumbnail","hentry","category-687","category-ano","category-campana-uninominal","category-electoral","category-geo","category-mexico","category-temas","category-video","tag-antonio-mejia-haro","tag-elecciones-2010","tag-prd"],"jetpack_featured_media_url":"https:\/\/i0.wp.com\/estrategica.com.co\/blog\/wp-content\/uploads\/2010\/07\/SpotAMHPepeAguilarZacatecano.flv_thumb1.png?fit=537%2C401&ssl=1","jetpack_shortlink":"https:\/\/wp.me\/p4wgsh-6je","jetpack-related-posts":[{"id":24253,"url":"https:\/\/estrategica.com.co\/blog\/pepe-aguilar-educacion-mejia\/","url_meta":{"origin":24256,"position":0},"title":"Pepe Aguilar &#8211; Educaci\u00f3n &#8211; Mejia","author":"Juliana","date":"septiembre 18, 2010","format":false,"excerpt":"[hana-flv-player video=\"\/blog\/wp-content\/uploads\/2009\/01\/20100708\/SpotAMHPepeAguilarEducacin.flv.flv\" width=\"550\" height=\"\" description=\"Pepe Aguilar - Educaci\u00f3n - Mejia\" clickurl=\"\" clicktarget=\"\" player=\"4\" autoplay=\"false\" loop=\"false\" autorewind=\"true\" splashimage=\"\" skin=\"\" \/] [icon color=\"Accent-Color\" size=\"regular\" image=\"steadysets-icon-chat\"] Contexto Spot de la Campa\u00f1a de Antonio Mej\u00eda Haro a la Gobernaci\u00f3n de Zacatecas, durante la contienda electoral de 2010 a nombre del PRD. La grafica de\u2026","rel":"","context":"En \u00ab2010\u00bb","block_context":{"text":"2010","link":"https:\/\/estrategica.com.co\/blog\/category\/ano\/2010\/"},"img":{"alt_text":"","src":"https:\/\/i0.wp.com\/estrategica.com.co\/blog\/wp-content\/uploads\/2010\/07\/SpotAMHPepeAguilarEducacin.flv_thumb1.png?fit=687%2C443&ssl=1&resize=350%2C200","width":350,"height":200},"classes":[]},{"id":24554,"url":"https:\/\/estrategica.com.co\/blog\/consolidacion-mejia\/","url_meta":{"origin":24256,"position":1},"title":"Consolidaci\u00f3n &#8211; Mejia","author":"Juliana","date":"agosto 15, 2010","format":false,"excerpt":"[hana-flv-player video=\"\/blog\/wp-content\/uploads\/2009\/01\/20100708\/ToejaSpotConsolidacin.flv\" width=\"550\" height=\"\" description=\"Consolidaci\u00f3n - Mejia\" clickurl=\"\" clicktarget=\"\" player=\"4\" autoplay=\"false\" loop=\"false\" autorewind=\"true\" splashimage=\"\" skin=\"\" \/] [icon color=\"Accent-Color\" size=\"regular\" image=\"steadysets-icon-chat\"] Contexto Spot de la Campa\u00f1a de Antonio Mej\u00eda Haro a la Gobernaci\u00f3n de Zacatecas, durante la contienda electoral de 2010 a nombre del PRD. La grafica de la campa\u00f1a es\u2026","rel":"","context":"En \u00abCampa\u00f1a Uninominal\u00bb","block_context":{"text":"Campa\u00f1a Uninominal","link":"https:\/\/estrategica.com.co\/blog\/category\/temas\/campana-uninominal\/"},"img":{"alt_text":"","src":"https:\/\/i0.wp.com\/estrategica.com.co\/blog\/wp-content\/uploads\/2010\/07\/ToejaSpotConsolidacin_thumb.png?fit=548%2C478&ssl=1&resize=350%2C200","width":350,"height":200},"classes":[]},{"id":23103,"url":"https:\/\/estrategica.com.co\/blog\/antoniomejharoseguridadytrabajo\/","url_meta":{"origin":24256,"position":2},"title":"Seguridad y Trabajo &#8211; Mej\u00eda","author":"Juliana","date":"noviembre 9, 2010","format":false,"excerpt":"[hana-flv-player video=\"\/blog\/wp-content\/uploads\/2009\/01\/20100708\/AntonioMejHaroSeguridadyTrabajo.flv\" width=\"550\" height=\"\" description=\"Trabajo y Seguridad - Mej\u00eda\" clickurl=\"\" clicktarget=\"\" player=\"4\" autoplay=\"false\" loop=\"false\" autorewind=\"true\" splashimage=\"\" skin=\"\" \/] [icon color=\"Accent-Color\" size=\"regular\" image=\"steadysets-icon-chat\"] Contexto Spot de la Campa\u00f1a de Antonio Mej\u00eda Haro a la Gobernaci\u00f3n de Zacatecas, durante la contienda electoral de 2010 a nombre del PRD. La grafica de la\u2026","rel":"","context":"En \u00ab2010\u00bb","block_context":{"text":"2010","link":"https:\/\/estrategica.com.co\/blog\/category\/ano\/2010\/"},"img":{"alt_text":"","src":"https:\/\/i0.wp.com\/estrategica.com.co\/blog\/wp-content\/uploads\/2010\/07\/AntonioMejHaroSeguridadyTrabajo_thumb.png?fit=493%2C403&ssl=1&resize=350%2C200","width":350,"height":200},"classes":[]},{"id":23106,"url":"https:\/\/estrategica.com.co\/blog\/antoniomejiaharotrabajoyseguridad\/","url_meta":{"origin":24256,"position":3},"title":"Trabajo y Seguridad &#8211; Mej\u00eda","author":"Juliana","date":"noviembre 9, 2010","format":false,"excerpt":"[hana-flv-player video=\"\/blog\/wp-content\/uploads\/2009\/01\/20100708\/AntonioMejaHaroTrabajoySeguridad.flv\" width=\"550\" height=\"\" description=\"Trabajo y Seguridad - Mej\u00eda\" clickurl=\"\" clicktarget=\"\" player=\"4\" autoplay=\"false\" loop=\"false\" autorewind=\"true\" splashimage=\"\" skin=\"\" \/] [icon color=\"Accent-Color\" size=\"regular\" image=\"steadysets-icon-chat\"] Contexto Spot de la Campa\u00f1a de Antonio Mej\u00eda Haro a la Gobernaci\u00f3n de Zacatecas, durante la contienda electoral de 2010 a nombre del PRD. La grafica de la\u2026","rel":"","context":"En \u00ab2010\u00bb","block_context":{"text":"2010","link":"https:\/\/estrategica.com.co\/blog\/category\/ano\/2010\/"},"img":{"alt_text":"","src":"https:\/\/i0.wp.com\/estrategica.com.co\/blog\/wp-content\/uploads\/2010\/07\/AntonioMejaHaroTrabajoySeguridad_thumb.png?fit=489%2C402&ssl=1&resize=350%2C200","width":350,"height":200},"classes":[]},{"id":24563,"url":"https:\/\/estrategica.com.co\/blog\/jovenes-mejia\/","url_meta":{"origin":24256,"position":4},"title":"Jovenes &#8211; Mejia","author":"Juliana","date":"agosto 15, 2010","format":false,"excerpt":"[hana-flv-player video=\"\/blog\/wp-content\/uploads\/2009\/01\/20100708\/toomejia.flv\" width=\"550\" height=\"\" description=\"Jovenes - Mejia\" clickurl=\"\" clicktarget=\"\" player=\"4\" autoplay=\"false\" loop=\"false\" autorewind=\"true\" splashimage=\"\" skin=\"\" \/] [icon color=\"Accent-Color\" size=\"regular\" image=\"steadysets-icon-chat\"] Contexto Spot de la Campa\u00f1a de Antonio Mej\u00eda Haro a la Gobernaci\u00f3n de Zacatecas, durante la contienda electoral de 2010 a nombre del PRD. La grafica de la campa\u00f1a es\u2026","rel":"","context":"En \u00ab2010\u00bb","block_context":{"text":"2010","link":"https:\/\/estrategica.com.co\/blog\/category\/ano\/2010\/"},"img":{"alt_text":"","src":"https:\/\/i0.wp.com\/estrategica.com.co\/blog\/wp-content\/uploads\/2010\/07\/toomejia_thumb.png?fit=558%2C474&ssl=1&resize=350%2C200","width":350,"height":200},"classes":[]},{"id":24560,"url":"https:\/\/estrategica.com.co\/blog\/gente-mejia\/","url_meta":{"origin":24256,"position":5},"title":"Gente &#8211; Mejia","author":"Juliana","date":"agosto 15, 2010","format":false,"excerpt":"[hana-flv-player video=\"\/blog\/wp-content\/uploads\/2009\/01\/20100708\/TooMejaSpotGente.flv\" width=\"550\" height=\"\" description=\"Gente - Mejia\" clickurl=\"\" clicktarget=\"\" player=\"4\" autoplay=\"false\" loop=\"false\" autorewind=\"true\" splashimage=\"\" skin=\"\" \/] [icon color=\"Accent-Color\" size=\"regular\" image=\"steadysets-icon-chat\"] Contexto Spot de la Campa\u00f1a de Antonio Mej\u00eda Haro a la Gobernaci\u00f3n de Zacatecas, durante la contienda electoral de 2010 a nombre del PRD. La grafica de la campa\u00f1a es\u2026","rel":"","context":"En \u00abCampa\u00f1a Uninominal\u00bb","block_context":{"text":"Campa\u00f1a Uninominal","link":"https:\/\/estrategica.com.co\/blog\/category\/temas\/campana-uninominal\/"},"img":{"alt_text":"","src":"https:\/\/i0.wp.com\/estrategica.com.co\/blog\/wp-content\/uploads\/2010\/07\/TooMejaSpotGente_thumb.png?fit=644%2C477&ssl=1&resize=350%2C200","width":350,"height":200},"classes":[]}],"jetpack_sharing_enabled":true,"_links":{"self":[{"href":"https:\/\/estrategica.com.co\/blog\/wp-json\/wp\/v2\/posts\/24256","targetHints":{"allow":["GET"]}}],"collection":[{"href":"https:\/\/estrategica.com.co\/blog\/wp-json\/wp\/v2\/posts"}],"about":[{"href":"https:\/\/estrategica.com.co\/blog\/wp-json\/wp\/v2\/types\/post"}],"author":[{"embeddable":true,"href":"https:\/\/estrategica.com.co\/blog\/wp-json\/wp\/v2\/users\/5"}],"replies":[{"embeddable":true,"href":"https:\/\/estrategica.com.co\/blog\/wp-json\/wp\/v2\/comments?post=24256"}],"version-history":[{"count":8,"href":"https:\/\/estrategica.com.co\/blog\/wp-json\/wp\/v2\/posts\/24256\/revisions"}],"predecessor-version":[{"id":51690,"href":"https:\/\/estrategica.com.co\/blog\/wp-json\/wp\/v2\/posts\/24256\/revisions\/51690"}],"wp:featuredmedia":[{"embeddable":true,"href":"https:\/\/estrategica.com.co\/blog\/wp-json\/wp\/v2\/media\/24257"}],"wp:attachment":[{"href":"https:\/\/estrategica.com.co\/blog\/wp-json\/wp\/v2\/media?parent=24256"}],"wp:term":[{"taxonomy":"category","embeddable":true,"href":"https:\/\/estrategica.com.co\/blog\/wp-json\/wp\/v2\/categories?post=24256"},{"taxonomy":"post_tag","embeddable":true,"href":"https:\/\/estrategica.com.co\/blog\/wp-json\/wp\/v2\/tags?post=24256"}],"curies":[{"name":"wp","href":"https:\/\/api.w.org\/{rel}","templated":true}]}}