{"id":24272,"date":"2010-10-17T14:18:06","date_gmt":"2010-10-17T14:18:06","guid":{"rendered":"http:\/\/estrategica.com.co\/blog\/?p=24272"},"modified":"2015-04-06T12:04:16","modified_gmt":"2015-04-06T17:04:16","slug":"ceremonia-prd","status":"publish","type":"post","link":"https:\/\/estrategica.com.co\/blog\/ceremonia-prd\/","title":{"rendered":"Ceremonia &#8211; PRD"},"content":{"rendered":"<p> <script type='text\/javascript' src='https:\/\/estrategica.com.co\/blog\/wp-content\/plugins\/hana-flv-player\/flowplayer3\/example\/flowplayer-3.2.6.min.js'><\/script>\n<div >\n<div id='hana_flv_flow3_1' style='display:block;width:550px;height:413px;background-color:#555555;color:#ffffff;padding:0' title=\"*Video:ceremonia - prd\"><\/div>\n<\/div>\n\n<script  type='text\/javascript'>\nif (typeof g_hanaFlash !== 'undefined' && !g_hanaFlash){\n    jQuery('#hana_flv_flow3_1').css( 'padding', '5px' );\n\tjQuery('#hana_flv_flow3_1').html(\"<span class='inactive_message' style='display:block'>Sorry, your browser does not support Flash Video Player<\/span> *Video:ceremonia - prd\");\n}else{\t\t\t\n\t\tflowplayer('hana_flv_flow3_1', { src: 'https:\/\/estrategica.com.co\/blog\/wp-content\/plugins\/hana-flv-player\/flowplayer3\/flowplayer-3.2.7.swf', wmode: 'transparent' }, { \n\n\t\t\tcanvas: { backgroundColor: '#000000', backgroundGradient: 'none',},\n    \t\tclip:  { \n    \t\t\turl: '\/blog\/wp-content\/uploads\/2009\/01\/20100708\/Spotceremonia.flv',\n        \t\tscaling: 'fit', autoPlay: false, autoBuffering: true \n\t\t\t\t   , onFinish : function () { this.seek(0); }  \n\n\t        }\n\n\t\t});\n}\n<\/script><br \/>\n<\/br><\/p>\n<p>[icon color=\u00bbAccent-Color\u00bb size=\u00bbregular\u00bb image=\u00bbsteadysets-icon-chat\u00bb] <strong>Contexto<\/strong><\/br><\/br><\/p>\n<p style=\"text-align: justify;\">Spot de PRD en M\u00e9xico, durante el a\u00f1o 2010, para posicionar al partido de cara a las elecciones regionales. El mensaje apela al sentimiento nacional y a algunos recursos de cohesi\u00f3n popular como el futbol. El slogan Hag\u00e1moslo por M\u00e9xico, esta en el mismo sentido. Es interesante como el PRD trata de meterse por el medio de la confrontaci\u00f3n entre el Pan y el PRI para buscar militancia en torno a la unidad.<\/p><\/p>\n","protected":false},"excerpt":{"rendered":"<p>*Video: ceremonia &#8211; prd [icon color=\u00bbAccent-Color\u00bb size=\u00bbregular\u00bb image=\u00bbsteadysets-icon-chat\u00bb] Contexto Spot de PRD en M\u00e9xico, durante el a\u00f1o 2010, para posicionar al partido de cara a las elecciones regionales. El mensaje apela al sentimiento nacional y a algunos recursos de cohesi\u00f3n popular como el futbol. El slogan Hag\u00e1moslo por M\u00e9xico, esta en el mismo sentido. Es [&hellip;]<\/p>\n","protected":false},"author":5,"featured_media":37866,"comment_status":"open","ping_status":"open","sticky":false,"template":"","format":"standard","meta":{"_et_pb_use_builder":"","_et_pb_old_content":"","_et_gb_content_width":"","advanced_seo_description":"","jetpack_seo_html_title":"","jetpack_seo_noindex":false,"footnotes":""},"categories":[687,263,27,34,10,201,11,3],"tags":[684,257],"class_list":["post-24272","post","type-post","status-publish","format-standard","has-post-thumbnail","hentry","category-687","category-ano","category-divulgacion-politica","category-electoral","category-geo","category-mexico","category-temas","category-video","tag-elecciones-2010","tag-prd"],"jetpack_featured_media_url":"https:\/\/i0.wp.com\/estrategica.com.co\/blog\/wp-content\/uploads\/2013\/04\/SpotAMLO2012PuebloporpuebloMultitudesPRDPTyMC_thumb.png?fit=702%2C543&ssl=1","jetpack_shortlink":"https:\/\/wp.me\/p4wgsh-6ju","jetpack-related-posts":[{"id":24241,"url":"https:\/\/estrategica.com.co\/blog\/acuerdo-prd\/","url_meta":{"origin":24272,"position":0},"title":"Acuerdo &#8211; PRD","author":"Juliana","date":"octubre 17, 2010","format":false,"excerpt":"[hana-flv-player video=\"\/blog\/wp-content\/uploads\/2009\/01\/20100708\/Spotacuerdo.flv\" width=\"550\" height=\"\" description=\"Acuerdo - PRD\" clickurl=\"\" clicktarget=\"\" player=\"4\" autoplay=\"false\" loop=\"false\" autorewind=\"true\" splashimage=\"\" skin=\"\" \/] [icon color=\"Accent-Color\" size=\"regular\" image=\"steadysets-icon-chat\"] Contexto Spot de PRD en M\u00e9xico, durante el a\u00f1o 2010, para posicionar al partido de cara a las elecciones regionales. El mensaje apela al sentimiento nacional y a algunos recursos\u2026","rel":"","context":"En \u00ab2010\u00bb","block_context":{"text":"2010","link":"https:\/\/estrategica.com.co\/blog\/category\/ano\/2010\/"},"img":{"alt_text":"","src":"https:\/\/i0.wp.com\/estrategica.com.co\/blog\/wp-content\/uploads\/2010\/07\/Spotacuerdo_thumb.png?fit=525%2C498&ssl=1&resize=350%2C200","width":350,"height":200},"classes":[]},{"id":24285,"url":"https:\/\/estrategica.com.co\/blog\/estadio-prd\/","url_meta":{"origin":24272,"position":1},"title":"Estadio &#8211; PRD","author":"Juliana","date":"octubre 17, 2010","format":false,"excerpt":"[hana-flv-player video=\"\/blog\/wp-content\/uploads\/2009\/01\/20100708\/Spotestadio.flv\" width=\"550\" height=\"\" description=\"Estadio - PRD\" clickurl=\"\" clicktarget=\"\" player=\"4\" autoplay=\"false\" loop=\"false\" autorewind=\"true\" splashimage=\"\" skin=\"\" \/] [icon color=\"Accent-Color\" size=\"regular\" image=\"steadysets-icon-chat\"] Contexto Spot de PRD en M\u00e9xico, durante el a\u00f1o 2010, para posicionar al partido de cara a las elecciones regionales. El mensaje apela al sentimiento nacional y a algunos recursos\u2026","rel":"","context":"En \u00ab2010\u00bb","block_context":{"text":"2010","link":"https:\/\/estrategica.com.co\/blog\/category\/ano\/2010\/"},"img":{"alt_text":"","src":"https:\/\/i0.wp.com\/estrategica.com.co\/blog\/wp-content\/uploads\/2010\/07\/Spotestadio_thumb.png?fit=554%2C342&ssl=1&resize=350%2C200","width":350,"height":200},"classes":[]},{"id":23103,"url":"https:\/\/estrategica.com.co\/blog\/antoniomejharoseguridadytrabajo\/","url_meta":{"origin":24272,"position":2},"title":"Seguridad y Trabajo &#8211; Mej\u00eda","author":"Juliana","date":"noviembre 9, 2010","format":false,"excerpt":"[hana-flv-player video=\"\/blog\/wp-content\/uploads\/2009\/01\/20100708\/AntonioMejHaroSeguridadyTrabajo.flv\" width=\"550\" height=\"\" description=\"Trabajo y Seguridad - Mej\u00eda\" clickurl=\"\" clicktarget=\"\" player=\"4\" autoplay=\"false\" loop=\"false\" autorewind=\"true\" splashimage=\"\" skin=\"\" \/] [icon color=\"Accent-Color\" size=\"regular\" image=\"steadysets-icon-chat\"] Contexto Spot de la Campa\u00f1a de Antonio Mej\u00eda Haro a la Gobernaci\u00f3n de Zacatecas, durante la contienda electoral de 2010 a nombre del PRD. La grafica de la\u2026","rel":"","context":"En \u00ab2010\u00bb","block_context":{"text":"2010","link":"https:\/\/estrategica.com.co\/blog\/category\/ano\/2010\/"},"img":{"alt_text":"","src":"https:\/\/i0.wp.com\/estrategica.com.co\/blog\/wp-content\/uploads\/2010\/07\/AntonioMejHaroSeguridadyTrabajo_thumb.png?fit=493%2C403&ssl=1&resize=350%2C200","width":350,"height":200},"classes":[]},{"id":23106,"url":"https:\/\/estrategica.com.co\/blog\/antoniomejiaharotrabajoyseguridad\/","url_meta":{"origin":24272,"position":3},"title":"Trabajo y Seguridad &#8211; Mej\u00eda","author":"Juliana","date":"noviembre 9, 2010","format":false,"excerpt":"[hana-flv-player video=\"\/blog\/wp-content\/uploads\/2009\/01\/20100708\/AntonioMejaHaroTrabajoySeguridad.flv\" width=\"550\" height=\"\" description=\"Trabajo y Seguridad - Mej\u00eda\" clickurl=\"\" clicktarget=\"\" player=\"4\" autoplay=\"false\" loop=\"false\" autorewind=\"true\" splashimage=\"\" skin=\"\" \/] [icon color=\"Accent-Color\" size=\"regular\" image=\"steadysets-icon-chat\"] Contexto Spot de la Campa\u00f1a de Antonio Mej\u00eda Haro a la Gobernaci\u00f3n de Zacatecas, durante la contienda electoral de 2010 a nombre del PRD. La grafica de la\u2026","rel":"","context":"En \u00ab2010\u00bb","block_context":{"text":"2010","link":"https:\/\/estrategica.com.co\/blog\/category\/ano\/2010\/"},"img":{"alt_text":"","src":"https:\/\/i0.wp.com\/estrategica.com.co\/blog\/wp-content\/uploads\/2010\/07\/AntonioMejaHaroTrabajoySeguridad_thumb.png?fit=489%2C402&ssl=1&resize=350%2C200","width":350,"height":200},"classes":[]},{"id":24253,"url":"https:\/\/estrategica.com.co\/blog\/pepe-aguilar-educacion-mejia\/","url_meta":{"origin":24272,"position":4},"title":"Pepe Aguilar &#8211; Educaci\u00f3n &#8211; Mejia","author":"Juliana","date":"septiembre 18, 2010","format":false,"excerpt":"[hana-flv-player video=\"\/blog\/wp-content\/uploads\/2009\/01\/20100708\/SpotAMHPepeAguilarEducacin.flv.flv\" width=\"550\" height=\"\" description=\"Pepe Aguilar - Educaci\u00f3n - Mejia\" clickurl=\"\" clicktarget=\"\" player=\"4\" autoplay=\"false\" loop=\"false\" autorewind=\"true\" splashimage=\"\" skin=\"\" \/] [icon color=\"Accent-Color\" size=\"regular\" image=\"steadysets-icon-chat\"] Contexto Spot de la Campa\u00f1a de Antonio Mej\u00eda Haro a la Gobernaci\u00f3n de Zacatecas, durante la contienda electoral de 2010 a nombre del PRD. La grafica de\u2026","rel":"","context":"En \u00ab2010\u00bb","block_context":{"text":"2010","link":"https:\/\/estrategica.com.co\/blog\/category\/ano\/2010\/"},"img":{"alt_text":"","src":"https:\/\/i0.wp.com\/estrategica.com.co\/blog\/wp-content\/uploads\/2010\/07\/SpotAMHPepeAguilarEducacin.flv_thumb1.png?fit=687%2C443&ssl=1&resize=350%2C200","width":350,"height":200},"classes":[]},{"id":24256,"url":"https:\/\/estrategica.com.co\/blog\/orgullo-pepe-aguilar-mejia\/","url_meta":{"origin":24272,"position":5},"title":"Orgullo &#8211; Pepe Aguilar &#8211; Mejia","author":"Juliana","date":"septiembre 22, 2010","format":false,"excerpt":"[hana-flv-player video=\"\/blog\/wp-content\/uploads\/2009\/01\/20100708\/SpotAMHPepeAguilarZacatecano.flv.flv\" width=\"550\" height=\"\" description=\"Orgullo - Pepe Aguilar - Mejia\" clickurl=\"\" clicktarget=\"\" player=\"4\" autoplay=\"false\" loop=\"false\" autorewind=\"true\" splashimage=\"\" skin=\"\" \/] [icon color=\"Accent-Color\" size=\"regular\" image=\"steadysets-icon-chat\"] Contexto Spot de la Campa\u00f1a de Antonio Mej\u00eda Haro a la Gobernaci\u00f3n de Zacatecas, durante la contienda electoral de 2010 a nombre del PRD. La grafica de\u2026","rel":"","context":"En \u00ab2010\u00bb","block_context":{"text":"2010","link":"https:\/\/estrategica.com.co\/blog\/category\/ano\/2010\/"},"img":{"alt_text":"","src":"https:\/\/i0.wp.com\/estrategica.com.co\/blog\/wp-content\/uploads\/2010\/07\/SpotAMHPepeAguilarZacatecano.flv_thumb1.png?fit=537%2C401&ssl=1&resize=350%2C200","width":350,"height":200},"classes":[]}],"jetpack_sharing_enabled":true,"_links":{"self":[{"href":"https:\/\/estrategica.com.co\/blog\/wp-json\/wp\/v2\/posts\/24272","targetHints":{"allow":["GET"]}}],"collection":[{"href":"https:\/\/estrategica.com.co\/blog\/wp-json\/wp\/v2\/posts"}],"about":[{"href":"https:\/\/estrategica.com.co\/blog\/wp-json\/wp\/v2\/types\/post"}],"author":[{"embeddable":true,"href":"https:\/\/estrategica.com.co\/blog\/wp-json\/wp\/v2\/users\/5"}],"replies":[{"embeddable":true,"href":"https:\/\/estrategica.com.co\/blog\/wp-json\/wp\/v2\/comments?post=24272"}],"version-history":[{"count":6,"href":"https:\/\/estrategica.com.co\/blog\/wp-json\/wp\/v2\/posts\/24272\/revisions"}],"predecessor-version":[{"id":51625,"href":"https:\/\/estrategica.com.co\/blog\/wp-json\/wp\/v2\/posts\/24272\/revisions\/51625"}],"wp:featuredmedia":[{"embeddable":true,"href":"https:\/\/estrategica.com.co\/blog\/wp-json\/wp\/v2\/media\/37866"}],"wp:attachment":[{"href":"https:\/\/estrategica.com.co\/blog\/wp-json\/wp\/v2\/media?parent=24272"}],"wp:term":[{"taxonomy":"category","embeddable":true,"href":"https:\/\/estrategica.com.co\/blog\/wp-json\/wp\/v2\/categories?post=24272"},{"taxonomy":"post_tag","embeddable":true,"href":"https:\/\/estrategica.com.co\/blog\/wp-json\/wp\/v2\/tags?post=24272"}],"curies":[{"name":"wp","href":"https:\/\/api.w.org\/{rel}","templated":true}]}}