{"id":243,"date":"2009-01-03T17:01:37","date_gmt":"2009-01-03T17:01:37","guid":{"rendered":"http:\/\/estrategica.com.co\/blog\/?p=243"},"modified":"2009-03-27T11:51:11","modified_gmt":"2009-03-27T11:51:11","slug":"derechaizquierda-lo-han-roto-todo-3","status":"publish","type":"post","link":"https:\/\/estrategica.com.co\/blog\/derechaizquierda-lo-han-roto-todo-3\/","title":{"rendered":"DERECHA\/IZQUIERDA Lo han roto todo!"},"content":{"rendered":"<p><img loading=\"lazy\" decoding=\"async\" data-attachment-id=\"242\" data-permalink=\"https:\/\/estrategica.com.co\/blog\/derechaizquierda-lo-han-roto-todo-3\/affichelepen2007_05\/\" data-orig-file=\"https:\/\/i0.wp.com\/estrategica.com.co\/blog\/wp-content\/uploads\/2009\/01\/affichelepen2007_05.jpg?fit=800%2C600&amp;ssl=1\" data-orig-size=\"800,600\" data-comments-opened=\"1\" data-image-meta=\"{&quot;aperture&quot;:&quot;0&quot;,&quot;credit&quot;:&quot;&quot;,&quot;camera&quot;:&quot;&quot;,&quot;caption&quot;:&quot;&quot;,&quot;created_timestamp&quot;:&quot;0&quot;,&quot;copyright&quot;:&quot;&quot;,&quot;focal_length&quot;:&quot;0&quot;,&quot;iso&quot;:&quot;0&quot;,&quot;shutter_speed&quot;:&quot;0&quot;,&quot;title&quot;:&quot;&quot;}\" data-image-title=\"affichelepen2007_05\" data-image-description=\"\" data-image-caption=\"\" data-medium-file=\"https:\/\/i0.wp.com\/estrategica.com.co\/blog\/wp-content\/uploads\/2009\/01\/affichelepen2007_05.jpg?fit=300%2C225&amp;ssl=1\" data-large-file=\"https:\/\/i0.wp.com\/estrategica.com.co\/blog\/wp-content\/uploads\/2009\/01\/affichelepen2007_05.jpg?fit=800%2C600&amp;ssl=1\" class=\"alignnone size-full wp-image-242\" title=\"affichelepen2007_05\" src=\"https:\/\/i0.wp.com\/estrategica.com.co\/blog\/wp-content\/uploads\/2009\/01\/affichelepen2007_05.jpg?resize=576%2C432\" alt=\"affichelepen2007_05\" width=\"576\" height=\"432\" srcset=\"https:\/\/i0.wp.com\/estrategica.com.co\/blog\/wp-content\/uploads\/2009\/01\/affichelepen2007_05.jpg?w=800&amp;ssl=1 800w, https:\/\/i0.wp.com\/estrategica.com.co\/blog\/wp-content\/uploads\/2009\/01\/affichelepen2007_05.jpg?resize=300%2C225&amp;ssl=1 300w\" sizes=\"(max-width: 576px) 100vw, 576px\" data-recalc-dims=\"1\" \/><\/p>\n<p style=\"text-align: justify;\">Jean-Marie Le Pen es el representante de la extrema derecha pol\u00edtica a trav\u00e9s del partido Frente Nacional a nombre del cual ha sido candidato a la presidencia de Francia. En la campa\u00f1a de 2007 Le Pen tiene casi 79 a\u00f1os convirti\u00e9ndose en el aspirante m\u00e1s viejo en la historia de Francia. El discurso de Le Pen apela al nacionalismo al expresar que no es de derecha ni de izquierda sino franc\u00e9s (Ni droite, ni gauche, fran\u00e7ais). Su discurso ataca la inmigraci\u00f3n y la Uni\u00f3n Europea, apelando a la cultura tradicional y el orden. Su carrera pol\u00edtica ha estado marcada por el radicalismo y el esc\u00e1ndalo. En 1987 abog\u00f3 por el aislamiento de los seropositivos en un \u201csidatorium\u201d cuya enfermedad considera una forma de lepra. En 1997 acus\u00f3 a Chirac de estar en la nomina de las organizaciones jud\u00edas. Ha negado el impacto del holocausto y en 2006 afirm\u00f3 que la selecci\u00f3n de f\u00fatbol francesa ten\u00eda demasiados negros. En la campa\u00f1a electoral de 2007 se refer\u00eda a Sarkozy como el extranjero por sus or\u00edgenes h\u00fangaros. Ha sido condenado por racismo o incitaci\u00f3n al odio acial en por lo menos 6 oportunidades. Bajo el amparo de la ley Gayssot, sobre nagacionismo del holocausto, fue condenado a pagar 1.2 millones de francos. La campa\u00f1a publicitaria de 2007 es renovadora dentro el frente nacional y se ve la influencia de criterio de Marine Le Pen, estratega de campa\u00f1a. El afiche central muestra a Le Pen, sonriendo, caminando con tres mujeres, dos hombres y un joven, que representan, cada uno una problem\u00e1tica y un sector de la sociedad francesa. Esta una inmigrante, un alumno de secundaria, un agricultor, un joven trabajador, una pensionada y un ama de casa. Otros afiches desarrollan conceptualmente la problem\u00e1tica que representan cada uno de ellos. El esp\u00edritu de la campa\u00f1a es la moderaci\u00f3n. El nombre del Frente Nacional no se encuentra en la imagen. El Mensaje de los afiches que se derivan del central es: \u201cDERECHA\/IZQUIERDA Lo han roto todo!\u201d El candidato no aparece lo cual es una novedad con las campa\u00f1as anteriores. Este maestra a un joven estudiante que focaliza los problemas de las escuelas, los grados, la identidad y el futuro. El vocero es demasiado joven para denuncia la problem\u00e1tica que denuncia, quiz\u00e1s hubiera quedado mejor si hablara de inseguridad en los parques o consumo de drogas. Se mantiene la actitud del vocero con el dedo hacia abajo en se\u00f1al del fracaso de los temas que menciona manteniendo as\u00ed algo de coherencia visual.<\/p>\n","protected":false},"excerpt":{"rendered":"<p>Jean-Marie Le Pen es el representante de la extrema derecha pol\u00edtica a trav\u00e9s del partido Frente Nacional a nombre del cual ha sido candidato a la presidencia de Francia. En la campa\u00f1a de 2007 Le Pen tiene casi 79 a\u00f1os convirti\u00e9ndose en el aspirante m\u00e1s viejo en la historia de Francia. El discurso de Le [&hellip;]<\/p>\n","protected":false},"author":2,"featured_media":59150,"comment_status":"open","ping_status":"open","sticky":false,"template":"","format":"standard","meta":{"_et_pb_use_builder":"","_et_pb_old_content":"","_et_gb_content_width":"","advanced_seo_description":"","jetpack_seo_html_title":"","jetpack_seo_noindex":false,"footnotes":""},"categories":[269,5,263,57,46,50,10,11],"tags":[52,84,83,82],"class_list":["post-243","post","type-post","status-publish","format-standard","has-post-thumbnail","hentry","category-269","category-afiches","category-ano","category-campana-presidencial","category-fotograficos","category-francia","category-geo","category-temas","tag-elecciones-2007","tag-frente-nacional","tag-jean-marie-le-pen","tag-marina-le-pen"],"jetpack_featured_media_url":"https:\/\/i0.wp.com\/estrategica.com.co\/blog\/wp-content\/uploads\/2009\/01\/DERECHAIZQUIERDA-Lo-han-roto-todo3.jpg?fit=800%2C600&ssl=1","jetpack_shortlink":"https:\/\/wp.me\/p4wgsh-3V","jetpack-related-posts":[{"id":270,"url":"https:\/\/estrategica.com.co\/blog\/vote-le-pen\/","url_meta":{"origin":243,"position":0},"title":"VOTE LE PEN","author":"camilorojas","date":"enero 3, 2009","format":false,"excerpt":"Jean-Marie Le Pen es el representante de la extrema derecha pol\u00edtica a trav\u00e9s del partido Frente Nacional a nombre del cual ha sido candidato a la presidencia de Francia. En la campa\u00f1a de 2007 Le Pen tiene casi 79 convirti\u00e9ndose en el aspirante m\u00e1s viejo en la historia de Francia.\u2026","rel":"","context":"En \u00ab2007\u00bb","block_context":{"text":"2007","link":"https:\/\/estrategica.com.co\/blog\/category\/ano\/2007\/"},"img":{"alt_text":"","src":"https:\/\/i0.wp.com\/estrategica.com.co\/blog\/wp-content\/uploads\/2009\/01\/VOTE-LE-PEN.jpg?fit=324%2C456&ssl=1&resize=350%2C200","width":350,"height":200},"classes":[]},{"id":11017,"url":"https:\/\/estrategica.com.co\/blog\/francia-frente-nacional-le-pen\/","url_meta":{"origin":243,"position":1},"title":"Francia &#8211; Frente Nacional &#8211; Le Pen","author":"Juliana","date":"abril 8, 2009","format":false,"excerpt":"[hana-flv-player video=\"\/blog\/wp-content\/uploads\/2009\/01\/carpeta_muchos_varios\/FranciaFrontNational07.flv\" width=\"550\" height=\"\" description=\"Francia - Frente Nacional - Le Pen\" clickurl=\"\" clicktarget=\"\" player=\"4\" autoplay=\"false\" loop=\"false\" autorewind=\"true\" splashimage=\"\" skin=\"\" \/] [icon color=\"Accent-Color\" size=\"regular\" image=\"steadysets-icon-chat\"] Contexto Jean-Marie Le Pen es el representante de la extrema derecha pol\u00edtica a trav\u00e9s del partido Frente Nacional a nombre del cual ha sido candidato a\u2026","rel":"","context":"En \u00abCampa\u00f1a Presidencial\u00bb","block_context":{"text":"Campa\u00f1a Presidencial","link":"https:\/\/estrategica.com.co\/blog\/category\/temas\/campana-presidencial\/"},"img":{"alt_text":"","src":"https:\/\/i0.wp.com\/estrategica.com.co\/blog\/wp-content\/uploads\/2009\/04\/franciafrontnational07_thumb.png?fit=299%2C213&ssl=1&resize=350%2C200","width":350,"height":200},"classes":[]},{"id":246,"url":"https:\/\/estrategica.com.co\/blog\/derechaizquierda-lo-han-roto-todo-4\/","url_meta":{"origin":243,"position":2},"title":"DERECHA\/IZQUIERDA Lo han roto todo!","author":"camilorojas","date":"enero 3, 2009","format":false,"excerpt":"Jean-Marie Le Pen es el representante de la extrema derecha pol\u00edtica a trav\u00e9s del partido Frente Nacional a nombre del cual ha sido candidato a la presidencia de Francia. En la campa\u00f1a de 2007 Le Pen tiene casi 79 a\u00f1os convirti\u00e9ndose en el aspirante m\u00e1s viejo en la historia de\u2026","rel":"","context":"En \u00ab2007\u00bb","block_context":{"text":"2007","link":"https:\/\/estrategica.com.co\/blog\/category\/ano\/2007\/"},"img":{"alt_text":"","src":"https:\/\/i0.wp.com\/estrategica.com.co\/blog\/wp-content\/uploads\/2009\/01\/DERECHAIZQUIERDA-Lo-han-roto-todo4.jpg?fit=800%2C600&ssl=1&resize=350%2C200","width":350,"height":200},"classes":[]},{"id":249,"url":"https:\/\/estrategica.com.co\/blog\/derechaizquierda-lo-han-roto-todo-5\/","url_meta":{"origin":243,"position":3},"title":"DERECHA\/IZQUIERDA Lo han roto todo!","author":"camilorojas","date":"enero 3, 2009","format":false,"excerpt":"Jean-Marie Le Pen es el representante de la extrema derecha pol\u00edtica a trav\u00e9s del partido Frente Nacional a nombre del cual ha sido candidato a la presidencia de Francia. En la campa\u00f1a de 2007 Le Pen tiene casi 79 a\u00f1os convirti\u00e9ndose en el aspirante m\u00e1s viejo en la historia de\u2026","rel":"","context":"En \u00ab2007\u00bb","block_context":{"text":"2007","link":"https:\/\/estrategica.com.co\/blog\/category\/ano\/2007\/"},"img":{"alt_text":"","src":"https:\/\/i0.wp.com\/estrategica.com.co\/blog\/wp-content\/uploads\/2009\/01\/DERECHAIZQUIERDA-Lo-han-roto-todo2.jpg?fit=800%2C600&ssl=1&resize=350%2C200","width":350,"height":200},"classes":[]},{"id":252,"url":"https:\/\/estrategica.com.co\/blog\/derechaizquierda-lo-han-roto-todo-6\/","url_meta":{"origin":243,"position":4},"title":"DERECHA\/IZQUIERDA Lo han roto todo!","author":"camilorojas","date":"enero 3, 2009","format":false,"excerpt":"Jean-Marie Le Pen es el representante de la extrema derecha pol\u00edtica a trav\u00e9s del partido Frente Nacional a nombre del cual ha sido candidato a la presidencia de Francia. En la campa\u00f1a de 2007 Le Pen tiene casi 79 a\u00f1os convirti\u00e9ndose en el aspirante m\u00e1s viejo en la historia de\u2026","rel":"","context":"En \u00ab2007\u00bb","block_context":{"text":"2007","link":"https:\/\/estrategica.com.co\/blog\/category\/ano\/2007\/"},"img":{"alt_text":"","src":"https:\/\/i0.wp.com\/estrategica.com.co\/blog\/wp-content\/uploads\/2009\/01\/DERECHAIZQUIERDA-Lo-han-roto-todo1.jpg?fit=800%2C600&ssl=1&resize=350%2C200","width":350,"height":200},"classes":[]},{"id":233,"url":"https:\/\/estrategica.com.co\/blog\/con-le-pen-todos-juntos-tomaremos-nuestra-francia\/","url_meta":{"origin":243,"position":5},"title":"CON LE PEN, todos juntos, tomaremos nuestra Francia!","author":"camilorojas","date":"enero 3, 2009","format":false,"excerpt":"Jean-Marie Le Pen es el representante de la extrema derecha pol\u00edtica a trav\u00e9s del partido Frente Nacional a nombre del cual ha sido candidato a la presidencia de Francia. En la campa\u00f1a de 2007 Le Pen tiene casi 79 a\u00f1os convirti\u00e9ndose en el aspirante m\u00e1s viejo en la historia de\u2026","rel":"","context":"En \u00ab2007\u00bb","block_context":{"text":"2007","link":"https:\/\/estrategica.com.co\/blog\/category\/ano\/2007\/"},"img":{"alt_text":"","src":"https:\/\/i0.wp.com\/estrategica.com.co\/blog\/wp-content\/uploads\/2009\/01\/CON-LE-PEN-todos-juntos-tomaremos-nuestra-Francia.jpg?fit=800%2C600&ssl=1&resize=350%2C200","width":350,"height":200},"classes":[]}],"jetpack_sharing_enabled":true,"_links":{"self":[{"href":"https:\/\/estrategica.com.co\/blog\/wp-json\/wp\/v2\/posts\/243","targetHints":{"allow":["GET"]}}],"collection":[{"href":"https:\/\/estrategica.com.co\/blog\/wp-json\/wp\/v2\/posts"}],"about":[{"href":"https:\/\/estrategica.com.co\/blog\/wp-json\/wp\/v2\/types\/post"}],"author":[{"embeddable":true,"href":"https:\/\/estrategica.com.co\/blog\/wp-json\/wp\/v2\/users\/2"}],"replies":[{"embeddable":true,"href":"https:\/\/estrategica.com.co\/blog\/wp-json\/wp\/v2\/comments?post=243"}],"version-history":[{"count":4,"href":"https:\/\/estrategica.com.co\/blog\/wp-json\/wp\/v2\/posts\/243\/revisions"}],"predecessor-version":[{"id":8504,"href":"https:\/\/estrategica.com.co\/blog\/wp-json\/wp\/v2\/posts\/243\/revisions\/8504"}],"wp:featuredmedia":[{"embeddable":true,"href":"https:\/\/estrategica.com.co\/blog\/wp-json\/wp\/v2\/media\/59150"}],"wp:attachment":[{"href":"https:\/\/estrategica.com.co\/blog\/wp-json\/wp\/v2\/media?parent=243"}],"wp:term":[{"taxonomy":"category","embeddable":true,"href":"https:\/\/estrategica.com.co\/blog\/wp-json\/wp\/v2\/categories?post=243"},{"taxonomy":"post_tag","embeddable":true,"href":"https:\/\/estrategica.com.co\/blog\/wp-json\/wp\/v2\/tags?post=243"}],"curies":[{"name":"wp","href":"https:\/\/api.w.org\/{rel}","templated":true}]}}