{"id":24490,"date":"2010-08-15T20:04:37","date_gmt":"2010-08-15T20:04:37","guid":{"rendered":"http:\/\/estrategica.com.co\/blog\/?p=24490"},"modified":"2014-09-12T10:16:58","modified_gmt":"2014-09-12T15:16:58","slug":"todas-como-maria-instituto-canario-de-la-mujer","status":"publish","type":"post","link":"https:\/\/estrategica.com.co\/blog\/todas-como-maria-instituto-canario-de-la-mujer\/","title":{"rendered":"Todas como Mar\u00eda &#8211; Instituto Canario de la Mujer"},"content":{"rendered":"<p> <script type='text\/javascript' src='https:\/\/estrategica.com.co\/blog\/wp-content\/plugins\/hana-flv-player\/flowplayer3\/example\/flowplayer-3.2.6.min.js'><\/script>\n<div >\n<div id='hana_flv_flow3_1' style='display:block;width:550px;height:413px;background-color:#555555;color:#ffffff;padding:0' title=\"*Video:todas como mar\u00eda - instituto canario de la mujer\"><\/div>\n<\/div>\n\n<script  type='text\/javascript'>\nif (typeof g_hanaFlash !== 'undefined' && !g_hanaFlash){\n    jQuery('#hana_flv_flow3_1').css( 'padding', '5px' );\n\tjQuery('#hana_flv_flow3_1').html(\"<span class='inactive_message' style='display:block'>Sorry, your browser does not support Flash Video Player<\/span> *Video:todas como mar\u00eda - instituto canario de la mujer\");\n}else{\t\t\t\n\t\tflowplayer('hana_flv_flow3_1', { src: 'https:\/\/estrategica.com.co\/blog\/wp-content\/plugins\/hana-flv-player\/flowplayer3\/flowplayer-3.2.7.swf', wmode: 'transparent' }, { \n\n\t\t\tcanvas: { backgroundColor: '#000000', backgroundGradient: 'none',},\n    \t\tclip:  { \n    \t\t\turl: '\/blog\/wp-content\/uploads\/2009\/01\/20100708\/SpotViolencianeroCabildodeLaPalmamov.flv',\n        \t\tscaling: 'fit', autoPlay: false, autoBuffering: true \n\t\t\t\t   , onFinish : function () { this.seek(0); }  \n\n\t        }\n\n\t\t});\n}\n<\/script><br \/>\n<\/br><\/p>\n<p>[icon color=\u00bbAccent-Color\u00bb size=\u00bbregular\u00bb image=\u00bbsteadysets-icon-chat\u00bb] <strong>Contexto<\/strong><\/br><\/br><\/p>\n<p style=\"text-align: justify;\">Spot contra la Violencia de Genero realizado por el Cabildo de la Palma en 2010. La pieza es interesante en la medida en que con pocos recursos logra posicionar un mensaje de sensibilizaci\u00f3n hacia la denuncia.<\/p><\/p>\n","protected":false},"excerpt":{"rendered":"<p>*Video: todas como mar\u00eda &#8211; instituto canario de la mujer [icon color=\u00bbAccent-Color\u00bb size=\u00bbregular\u00bb image=\u00bbsteadysets-icon-chat\u00bb] Contexto Spot contra la Violencia de Genero realizado por el Cabildo de la Palma en 2010. La pieza es interesante en la medida en que con pocos recursos logra posicionar un mensaje de sensibilizaci\u00f3n hacia la denuncia.<\/p>\n","protected":false},"author":5,"featured_media":24491,"comment_status":"open","ping_status":"open","sticky":false,"template":"","format":"standard","meta":{"_et_pb_use_builder":"","_et_pb_old_content":"","_et_gb_content_width":"","advanced_seo_description":"","jetpack_seo_html_title":"","jetpack_seo_noindex":false,"footnotes":""},"categories":[687,263,27,23,10,35,11,3],"tags":[317,316],"class_list":["post-24490","post","type-post","status-publish","format-standard","has-post-thumbnail","hentry","category-687","category-ano","category-divulgacion-politica","category-espana","category-geo","category-mensaje-politico","category-temas","category-video","tag-maltrato","tag-violencia-de-genero"],"jetpack_featured_media_url":"https:\/\/i0.wp.com\/estrategica.com.co\/blog\/wp-content\/uploads\/2010\/07\/SpotViolencianeroCabildodeLaPalmamov_thumb.png?fit=622%2C510&ssl=1","jetpack_shortlink":"https:\/\/wp.me\/p4wgsh-6n0","jetpack-related-posts":[{"id":23275,"url":"https:\/\/estrategica.com.co\/blog\/violencia-domestica-una-lucha-colectiva-organizacion-violencia-contra-la-mujer\/","url_meta":{"origin":24490,"position":0},"title":"Violencia Domestica una Lucha Colectiva &#8211; Organizaci\u00f3n Violencia contra la Mujer","author":"Juliana","date":"abril 17, 2011","format":false,"excerpt":"[hana-flv-player video=\"\/blog\/wp-content\/uploads\/2009\/01\/20100708\/Collectifdeluttecontrelesviolencesfaitesauxfemms.flv\" width=\"550\" height=\"\" description=\"Violencia Domestica una Lucha Colectiva - Organizaci\u00f3n Violencia contra la Mujer\" clickurl=\"\" clicktarget=\"\" player=\"4\" autoplay=\"false\" loop=\"false\" autorewind=\"true\" splashimage=\"\" skin=\"\" \/] [icon color=\"Accent-Color\" size=\"regular\" image=\"steadysets-icon-chat\"] Contexto Spot de la Organizaci\u00f3n Violencia contra la Mujer, en el a\u00f1o 2010, para posicionar la consigna de que la violencia contra\u2026","rel":"","context":"En \u00ab2010\u00bb","block_context":{"text":"2010","link":"https:\/\/estrategica.com.co\/blog\/category\/ano\/2010\/"},"img":{"alt_text":"","src":"https:\/\/i0.wp.com\/estrategica.com.co\/blog\/wp-content\/uploads\/2010\/07\/Collectifdeluttecontrelesviolencesfaitesauxfemms_thumb.png?fit=511%2C394&ssl=1&resize=350%2C200","width":350,"height":200},"classes":[]},{"id":8366,"url":"https:\/\/estrategica.com.co\/blog\/maria-soy-mama-comunidad-de-madrid\/","url_meta":{"origin":24490,"position":1},"title":"Maria soy Mam\u00e1 &#8211; Comunidad de Madrid","author":"Juliana","date":"marzo 28, 2009","format":false,"excerpt":"[hana-flv-player video=\"\/blog\/wp-content\/uploads\/2009\/01\/videos_varios_f\/Violencia_de_Gnero_Madre.flv\" width=\"550\" height=\"\" description=\"Maria soy Mam\u00e1 - Comunidad de Madrid\" clickurl=\"\" clicktarget=\"\" player=\"4\" autoplay=\"false\" loop=\"false\" autorewind=\"true\" splashimage=\"\" skin=\"\" \/] [icon color=\"Accent-Color\" size=\"regular\" image=\"steadysets-icon-chat\"] Contexto Campa\u00f1a de la Comunidad de Madrid contra la violencia de g\u00e9nero en el a\u00f1o 2008. En la historia hay una mujer que llama y del\u2026","rel":"","context":"En \u00ab2008\u00bb","block_context":{"text":"2008","link":"https:\/\/estrategica.com.co\/blog\/category\/ano\/2008\/"},"img":{"alt_text":"","src":"","width":0,"height":0},"classes":[]},{"id":18263,"url":"https:\/\/estrategica.com.co\/blog\/violencia-de-genero-psoe\/","url_meta":{"origin":24490,"position":2},"title":"Violencia de G\u00e9nero &#8211; PSOE","author":"Juliana","date":"junio 30, 2009","format":false,"excerpt":"[hana-flv-player video=\"\/blog\/wp-content\/uploads\/2009\/01\/videosultimosconver\/violenciadegenero.flv\" width=\"550\" height=\"\" description=\"Violencia de G\u00e9nero - PSOE\" clickurl=\"\" clicktarget=\"\" player=\"4\" autoplay=\"false\" loop=\"false\" autorewind=\"true\" splashimage=\"\" skin=\"\" \/] [icon color=\"Accent-Color\" size=\"regular\" image=\"steadysets-icon-chat\"] Contexto Acto del PSOE en donde un grupo de actores, en presencia de la Ministra de Igualdad, posicionan un mensaje con ocasi\u00f3n del d\u00eda internacional de la lucha\u2026","rel":"","context":"En \u00ab2008\u00bb","block_context":{"text":"2008","link":"https:\/\/estrategica.com.co\/blog\/category\/ano\/2008\/"},"img":{"alt_text":"","src":"https:\/\/i0.wp.com\/estrategica.com.co\/blog\/wp-content\/uploads\/2009\/06\/violenciadegenero_thumb.png?fit=659%2C419&ssl=1&resize=350%2C200","width":350,"height":200},"classes":[]},{"id":23388,"url":"https:\/\/estrategica.com.co\/blog\/violencia-domestica-amnistia-internacional\/","url_meta":{"origin":24490,"position":3},"title":"Violencia Domestica &#8211; Amnist\u00eda Internacional","author":"Juliana","date":"julio 13, 2010","format":false,"excerpt":"[hana-flv-player video=\"\/blog\/wp-content\/uploads\/2009\/01\/20100708\/DangerousWalkStopDomesticViolenceAmnestyInternational.flv\" width=\"550\" height=\"\" description=\"Violencia Domestica - Amnist\u00eda Internacional\" clickurl=\"\" clicktarget=\"\" player=\"4\" autoplay=\"false\" loop=\"false\" autorewind=\"true\" splashimage=\"\" skin=\"\" \/] [icon color=\"Accent-Color\" size=\"regular\" image=\"steadysets-icon-chat\"] Contexto Spot Contra la Violencia Domestica realizado en el 2010 por Amnist\u00eda Internacional en Hungr\u00eda. La pieza tiene tensi\u00f3n dram\u00e1tica y un desenlace imprevisto. El mensaje \u201cpara algunas\u2026","rel":"","context":"En \u00ab2010\u00bb","block_context":{"text":"2010","link":"https:\/\/estrategica.com.co\/blog\/category\/ano\/2010\/"},"img":{"alt_text":"","src":"https:\/\/i0.wp.com\/estrategica.com.co\/blog\/wp-content\/uploads\/2010\/07\/DangerousWalkStopDomesticViolenceAmnestyInternational_thumb.png?fit=507%2C315&ssl=1&resize=350%2C200","width":350,"height":200},"classes":[]},{"id":6985,"url":"https:\/\/estrategica.com.co\/blog\/ante-el-maltratador-tolerancia-cero-hombres\/","url_meta":{"origin":24490,"position":4},"title":"Ante el maltratador tolerancia cero &#8211; hombres","author":"Juliana","date":"marzo 20, 2009","format":false,"excerpt":"[hana-flv-player video=\"\/blog\/wp-content\/uploads\/2009\/01\/videos_varios_f\/Ante_el_maltratador_tolerancia_cero_spot_hombres_0_0.flv\" width=\"550\" height=\"\" description=\"Ante el maltratador tolerancia cero - hombres\" clickurl=\"\" clicktarget=\"\" player=\"4\" autoplay=\"false\" loop=\"false\" autorewind=\"true\" splashimage=\"\" skin=\"\" \/] [icon color=\"Accent-Color\" size=\"regular\" image=\"steadysets-icon-chat\"] Contexto Campa\u00f1a del Ministerio de Igualdad contra la violencia de g\u00e9nero: \u201cAnte el maltratador, tolerancia cero\u201d lanzada el 8 de julio de 2008. El Ministerio expres\u00f3,\u2026","rel":"","context":"En \u00ab2008\u00bb","block_context":{"text":"2008","link":"https:\/\/estrategica.com.co\/blog\/category\/ano\/2008\/"},"img":{"alt_text":"","src":"","width":0,"height":0},"classes":[]},{"id":6991,"url":"https:\/\/estrategica.com.co\/blog\/ante-el-maltratador-tolerancia-cero-mujeres\/","url_meta":{"origin":24490,"position":5},"title":"Ante el maltratador tolerancia cero &#8211; mujeres","author":"Juliana","date":"marzo 20, 2009","format":false,"excerpt":"[hana-flv-player video=\"\/blog\/wp-content\/uploads\/2009\/01\/videos_varios_f\/Ante_el_maltratador_tolerancia_cero_spot_mujeres_0.flv\" width=\"550\" height=\"\" description=\"Ante el maltratador tolerancia cero - mujeres\" clickurl=\"\" clicktarget=\"\" player=\"4\" autoplay=\"false\" loop=\"false\" autorewind=\"true\" splashimage=\"\" skin=\"\" \/] [icon color=\"Accent-Color\" size=\"regular\" image=\"steadysets-icon-chat\"] Contexto Campa\u00f1a del Ministerio de Igualdad contra la violencia de g\u00e9nero: \u201cAnte el maltratador, tolerancia cero\u201d lanzada el 8 de julio de 2008. El Ministerio expres\u00f3,\u2026","rel":"","context":"En \u00ab2008\u00bb","block_context":{"text":"2008","link":"https:\/\/estrategica.com.co\/blog\/category\/ano\/2008\/"},"img":{"alt_text":"","src":"","width":0,"height":0},"classes":[]}],"jetpack_sharing_enabled":true,"_links":{"self":[{"href":"https:\/\/estrategica.com.co\/blog\/wp-json\/wp\/v2\/posts\/24490","targetHints":{"allow":["GET"]}}],"collection":[{"href":"https:\/\/estrategica.com.co\/blog\/wp-json\/wp\/v2\/posts"}],"about":[{"href":"https:\/\/estrategica.com.co\/blog\/wp-json\/wp\/v2\/types\/post"}],"author":[{"embeddable":true,"href":"https:\/\/estrategica.com.co\/blog\/wp-json\/wp\/v2\/users\/5"}],"replies":[{"embeddable":true,"href":"https:\/\/estrategica.com.co\/blog\/wp-json\/wp\/v2\/comments?post=24490"}],"version-history":[{"count":4,"href":"https:\/\/estrategica.com.co\/blog\/wp-json\/wp\/v2\/posts\/24490\/revisions"}],"predecessor-version":[{"id":42732,"href":"https:\/\/estrategica.com.co\/blog\/wp-json\/wp\/v2\/posts\/24490\/revisions\/42732"}],"wp:featuredmedia":[{"embeddable":true,"href":"https:\/\/estrategica.com.co\/blog\/wp-json\/wp\/v2\/media\/24491"}],"wp:attachment":[{"href":"https:\/\/estrategica.com.co\/blog\/wp-json\/wp\/v2\/media?parent=24490"}],"wp:term":[{"taxonomy":"category","embeddable":true,"href":"https:\/\/estrategica.com.co\/blog\/wp-json\/wp\/v2\/categories?post=24490"},{"taxonomy":"post_tag","embeddable":true,"href":"https:\/\/estrategica.com.co\/blog\/wp-json\/wp\/v2\/tags?post=24490"}],"curies":[{"name":"wp","href":"https:\/\/api.w.org\/{rel}","templated":true}]}}