{"id":24505,"date":"2010-08-26T17:55:17","date_gmt":"2010-08-26T17:55:17","guid":{"rendered":"http:\/\/estrategica.com.co\/blog\/?p=24505"},"modified":"2014-09-10T14:55:09","modified_gmt":"2014-09-10T19:55:09","slug":"accidente-cerebrovascular-stroke-association","status":"publish","type":"post","link":"https:\/\/estrategica.com.co\/blog\/accidente-cerebrovascular-stroke-association\/","title":{"rendered":"Accidente Cerebrovascular &#8211; Stroke Association"},"content":{"rendered":"<p> <script type='text\/javascript' src='https:\/\/estrategica.com.co\/blog\/wp-content\/plugins\/hana-flv-player\/flowplayer3\/example\/flowplayer-3.2.6.min.js'><\/script>\n<div >\n<div id='hana_flv_flow3_1' style='display:block;width:550px;height:413px;background-color:#555555;color:#ffffff;padding:0' title=\"*Video:accidente cerebrovascular - stroke association\"><\/div>\n<\/div>\n\n<script  type='text\/javascript'>\nif (typeof g_hanaFlash !== 'undefined' && !g_hanaFlash){\n    jQuery('#hana_flv_flow3_1').css( 'padding', '5px' );\n\tjQuery('#hana_flv_flow3_1').html(\"<span class='inactive_message' style='display:block'>Sorry, your browser does not support Flash Video Player<\/span> *Video:accidente cerebrovascular - stroke association\");\n}else{\t\t\t\n\t\tflowplayer('hana_flv_flow3_1', { src: 'https:\/\/estrategica.com.co\/blog\/wp-content\/plugins\/hana-flv-player\/flowplayer3\/flowplayer-3.2.7.swf', wmode: 'transparent' }, { \n\n\t\t\tcanvas: { backgroundColor: '#000000', backgroundGradient: 'none',},\n    \t\tclip:  { \n    \t\t\turl: '\/blog\/wp-content\/uploads\/2009\/01\/20100708\/StrokAwarenessPSABullEye.flv',\n        \t\tscaling: 'fit', autoPlay: false, autoBuffering: true \n\t\t\t\t   , onFinish : function () { this.seek(0); }  \n\n\t        }\n\n\t\t});\n}\n<\/script><br \/>\n<\/br><\/p>\n<p>[icon color=\u00bbAccent-Color\u00bb size=\u00bbregular\u00bb image=\u00bbsteadysets-icon-chat\u00bb] <strong>Contexto<\/strong><\/br><\/br><\/p>\n<p style=\"text-align: justify;\">Spot de la Stroke Association, o asociaci\u00f3n de accidente cerebrovascular, para posicionar dicha problem\u00e1tica en la ciudadan\u00eda, en el a\u00f1o 2008. El accidente cerebrovascular es la tercera causa principal de muerte en Estados Unidos. Una persona sufre un ataque cada 45 segundos y hay 700.000 nuevos accidentes cerebrovasculares cada a\u00f1o. El accidente cerebrovascular es la principal causa de discapacidad grave, ya que puede causar par\u00e1lisis, problemas de visi\u00f3n, p\u00e9rdida de memoria y problemas del lenguaje. Los grupos de mayor riesgo son tambi\u00e9n los menos informados acerca de las se\u00f1ales de advertencia y los factores de riesgo. Aunque los ataques cerebrales son comunes se piensa que es algo que acontece s\u00f3lo a adultos mayores, ignorando que puede atacar a personas de todas las edades. La campa\u00f1a, que comenz\u00f3 en abril de 2003, tiene como objetivo posicionar la importancia de conocer lo s\u00edntomas para disminuir los efectos.<\/p><\/p>\n","protected":false},"excerpt":{"rendered":"<p>*Video: accidente cerebrovascular &#8211; stroke association [icon color=\u00bbAccent-Color\u00bb size=\u00bbregular\u00bb image=\u00bbsteadysets-icon-chat\u00bb] Contexto Spot de la Stroke Association, o asociaci\u00f3n de accidente cerebrovascular, para posicionar dicha problem\u00e1tica en la ciudadan\u00eda, en el a\u00f1o 2008. El accidente cerebrovascular es la tercera causa principal de muerte en Estados Unidos. Una persona sufre un ataque cada 45 segundos y hay [&hellip;]<\/p>\n","protected":false},"author":5,"featured_media":24506,"comment_status":"open","ping_status":"open","sticky":false,"template":"","format":"standard","meta":{"_et_pb_use_builder":"","_et_pb_old_content":"","_et_gb_content_width":"","advanced_seo_description":"","jetpack_seo_html_title":"","jetpack_seo_noindex":false,"footnotes":""},"categories":[268,263,27,64,10,35,11,3],"tags":[786],"class_list":["post-24505","post","type-post","status-publish","format-standard","has-post-thumbnail","hentry","category-268","category-ano","category-divulgacion-politica","category-estados-unidos","category-geo","category-mensaje-politico","category-temas","category-video","tag-stroke-association"],"jetpack_featured_media_url":"https:\/\/i0.wp.com\/estrategica.com.co\/blog\/wp-content\/uploads\/2010\/07\/StrokAwarenessPSABullEye_thumb.png?fit=624%2C510&ssl=1","jetpack_shortlink":"https:\/\/wp.me\/p4wgsh-6nf","jetpack-related-posts":[{"id":24184,"url":"https:\/\/estrategica.com.co\/blog\/accidentado\/","url_meta":{"origin":24505,"position":0},"title":"Accidentado","author":"Juliana","date":"octubre 20, 2010","format":false,"excerpt":"[hana-flv-player video=\"\/blog\/wp-content\/uploads\/2009\/01\/20100708\/Shockingcommercial.flv\" width=\"550\" height=\"\" description=\"Accidentado\" clickurl=\"\" clicktarget=\"\" player=\"4\" autoplay=\"false\" loop=\"false\" autorewind=\"true\" splashimage=\"\" skin=\"\" \/] [icon color=\"Accent-Color\" size=\"regular\" image=\"steadysets-icon-chat\"] Contexto Spot del gobierno de Francia en el a\u00f1o 2010, para evidenciar, en forma dram\u00e1tica, los peligros de manejar embriagado. Una pieza bien dise\u00f1ada y producida que a trav\u00e9s de la crudeza\u2026","rel":"","context":"En \u00ab2010\u00bb","block_context":{"text":"2010","link":"https:\/\/estrategica.com.co\/blog\/category\/ano\/2010\/"},"img":{"alt_text":"","src":"https:\/\/i0.wp.com\/estrategica.com.co\/blog\/wp-content\/uploads\/2010\/07\/Shockingcommercial_thumb.png?fit=500%2C313&ssl=1&resize=350%2C200","width":350,"height":200},"classes":[]},{"id":24487,"url":"https:\/\/estrategica.com.co\/blog\/impacto-asociacion-holandesa-de-las-victimas-del-transito\/","url_meta":{"origin":24505,"position":1},"title":"Impacto &#8211; Asociaci\u00f3n Holandesa de las V\u00edctimas del Tr\u00e1nsito","author":"Juliana","date":"octubre 12, 2010","format":false,"excerpt":"[hana-flv-player video=\"\/blog\/wp-content\/uploads\/2009\/01\/20100708\/Spottvblogspot.flv\" width=\"550\" height=\"\" description=\"Impacto - Asociaci\u00f3n Holandesa de las V\u00edctimas del Tr\u00e1nsito\" clickurl=\"\" clicktarget=\"\" player=\"4\" autoplay=\"false\" loop=\"false\" autorewind=\"true\" splashimage=\"\" skin=\"\" \/] [icon color=\"Accent-Color\" size=\"regular\" image=\"steadysets-icon-chat\"] Contexto Spot de la Asociaci\u00f3n Holandesa de las V\u00edctimas del Tr\u00e1nsito, del a\u00f1o 2009, con el fin de evidenciar el impacto que tiene un\u2026","rel":"","context":"En \u00ab2009\u00bb","block_context":{"text":"2009","link":"https:\/\/estrategica.com.co\/blog\/category\/ano\/2009\/"},"img":{"alt_text":"","src":"https:\/\/i0.wp.com\/estrategica.com.co\/blog\/wp-content\/uploads\/2010\/07\/Spottvblogspot_thumb.png?fit=600%2C402&ssl=1&resize=350%2C200","width":350,"height":200},"classes":[]},{"id":23382,"url":"https:\/\/estrategica.com.co\/blog\/apague-el-celular-national-safety-council\/","url_meta":{"origin":24505,"position":2},"title":"Apague el Celular &#8211; National Safety Council","author":"Juliana","date":"abril 25, 2011","format":false,"excerpt":"[hana-flv-player video=\"\/blog\/wp-content\/uploads\/2009\/01\/20100708\/CTIAampNationalSafetyCouncilTeenFocusedPSAquotOn.flv\" width=\"550\" height=\"\" description=\"Apague el Celular - National Safety Council\" clickurl=\"\" clicktarget=\"\" player=\"4\" autoplay=\"false\" loop=\"false\" autorewind=\"true\" splashimage=\"\" skin=\"\" \/] [icon color=\"Accent-Color\" size=\"regular\" image=\"steadysets-icon-chat\"] Contexto Spot del National Safety Council (NSC) del 2009 para posicionar en los j\u00f3venes el peligro de chatear en su celular mientras manejan. La pieza es\u2026","rel":"","context":"En \u00ab2009\u00bb","block_context":{"text":"2009","link":"https:\/\/estrategica.com.co\/blog\/category\/ano\/2009\/"},"img":{"alt_text":"","src":"https:\/\/i0.wp.com\/estrategica.com.co\/blog\/wp-content\/uploads\/2010\/07\/CTIAampNationalSafetyCouncilTeenFocusedPSAquotOn_thumb.png?fit=590%2C361&ssl=1&resize=350%2C200","width":350,"height":200},"classes":[]},{"id":8043,"url":"https:\/\/estrategica.com.co\/blog\/sin-miedo-contra-la-corriente-en-chile-nadie-pesca\/","url_meta":{"origin":24505,"position":3},"title":"SIN MIEDO Contra la Corriente &#8211; En Chile Nadie Pesca","author":"estrategica.com","date":"marzo 24, 2009","format":false,"excerpt":"Campa\u00f1a de Oxfam y la fundaci\u00f3n Terram que busca informar y sensibilizar a nivel nacional sobre el impacto en materia laboral y ambiental de la salmonicultura. Chile es uno de los principales productores a nivel mundial de con ventas de m\u00e1s de dos mil doscientos millones de d\u00f3lares. Sin embargo,\u2026","rel":"","context":"En \u00ab2008\u00bb","block_context":{"text":"2008","link":"https:\/\/estrategica.com.co\/blog\/category\/ano\/2008\/"},"img":{"alt_text":"","src":"https:\/\/i0.wp.com\/estrategica.com.co\/blog\/wp-content\/uploads\/2009\/03\/2122775785_cec6ab9bb6_b.jpg?fit=1024%2C682&ssl=1&resize=350%2C200","width":350,"height":200},"classes":[]},{"id":8041,"url":"https:\/\/estrategica.com.co\/blog\/sin-miedo-contra-la-corriente-el-salmon-crece-a-toda-costa-chile\/","url_meta":{"origin":24505,"position":4},"title":"SIN MIEDO Contra la Corriente &#8211; El Salm\u00f3n Crece a Toda Costa &#8211; Chile","author":"estrategica.com","date":"marzo 24, 2009","format":false,"excerpt":"Campa\u00f1a de Oxfam y la fundaci\u00f3n Terram que busca informar y sensibilizar a nivel nacional sobre el impacto en materia laboral y ambiental de la salmonicultura. Chile es uno de los principales productores a nivel mundial de\u00a0 Salm\u00f3n con ventas de m\u00e1s de dos mil doscientos millones de d\u00f3lares. Sin\u2026","rel":"","context":"En \u00ab2008\u00bb","block_context":{"text":"2008","link":"https:\/\/estrategica.com.co\/blog\/category\/ano\/2008\/"},"img":{"alt_text":"","src":"https:\/\/i0.wp.com\/estrategica.com.co\/blog\/wp-content\/uploads\/2009\/03\/2122771403_c9edcd63bf_b.jpg?fit=1024%2C682&ssl=1&resize=350%2C200","width":350,"height":200},"classes":[]},{"id":15782,"url":"https:\/\/estrategica.com.co\/blog\/reforma-previsional-chile-se-la-gano-bachelet\/","url_meta":{"origin":24505,"position":5},"title":"Reforma Previsional &#8211; Chile se la Gan\u00f3 &#8211; Bachelet","author":"Juliana","date":"junio 14, 2009","format":false,"excerpt":"[hana-flv-player video=\"\/blog\/wp-content\/uploads\/2009\/01\/videos_ultimos\/av305.flv\" width=\"550\" height=\"\" description=\"Reforma Previsional - Chile se la Gan\u00f3 - Bachelet\" clickurl=\"\" clicktarget=\"\" player=\"4\" autoplay=\"false\" loop=\"false\" autorewind=\"true\" splashimage=\"\" skin=\"\" \/] [icon color=\"Accent-Color\" size=\"regular\" image=\"steadysets-icon-chat\"] Contexto Spot del Gobierno de Chile que busca el posicionamiento de la Reforma Previsional que era, sin lugar a dudas, uno de los proyectos\u2026","rel":"","context":"En \u00ab2008\u00bb","block_context":{"text":"2008","link":"https:\/\/estrategica.com.co\/blog\/category\/ano\/2008\/"},"img":{"alt_text":"","src":"https:\/\/i0.wp.com\/estrategica.com.co\/blog\/wp-content\/uploads\/2009\/05\/av305_thumb.png?fit=462%2C335&ssl=1&resize=350%2C200","width":350,"height":200},"classes":[]}],"jetpack_sharing_enabled":true,"_links":{"self":[{"href":"https:\/\/estrategica.com.co\/blog\/wp-json\/wp\/v2\/posts\/24505","targetHints":{"allow":["GET"]}}],"collection":[{"href":"https:\/\/estrategica.com.co\/blog\/wp-json\/wp\/v2\/posts"}],"about":[{"href":"https:\/\/estrategica.com.co\/blog\/wp-json\/wp\/v2\/types\/post"}],"author":[{"embeddable":true,"href":"https:\/\/estrategica.com.co\/blog\/wp-json\/wp\/v2\/users\/5"}],"replies":[{"embeddable":true,"href":"https:\/\/estrategica.com.co\/blog\/wp-json\/wp\/v2\/comments?post=24505"}],"version-history":[{"count":4,"href":"https:\/\/estrategica.com.co\/blog\/wp-json\/wp\/v2\/posts\/24505\/revisions"}],"predecessor-version":[{"id":42409,"href":"https:\/\/estrategica.com.co\/blog\/wp-json\/wp\/v2\/posts\/24505\/revisions\/42409"}],"wp:featuredmedia":[{"embeddable":true,"href":"https:\/\/estrategica.com.co\/blog\/wp-json\/wp\/v2\/media\/24506"}],"wp:attachment":[{"href":"https:\/\/estrategica.com.co\/blog\/wp-json\/wp\/v2\/media?parent=24505"}],"wp:term":[{"taxonomy":"category","embeddable":true,"href":"https:\/\/estrategica.com.co\/blog\/wp-json\/wp\/v2\/categories?post=24505"},{"taxonomy":"post_tag","embeddable":true,"href":"https:\/\/estrategica.com.co\/blog\/wp-json\/wp\/v2\/tags?post=24505"}],"curies":[{"name":"wp","href":"https:\/\/api.w.org\/{rel}","templated":true}]}}