{"id":24533,"date":"2010-08-25T02:26:19","date_gmt":"2010-08-25T02:26:19","guid":{"rendered":"http:\/\/estrategica.com.co\/blog\/?p=24533"},"modified":"2014-09-10T16:19:46","modified_gmt":"2014-09-10T21:19:46","slug":"apoyo-a-las-fuerzas-armadas-sacramento","status":"publish","type":"post","link":"https:\/\/estrategica.com.co\/blog\/apoyo-a-las-fuerzas-armadas-sacramento\/","title":{"rendered":"Apoyo a las Fuerzas Armadas &#8211; Sacramento"},"content":{"rendered":"<p> <script type='text\/javascript' src='https:\/\/estrategica.com.co\/blog\/wp-content\/plugins\/hana-flv-player\/flowplayer3\/example\/flowplayer-3.2.6.min.js'><\/script>\n<div >\n<div id='hana_flv_flow3_1' style='display:block;width:550px;height:413px;background-color:#555555;color:#ffffff;padding:0' title=\"*Video:apoyo a las fuerzas armadas - sacramento\"><\/div>\n<\/div>\n\n<script  type='text\/javascript'>\nif (typeof g_hanaFlash !== 'undefined' && !g_hanaFlash){\n    jQuery('#hana_flv_flow3_1').css( 'padding', '5px' );\n\tjQuery('#hana_flv_flow3_1').html(\"<span class='inactive_message' style='display:block'>Sorry, your browser does not support Flash Video Player<\/span> *Video:apoyo a las fuerzas armadas - sacramento\");\n}else{\t\t\t\n\t\tflowplayer('hana_flv_flow3_1', { src: 'https:\/\/estrategica.com.co\/blog\/wp-content\/plugins\/hana-flv-player\/flowplayer3\/flowplayer-3.2.7.swf', wmode: 'transparent' }, { \n\n\t\t\tcanvas: { backgroundColor: '#000000', backgroundGradient: 'none',},\n    \t\tclip:  { \n    \t\t\turl: '\/blog\/wp-content\/uploads\/2009\/01\/20100708\/TercerInformeenadorSpotFuerzasArmadas.flv',\n        \t\tscaling: 'fit', autoPlay: false, autoBuffering: true \n\t\t\t\t   , onFinish : function () { this.seek(0); }  \n\n\t        }\n\n\t\t});\n}\n<\/script><br \/>\n<\/br><\/p>\n<p>[icon color=\u00bbAccent-Color\u00bb size=\u00bbregular\u00bb image=\u00bbsteadysets-icon-chat\u00bb] <strong>Contexto<\/strong><\/br><\/br><\/p>\n<p style=\"text-align: justify;\">Spot del Senador Jos\u00e9 Juli\u00e1n Sacramento Garza en donde rinde cuentas de su gesti\u00f3n como senador, con el fin claro de posicionar su aspiraci\u00f3n a la gobernaci\u00f3n de Tamaulipas, en las elecciones de 2010, a nombre del PAN. Las piezas buscan generar la percepci\u00f3n de que el Senador Sacramento tiene palabra y cumple lo que propone. Al final fue derrotado por el candidato del PRI, Egidio Torre Cant\u00fa, quien asumi\u00f3 las aspiraci\u00f3n luego de que su hermano, Rodolfo Torre Cant\u00fa, fue asesinado durante el transcurso de la contienda.<\/p><\/p>\n","protected":false},"excerpt":{"rendered":"<p>*Video: apoyo a las fuerzas armadas &#8211; sacramento [icon color=\u00bbAccent-Color\u00bb size=\u00bbregular\u00bb image=\u00bbsteadysets-icon-chat\u00bb] Contexto Spot del Senador Jos\u00e9 Juli\u00e1n Sacramento Garza en donde rinde cuentas de su gesti\u00f3n como senador, con el fin claro de posicionar su aspiraci\u00f3n a la gobernaci\u00f3n de Tamaulipas, en las elecciones de 2010, a nombre del PAN. Las piezas buscan generar [&hellip;]<\/p>\n","protected":false},"author":5,"featured_media":24534,"comment_status":"open","ping_status":"open","sticky":false,"template":"","format":"standard","meta":{"_et_pb_use_builder":"","_et_pb_old_content":"","_et_gb_content_width":"","advanced_seo_description":"","jetpack_seo_html_title":"","jetpack_seo_noindex":false,"footnotes":""},"categories":[687,263,59,10,35,201,11,3],"tags":[684,771,255],"class_list":["post-24533","post","type-post","status-publish","format-standard","has-post-thumbnail","hentry","category-687","category-ano","category-campana-uninominal","category-geo","category-mensaje-politico","category-mexico","category-temas","category-video","tag-elecciones-2010","tag-jose-julian-sacramento-garza","tag-pan"],"jetpack_featured_media_url":"https:\/\/i0.wp.com\/estrategica.com.co\/blog\/wp-content\/uploads\/2010\/07\/TercerInformeenadorSpotFuerzasArmadas_thumb.png?fit=520%2C431&ssl=1","jetpack_shortlink":"https:\/\/wp.me\/p4wgsh-6nH","jetpack-related-posts":[{"id":23284,"url":"https:\/\/estrategica.com.co\/blog\/desde-el-senado-sacramento\/","url_meta":{"origin":24533,"position":0},"title":"Desde el Senado &#8211; Sacramento","author":"Juliana","date":"septiembre 22, 2010","format":false,"excerpt":"[hana-flv-player video=\"\/blog\/wp-content\/uploads\/2009\/01\/20100708\/ComercialSacramento.flv\" width=\"550\" height=\"\" description=\"Desde el Senado - Sacramento\" clickurl=\"\" clicktarget=\"\" player=\"4\" autoplay=\"false\" loop=\"false\" autorewind=\"true\" splashimage=\"\" skin=\"\" \/] [icon color=\"Accent-Color\" size=\"regular\" image=\"steadysets-icon-chat\"] Contexto Spot de la campa\u00f1a de Jos\u00e9 Juli\u00e1n Sacramento Garza a la Gobernaci\u00f3n de Tamaulipas durante la contienda electoral de 2010, a nombre del PAN. Al final fue\u2026","rel":"","context":"En \u00ab2010\u00bb","block_context":{"text":"2010","link":"https:\/\/estrategica.com.co\/blog\/category\/ano\/2010\/"},"img":{"alt_text":"","src":"https:\/\/i0.wp.com\/estrategica.com.co\/blog\/wp-content\/uploads\/2010\/07\/ComercialSacramento_thumb.png?fit=448%2C360&ssl=1&resize=350%2C200","width":350,"height":200},"classes":[]},{"id":24263,"url":"https:\/\/estrategica.com.co\/blog\/biografia-sacramento\/","url_meta":{"origin":24533,"position":1},"title":"Biograf\u00eda &#8211; Sacramento","author":"Juliana","date":"septiembre 18, 2010","format":false,"excerpt":"[hana-flv-player video=\"\/blog\/wp-content\/uploads\/2009\/01\/20100708\/SpotBiogrJoseJulianSacramento.flv\" width=\"550\" height=\"\" description=\"Biograf\u00eda - Sacramento\" clickurl=\"\" clicktarget=\"\" player=\"4\" autoplay=\"false\" loop=\"false\" autorewind=\"true\" splashimage=\"\" skin=\"\" \/] [icon color=\"Accent-Color\" size=\"regular\" image=\"steadysets-icon-chat\"] Contexto Spot de la campa\u00f1a de Jos\u00e9 Juli\u00e1n Sacramento Garza a la Gobernaci\u00f3n de Tamaulipas durante la contienda electoral de 2010, a nombre del PAN. Al final fue derrotado por\u2026","rel":"","context":"En \u00ab2010\u00bb","block_context":{"text":"2010","link":"https:\/\/estrategica.com.co\/blog\/category\/ano\/2010\/"},"img":{"alt_text":"","src":"https:\/\/i0.wp.com\/estrategica.com.co\/blog\/wp-content\/uploads\/2010\/07\/SpotBiogrJoseJulianSacramento_thumb.png?fit=672%2C357&ssl=1&resize=350%2C200","width":350,"height":200},"classes":[]},{"id":24291,"url":"https:\/\/estrategica.com.co\/blog\/informe-sacramento\/","url_meta":{"origin":24533,"position":2},"title":"Informe &#8211; Sacramento","author":"Juliana","date":"septiembre 18, 2010","format":false,"excerpt":"[hana-flv-player video=\"\/blog\/wp-content\/uploads\/2009\/01\/20100708\/SpotInforme.flv\" width=\"550\" height=\"\" description=\"Informe - Sacramento\" clickurl=\"\" clicktarget=\"\" player=\"4\" autoplay=\"false\" loop=\"false\" autorewind=\"true\" splashimage=\"\" skin=\"\" \/] [icon color=\"Accent-Color\" size=\"regular\" image=\"steadysets-icon-chat\"] Contexto Spot de la campa\u00f1a de Jos\u00e9 Juli\u00e1n Sacramento Garza a la Gobernaci\u00f3n de Tamaulipas durante la contienda electoral de 2010, a nombre del PAN. Al final fue derrotado por\u2026","rel":"","context":"En \u00ab2010\u00bb","block_context":{"text":"2010","link":"https:\/\/estrategica.com.co\/blog\/category\/ano\/2010\/"},"img":{"alt_text":"","src":"https:\/\/i0.wp.com\/estrategica.com.co\/blog\/wp-content\/uploads\/2010\/07\/SpotInforme_thumb.png?fit=570%2C348&ssl=1&resize=350%2C200","width":350,"height":200},"classes":[]},{"id":24374,"url":"https:\/\/estrategica.com.co\/blog\/prosperidad-sacramento\/","url_meta":{"origin":24533,"position":3},"title":"Prosperidad &#8211; Sacramento","author":"Juliana","date":"agosto 19, 2010","format":false,"excerpt":"[hana-flv-player video=\"\/blog\/wp-content\/uploads\/2009\/01\/20100708\/SpotSacramento.flv\" width=\"550\" height=\"\" description=\"Prosperidad - Sacramento\" clickurl=\"\" clicktarget=\"\" player=\"4\" autoplay=\"false\" loop=\"false\" autorewind=\"true\" splashimage=\"\" skin=\"\" \/] [icon color=\"Accent-Color\" size=\"regular\" image=\"steadysets-icon-chat\"] Contexto Spot de la campa\u00f1a de Jos\u00e9 Juli\u00e1n Sacramento Garza a la Gobernaci\u00f3n de Tamaulipas durante la contienda electoral de 2010, a nombre del PAN. Al final fue derrotado por\u2026","rel":"","context":"En \u00abCampa\u00f1a Uninominal\u00bb","block_context":{"text":"Campa\u00f1a Uninominal","link":"https:\/\/estrategica.com.co\/blog\/category\/temas\/campana-uninominal\/"},"img":{"alt_text":"","src":"https:\/\/i0.wp.com\/estrategica.com.co\/blog\/wp-content\/uploads\/2010\/07\/SpotSacramento_thumb.png?fit=546%2C399&ssl=1&resize=350%2C200","width":350,"height":200},"classes":[]},{"id":24827,"url":"https:\/\/estrategica.com.co\/blog\/ya-decidi-jovenes-sacramento\/","url_meta":{"origin":24533,"position":4},"title":"Ya Decidi &#8211; J\u00f3venes &#8211; Sacramento","author":"Juliana","date":"agosto 19, 2010","format":false,"excerpt":"[hana-flv-player video=\"\/blog\/wp-content\/uploads\/2009\/01\/20100708\/YADECIDJvenesconPepeSacramento.flv\" width=\"550\" height=\"\" description=\"Ya Decidi - J\u00f3venes - Sacramento\" clickurl=\"\" clicktarget=\"\" player=\"4\" autoplay=\"false\" loop=\"false\" autorewind=\"true\" splashimage=\"\" skin=\"\" \/] [icon color=\"Accent-Color\" size=\"regular\" image=\"steadysets-icon-chat\"] Contexto Spot de la campa\u00f1a de Jos\u00e9 Juli\u00e1n Sacramento Garza a la Gobernaci\u00f3n de Tamaulipas durante la contienda electoral de 2010, a nombre del PAN. Al final\u2026","rel":"","context":"En \u00abCampa\u00f1a Uninominal\u00bb","block_context":{"text":"Campa\u00f1a Uninominal","link":"https:\/\/estrategica.com.co\/blog\/category\/temas\/campana-uninominal\/"},"img":{"alt_text":"","src":"https:\/\/i0.wp.com\/estrategica.com.co\/blog\/wp-content\/uploads\/2010\/07\/YADECIDJvenesconPepeSacramento_thumb.png?fit=678%2C443&ssl=1&resize=350%2C200","width":350,"height":200},"classes":[]},{"id":23493,"url":"https:\/\/estrategica.com.co\/blog\/elpoderestaqu\/","url_meta":{"origin":24533,"position":5},"title":"El Poder esta Aqu\u00ed &#8211; Sacramento","author":"Juliana","date":"noviembre 7, 2010","format":false,"excerpt":"[hana-flv-player video=\"\/blog\/wp-content\/uploads\/2009\/01\/20100708\/ELPODERESTAQU.flv\" width=\"550\" height=\"\" description=\"El Poder esta Aqu\u00ed - Sacramento\" clickurl=\"\" clicktarget=\"\" player=\"4\" autoplay=\"false\" loop=\"false\" autorewind=\"true\" splashimage=\"\" skin=\"\" \/] [icon color=\"Accent-Color\" size=\"regular\" image=\"steadysets-icon-chat\"] Contexto Spot de la campa\u00f1a de Jos\u00e9 Juli\u00e1n Sacramento Garza a la Gobernaci\u00f3n de Tamaulipas durante la contienda electoral de 2010, a nombre del PAN. Al final\u2026","rel":"","context":"En \u00ab2010\u00bb","block_context":{"text":"2010","link":"https:\/\/estrategica.com.co\/blog\/category\/ano\/2010\/"},"img":{"alt_text":"","src":"https:\/\/i0.wp.com\/estrategica.com.co\/blog\/wp-content\/uploads\/2010\/07\/ELPODERESTAQU_thumb.png?fit=583%2C405&ssl=1&resize=350%2C200","width":350,"height":200},"classes":[]}],"jetpack_sharing_enabled":true,"_links":{"self":[{"href":"https:\/\/estrategica.com.co\/blog\/wp-json\/wp\/v2\/posts\/24533","targetHints":{"allow":["GET"]}}],"collection":[{"href":"https:\/\/estrategica.com.co\/blog\/wp-json\/wp\/v2\/posts"}],"about":[{"href":"https:\/\/estrategica.com.co\/blog\/wp-json\/wp\/v2\/types\/post"}],"author":[{"embeddable":true,"href":"https:\/\/estrategica.com.co\/blog\/wp-json\/wp\/v2\/users\/5"}],"replies":[{"embeddable":true,"href":"https:\/\/estrategica.com.co\/blog\/wp-json\/wp\/v2\/comments?post=24533"}],"version-history":[{"count":5,"href":"https:\/\/estrategica.com.co\/blog\/wp-json\/wp\/v2\/posts\/24533\/revisions"}],"predecessor-version":[{"id":42438,"href":"https:\/\/estrategica.com.co\/blog\/wp-json\/wp\/v2\/posts\/24533\/revisions\/42438"}],"wp:featuredmedia":[{"embeddable":true,"href":"https:\/\/estrategica.com.co\/blog\/wp-json\/wp\/v2\/media\/24534"}],"wp:attachment":[{"href":"https:\/\/estrategica.com.co\/blog\/wp-json\/wp\/v2\/media?parent=24533"}],"wp:term":[{"taxonomy":"category","embeddable":true,"href":"https:\/\/estrategica.com.co\/blog\/wp-json\/wp\/v2\/categories?post=24533"},{"taxonomy":"post_tag","embeddable":true,"href":"https:\/\/estrategica.com.co\/blog\/wp-json\/wp\/v2\/tags?post=24533"}],"curies":[{"name":"wp","href":"https:\/\/api.w.org\/{rel}","templated":true}]}}