{"id":24548,"date":"2010-07-26T01:19:46","date_gmt":"2010-07-26T01:19:46","guid":{"rendered":"http:\/\/estrategica.com.co\/blog\/?p=24548"},"modified":"2014-09-12T15:42:01","modified_gmt":"2014-09-12T20:42:01","slug":"tick-calentamiento-global","status":"publish","type":"post","link":"https:\/\/estrategica.com.co\/blog\/tick-calentamiento-global\/","title":{"rendered":"Tick &#8211; Calentamiento Global &#8211; EDF"},"content":{"rendered":"<p> <script type='text\/javascript' src='https:\/\/estrategica.com.co\/blog\/wp-content\/plugins\/hana-flv-player\/flowplayer3\/example\/flowplayer-3.2.6.min.js'><\/script>\n<div >\n<div id='hana_flv_flow3_1' style='display:block;width:550px;height:413px;background-color:#555555;color:#ffffff;padding:0' title=\"*Video:tick - calentamiento global - edfl\"><\/div>\n<\/div>\n\n<script  type='text\/javascript'>\nif (typeof g_hanaFlash !== 'undefined' && !g_hanaFlash){\n    jQuery('#hana_flv_flow3_1').css( 'padding', '5px' );\n\tjQuery('#hana_flv_flow3_1').html(\"<span class='inactive_message' style='display:block'>Sorry, your browser does not support Flash Video Player<\/span> *Video:tick - calentamiento global - edfl\");\n}else{\t\t\t\n\t\tflowplayer('hana_flv_flow3_1', { src: 'https:\/\/estrategica.com.co\/blog\/wp-content\/plugins\/hana-flv-player\/flowplayer3\/flowplayer-3.2.7.swf', wmode: 'transparent' }, { \n\n\t\t\tcanvas: { backgroundColor: '#000000', backgroundGradient: 'none',},\n    \t\tclip:  { \n    \t\t\turl: '\/blog\/wp-content\/uploads\/2009\/01\/20100708\/TickNYCGlobalWarmingAdEnvironmentalDefense.flv',\n        \t\tscaling: 'fit', autoPlay: false, autoBuffering: true \n\t\t\t\t   , onFinish : function () { this.seek(0); }  \n\n\t        }\n\n\t\t});\n}\n<\/script><br \/>\n<\/br><\/p>\n<p>[icon color=\u00bbAccent-Color\u00bb size=\u00bbregular\u00bb image=\u00bbsteadysets-icon-chat\u00bb] <strong>Contexto<\/strong><\/br><\/br><\/p>\n<p style=\"text-align: justify;\">Spot del Environmental Defense, en el a\u00f1o 2007, con el fin de posicionar la problem\u00e1tica del calentamiento global. La pieza es interesante en la medida en que se vale de distintos ni\u00f1os para evidenciar el paso del tiempo con respecto al calentamiento global, no es gratuito que se usen ni\u00f1os en la medida en que es a ellos a quienes les tocara asumir los efectos de la degradaci\u00f3n clim\u00e1tica. Una pieza bien dise\u00f1ada y ejecutada, y con un mensaje persuasivo claro.<\/p><\/p>\n","protected":false},"excerpt":{"rendered":"<p>*Video: tick &#8211; calentamiento global &#8211; edfl [icon color=\u00bbAccent-Color\u00bb size=\u00bbregular\u00bb image=\u00bbsteadysets-icon-chat\u00bb] Contexto Spot del Environmental Defense, en el a\u00f1o 2007, con el fin de posicionar la problem\u00e1tica del calentamiento global. La pieza es interesante en la medida en que se vale de distintos ni\u00f1os para evidenciar el paso del tiempo con respecto al calentamiento global, [&hellip;]<\/p>\n","protected":false},"author":5,"featured_media":24549,"comment_status":"open","ping_status":"open","sticky":false,"template":"","format":"standard","meta":{"_et_pb_use_builder":"","_et_pb_old_content":"","_et_gb_content_width":"","advanced_seo_description":"","jetpack_seo_html_title":"","jetpack_seo_noindex":false,"footnotes":""},"categories":[269,263,27,64,10,35,11,3],"tags":[319,762],"class_list":["post-24548","post","type-post","status-publish","format-standard","has-post-thumbnail","hentry","category-269","category-ano","category-divulgacion-politica","category-estados-unidos","category-geo","category-mensaje-politico","category-temas","category-video","tag-calentamiento-global","tag-edf"],"jetpack_featured_media_url":"https:\/\/i0.wp.com\/estrategica.com.co\/blog\/wp-content\/uploads\/2010\/07\/TickNYCGlobalWarmingAdEnvironmentalDefense_thumb.png?fit=689%2C480&ssl=1","jetpack_shortlink":"https:\/\/wp.me\/p4wgsh-6nW","jetpack-related-posts":[{"id":24585,"url":"https:\/\/estrategica.com.co\/blog\/el-tren-del-calentamiento-global\/","url_meta":{"origin":24548,"position":0},"title":"El Tren del Calentamiento Global &#8211; EDF","author":"Juliana","date":"julio 25, 2010","format":false,"excerpt":"[hana-flv-player video=\"\/blog\/wp-content\/uploads\/2009\/01\/20100708\/TrainGlobalWarmingTVAdEnvironmentalDefense.flv\" width=\"550\" height=\"\" description=\"El Tren del Calentamiento Global - EDF\" clickurl=\"\" clicktarget=\"\" player=\"4\" autoplay=\"false\" loop=\"false\" autorewind=\"true\" splashimage=\"\" skin=\"\" \/] [icon color=\"Accent-Color\" size=\"regular\" image=\"steadysets-icon-chat\"] Contexto Spot del Environmental Defense, en el a\u00f1o 2006, con el fin de posicionar la problem\u00e1tica del calentamiento global. La pieza es interesante en la medida\u2026","rel":"","context":"En \u00ab2006\u00bb","block_context":{"text":"2006","link":"https:\/\/estrategica.com.co\/blog\/category\/ano\/2006\/"},"img":{"alt_text":"","src":"https:\/\/i0.wp.com\/estrategica.com.co\/blog\/wp-content\/uploads\/2010\/07\/TrainGlobalWarmingTVAdEnvironmentalDefense_thumb.png?fit=568%2C532&ssl=1&resize=350%2C200","width":350,"height":200},"classes":[]},{"id":24048,"url":"https:\/\/estrategica.com.co\/blog\/calentamiento-global-6\/","url_meta":{"origin":24548,"position":1},"title":"Calentamiento Global","author":"Juliana","date":"noviembre 18, 2010","format":false,"excerpt":"[hana-flv-player video=\"\/blog\/wp-content\/uploads\/2009\/01\/20100708\/PublicawarenessGlobalwarming.flv\" width=\"550\" height=\"\" description=\"Calentamiento Global\" clickurl=\"\" clicktarget=\"\" player=\"4\" autoplay=\"false\" loop=\"false\" autorewind=\"true\" splashimage=\"\" skin=\"\" \/] [icon color=\"Accent-Color\" size=\"regular\" image=\"steadysets-icon-chat\"] Contexto Spot de sensibilizaci\u00f3n publica con el tema del calentamiento global, en el a\u00f1o 2009, en Brasil.\u00a0 La pieza trata de mostrar la realidad de los animales que viven en el\u2026","rel":"","context":"En \u00ab2009\u00bb","block_context":{"text":"2009","link":"https:\/\/estrategica.com.co\/blog\/category\/ano\/2009\/"},"img":{"alt_text":"","src":"https:\/\/i0.wp.com\/estrategica.com.co\/blog\/wp-content\/uploads\/2012\/06\/Objetivo7GarantizarlasostenibilidaddelMedioAmbiente_thumb.png?fit=681%2C388&ssl=1&resize=350%2C200","width":350,"height":200},"classes":[]},{"id":24566,"url":"https:\/\/estrategica.com.co\/blog\/campo-de-tortura-kentucky-fried-chicken-peta\/","url_meta":{"origin":24548,"position":2},"title":"Campo de Tortura &#8211; Kentucky Fried Chicken &#8211; PETA","author":"Juliana","date":"julio 25, 2010","format":false,"excerpt":"[hana-flv-player video=\"\/blog\/wp-content\/uploads\/2009\/01\/20100708\/TortureCamp.flv\" width=\"550\" height=\"\" description=\"El Tren del Calentamiento Global - EDF\" clickurl=\"\" clicktarget=\"\" player=\"4\" autoplay=\"false\" loop=\"false\" autorewind=\"true\" splashimage=\"\" skin=\"\" \/] [icon color=\"Accent-Color\" size=\"regular\" image=\"steadysets-icon-chat\"] Contexto Spot de la fundaci\u00f3n PETA, Personas por la \u00c9tica en el Trato de los Animales, en el a\u00f1o 2008, para evidenciar las practicas crueles que\u2026","rel":"","context":"En \u00ab2008\u00bb","block_context":{"text":"2008","link":"https:\/\/estrategica.com.co\/blog\/category\/ano\/2008\/"},"img":{"alt_text":"","src":"https:\/\/i0.wp.com\/estrategica.com.co\/blog\/wp-content\/uploads\/2010\/07\/TortureCamp_thumb.png?fit=503%2C283&ssl=1&resize=350%2C200","width":350,"height":200},"classes":[]},{"id":23572,"url":"https:\/\/estrategica.com.co\/blog\/tina-greenpeace\/","url_meta":{"origin":24548,"position":3},"title":"Tina &#8211; Greenpeace","author":"Juliana","date":"diciembre 21, 2010","format":false,"excerpt":"[hana-flv-player video=\"\/blog\/wp-content\/uploads\/2009\/01\/20100708\/GreenpeaceAd.flv\" width=\"550\" height=\"\" description=\"Tina - Greenpeace\" clickurl=\"\" clicktarget=\"\" player=\"4\" autoplay=\"false\" loop=\"false\" autorewind=\"true\" splashimage=\"\" skin=\"\" \/] [icon color=\"Accent-Color\" size=\"regular\" image=\"steadysets-icon-chat\"] Contexto Spot de Greenpeace en Finlandia, en el a\u00f1o 2007, con el cual se pretende concientizar sobre el efecto que el calentamiento global tendr\u00e1 en las generaciones futuras. La pieza\u2026","rel":"","context":"En \u00ab2007\u00bb","block_context":{"text":"2007","link":"https:\/\/estrategica.com.co\/blog\/category\/ano\/2007\/"},"img":{"alt_text":"","src":"https:\/\/i0.wp.com\/estrategica.com.co\/blog\/wp-content\/uploads\/2010\/07\/GreenpeaceAd_thumb.png?fit=712%2C572&ssl=1&resize=350%2C200","width":350,"height":200},"classes":[]},{"id":8408,"url":"https:\/\/estrategica.com.co\/blog\/ignorar-el-calentamiento-global-wwf\/","url_meta":{"origin":24548,"position":4},"title":"Ignorar el Calentamiento Global &#8211; WWF","author":"Juliana","date":"marzo 28, 2009","format":false,"excerpt":"[hana-flv-player video=\"\/blog\/wp-content\/uploads\/2009\/01\/videos_varios_f\/WWF_Canada_Save_Our_Climate_TV_Commercial.flv\" width=\"550\" height=\"\" description=\"Ignorar el Calentamiento Global - WWF\" clickurl=\"\" clicktarget=\"\" player=\"4\" autoplay=\"false\" loop=\"false\" autorewind=\"true\" splashimage=\"\" skin=\"\" \/] [icon color=\"Accent-Color\" size=\"regular\" image=\"steadysets-icon-chat\"] Contexto Campa\u00f1a de la WWF del Canad\u00e1 en donde se posiciona la problem\u00e1tica del \u00a0Calentamiento Global. En la pieza aparecen im\u00e1genes de personas manejando carros descapotados, paseando\u2026","rel":"","context":"En \u00abCanad\u00e1\u00bb","block_context":{"text":"Canad\u00e1","link":"https:\/\/estrategica.com.co\/blog\/category\/geo\/america\/canada\/"},"img":{"alt_text":"","src":"https:\/\/i0.wp.com\/estrategica.com.co\/blog\/wp-content\/uploads\/2009\/03\/wwf_canada_save_our_climate_tv_commercial_thumb.png?fit=286%2C265&ssl=1&resize=350%2C200","width":350,"height":200},"classes":[]},{"id":23575,"url":"https:\/\/estrategica.com.co\/blog\/el-transcurso-de-la-vida-greenpeace\/","url_meta":{"origin":24548,"position":5},"title":"El Transcurso de la Vida &#8211; Greenpeace","author":"Juliana","date":"diciembre 21, 2010","format":false,"excerpt":"[hana-flv-player video=\"\/blog\/wp-content\/uploads\/2009\/01\/20100708\/GreenpeaceCommercial.flv\" width=\"550\" height=\"\" description=\"El Transcurso de la Vida - Greenpeace\" clickurl=\"\" clicktarget=\"\" player=\"4\" autoplay=\"false\" loop=\"false\" autorewind=\"true\" splashimage=\"\" skin=\"\" \/] [icon color=\"Accent-Color\" size=\"regular\" image=\"steadysets-icon-chat\"] Contexto Spot de Greenpeace en Noruega, en el a\u00f1o 2007, con el cual se pretende concientizar sobre el impacto del calentamiento global en la naturaleza. En\u2026","rel":"","context":"En \u00ab2007\u00bb","block_context":{"text":"2007","link":"https:\/\/estrategica.com.co\/blog\/category\/ano\/2007\/"},"img":{"alt_text":"","src":"https:\/\/i0.wp.com\/estrategica.com.co\/blog\/wp-content\/uploads\/2010\/07\/GreenpeaceCommercial_thumb.png?fit=680%2C431&ssl=1&resize=350%2C200","width":350,"height":200},"classes":[]}],"jetpack_sharing_enabled":true,"_links":{"self":[{"href":"https:\/\/estrategica.com.co\/blog\/wp-json\/wp\/v2\/posts\/24548","targetHints":{"allow":["GET"]}}],"collection":[{"href":"https:\/\/estrategica.com.co\/blog\/wp-json\/wp\/v2\/posts"}],"about":[{"href":"https:\/\/estrategica.com.co\/blog\/wp-json\/wp\/v2\/types\/post"}],"author":[{"embeddable":true,"href":"https:\/\/estrategica.com.co\/blog\/wp-json\/wp\/v2\/users\/5"}],"replies":[{"embeddable":true,"href":"https:\/\/estrategica.com.co\/blog\/wp-json\/wp\/v2\/comments?post=24548"}],"version-history":[{"count":6,"href":"https:\/\/estrategica.com.co\/blog\/wp-json\/wp\/v2\/posts\/24548\/revisions"}],"predecessor-version":[{"id":42831,"href":"https:\/\/estrategica.com.co\/blog\/wp-json\/wp\/v2\/posts\/24548\/revisions\/42831"}],"wp:featuredmedia":[{"embeddable":true,"href":"https:\/\/estrategica.com.co\/blog\/wp-json\/wp\/v2\/media\/24549"}],"wp:attachment":[{"href":"https:\/\/estrategica.com.co\/blog\/wp-json\/wp\/v2\/media?parent=24548"}],"wp:term":[{"taxonomy":"category","embeddable":true,"href":"https:\/\/estrategica.com.co\/blog\/wp-json\/wp\/v2\/categories?post=24548"},{"taxonomy":"post_tag","embeddable":true,"href":"https:\/\/estrategica.com.co\/blog\/wp-json\/wp\/v2\/tags?post=24548"}],"curies":[{"name":"wp","href":"https:\/\/api.w.org\/{rel}","templated":true}]}}