{"id":24566,"date":"2010-07-25T14:42:33","date_gmt":"2010-07-25T14:42:33","guid":{"rendered":"http:\/\/estrategica.com.co\/blog\/?p=24566"},"modified":"2014-09-12T15:46:43","modified_gmt":"2014-09-12T20:46:43","slug":"campo-de-tortura-kentucky-fried-chicken-peta","status":"publish","type":"post","link":"https:\/\/estrategica.com.co\/blog\/campo-de-tortura-kentucky-fried-chicken-peta\/","title":{"rendered":"Campo de Tortura &#8211; Kentucky Fried Chicken &#8211; PETA"},"content":{"rendered":"<p> <script type='text\/javascript' src='https:\/\/estrategica.com.co\/blog\/wp-content\/plugins\/hana-flv-player\/flowplayer3\/example\/flowplayer-3.2.6.min.js'><\/script>\n<div >\n<div id='hana_flv_flow3_1' style='display:block;width:550px;height:413px;background-color:#555555;color:#ffffff;padding:0' title=\"*Video:el tren del calentamiento global - edf\"><\/div>\n<\/div>\n\n<script  type='text\/javascript'>\nif (typeof g_hanaFlash !== 'undefined' && !g_hanaFlash){\n    jQuery('#hana_flv_flow3_1').css( 'padding', '5px' );\n\tjQuery('#hana_flv_flow3_1').html(\"<span class='inactive_message' style='display:block'>Sorry, your browser does not support Flash Video Player<\/span> *Video:el tren del calentamiento global - edf\");\n}else{\t\t\t\n\t\tflowplayer('hana_flv_flow3_1', { src: 'https:\/\/estrategica.com.co\/blog\/wp-content\/plugins\/hana-flv-player\/flowplayer3\/flowplayer-3.2.7.swf', wmode: 'transparent' }, { \n\n\t\t\tcanvas: { backgroundColor: '#000000', backgroundGradient: 'none',},\n    \t\tclip:  { \n    \t\t\turl: '\/blog\/wp-content\/uploads\/2009\/01\/20100708\/TortureCamp.flv',\n        \t\tscaling: 'fit', autoPlay: false, autoBuffering: true \n\t\t\t\t   , onFinish : function () { this.seek(0); }  \n\n\t        }\n\n\t\t});\n}\n<\/script><br \/>\n<\/br><\/p>\n<p>[icon color=\u00bbAccent-Color\u00bb size=\u00bbregular\u00bb image=\u00bbsteadysets-icon-chat\u00bb] <strong>Contexto<\/strong><\/br><\/br><\/p>\n<p style=\"text-align: justify;\">Spot de la fundaci\u00f3n PETA, Personas por la \u00c9tica en el Trato de los Animales, en el a\u00f1o 2008, para evidenciar las practicas crueles que utilizan firmas como Kentucky Fried Chicken para la producci\u00f3n empresarial, en este caso se trata de una parodia de la forma como tratan a las aves. Una pieza dram\u00e1tica pero divertida que quiz\u00e1s pierde algo de fuerza por lo caricaturesca.<\/p><\/p>\n","protected":false},"excerpt":{"rendered":"<p>*Video: el tren del calentamiento global &#8211; edf [icon color=\u00bbAccent-Color\u00bb size=\u00bbregular\u00bb image=\u00bbsteadysets-icon-chat\u00bb] Contexto Spot de la fundaci\u00f3n PETA, Personas por la \u00c9tica en el Trato de los Animales, en el a\u00f1o 2008, para evidenciar las practicas crueles que utilizan firmas como Kentucky Fried Chicken para la producci\u00f3n empresarial, en este caso se trata de una [&hellip;]<\/p>\n","protected":false},"author":5,"featured_media":24567,"comment_status":"open","ping_status":"open","sticky":false,"template":"","format":"standard","meta":{"_et_pb_use_builder":"","_et_pb_old_content":"","_et_gb_content_width":"","advanced_seo_description":"","jetpack_seo_html_title":"","jetpack_seo_noindex":false,"footnotes":""},"categories":[268,263,27,64,10,35,11,3],"tags":[761,760],"class_list":["post-24566","post","type-post","status-publish","format-standard","has-post-thumbnail","hentry","category-268","category-ano","category-divulgacion-politica","category-estados-unidos","category-geo","category-mensaje-politico","category-temas","category-video","tag-crueldad-animal","tag-peta"],"jetpack_featured_media_url":"https:\/\/i0.wp.com\/estrategica.com.co\/blog\/wp-content\/uploads\/2010\/07\/TortureCamp_thumb.png?fit=503%2C283&ssl=1","jetpack_shortlink":"https:\/\/wp.me\/p4wgsh-6oe","jetpack-related-posts":[{"id":23692,"url":"https:\/\/estrategica.com.co\/blog\/crueldad-kentucky-fried-peta\/","url_meta":{"origin":24566,"position":0},"title":"Crueldad &#8211; Kentucky Fried &#8211; PETA","author":"Juliana","date":"agosto 24, 2010","format":false,"excerpt":"[hana-flv-player video=\"\/blog\/wp-content\/uploads\/2009\/01\/20100708\/KFCKentuckyFriedCrueltySpotresponsabilidadsocialrsc.flv\" width=\"550\" height=\"\" description=\"Crueldad - Kentucky Fried - PETA\" clickurl=\"\" clicktarget=\"\" player=\"4\" autoplay=\"false\" loop=\"false\" autorewind=\"true\" splashimage=\"\" skin=\"\" \/] [icon color=\"Accent-Color\" size=\"regular\" image=\"steadysets-icon-chat\"] Contexto Spot de la fundaci\u00f3n PETA, Personas por la \u00c9tica en el Trato de los Animales, en el a\u00f1o 2008, para evidenciar las practicas crueles que utilizan\u2026","rel":"","context":"En \u00ab2008\u00bb","block_context":{"text":"2008","link":"https:\/\/estrategica.com.co\/blog\/category\/ano\/2008\/"},"img":{"alt_text":"","src":"https:\/\/i0.wp.com\/estrategica.com.co\/blog\/wp-content\/uploads\/2010\/07\/KFCKentuckyFriedCrueltySpotresponsabilidadsocialrsc_thumb.png?fit=671%2C267&ssl=1&resize=350%2C200","width":350,"height":200},"classes":[]},{"id":23689,"url":"https:\/\/estrategica.com.co\/blog\/crueldad-kentucky-fried-peta-2\/","url_meta":{"origin":24566,"position":1},"title":"Crueldad &#8211; Kentucky Fried &#8211; PETA","author":"Juliana","date":"agosto 24, 2010","format":false,"excerpt":"[hana-flv-player video=\"\/blog\/wp-content\/uploads\/2009\/01\/20100708\/KentuckyFriedCruelty.flv\" width=\"550\" height=\"\" description=\"Crueldad - Kentucky Fried - PETA\" clickurl=\"\" clicktarget=\"\" player=\"4\" autoplay=\"false\" loop=\"false\" autorewind=\"true\" splashimage=\"\" skin=\"\" \/] [icon color=\"Accent-Color\" size=\"regular\" image=\"steadysets-icon-chat\"] Contexto Spot de la fundaci\u00f3n PETA, Personas por la \u00c9tica en el Trato de los Animales, en el a\u00f1o 2008, para evidenciar las practicas crueles que utilizan\u2026","rel":"","context":"En \u00ab2008\u00bb","block_context":{"text":"2008","link":"https:\/\/estrategica.com.co\/blog\/category\/ano\/2008\/"},"img":{"alt_text":"","src":"https:\/\/i0.wp.com\/estrategica.com.co\/blog\/wp-content\/uploads\/2010\/07\/KentuckyFriedCruelty_thumb.png?fit=545%2C271&ssl=1&resize=350%2C200","width":350,"height":200},"classes":[]},{"id":34695,"url":"https:\/\/estrategica.com.co\/blog\/mcconnellyoudecide\/","url_meta":{"origin":24566,"position":2},"title":"Usted Decide &#8211; McConnell","author":"Juliana","date":"julio 31, 2012","format":false,"excerpt":"[hana-flv-player video=\"\/blog\/wp-content\/uploads\/2009\/01\/20111213\/McConnellYouDecide.flv\" width=\"550\" height=\"\" description=\"Usted Decide - McConnell\" clickurl=\"\" clicktarget=\"\" player=\"4\" autoplay=\"false\" loop=\"false\" autorewind=\"false\" splashimage=\"\" skin=\"\" \/] [icon color=\"Accent-Color\" size=\"regular\" image=\"steadysets-icon-chat\"] Contexto Spot de la campa\u00f1a de Addison Mitchell \"Mitch\" McConnell al Senado durante la contienda electoral de 2008, a nombre del Partido Republicano. McConnell es el Senador que durante\u2026","rel":"","context":"En \u00ab2008\u00bb","block_context":{"text":"2008","link":"https:\/\/estrategica.com.co\/blog\/category\/ano\/2008\/"},"img":{"alt_text":"","src":"https:\/\/i0.wp.com\/estrategica.com.co\/blog\/wp-content\/uploads\/2012\/07\/McConnellYouDecide_thumb.png?fit=981%2C768&ssl=1&resize=350%2C200","width":350,"height":200},"classes":[]},{"id":34698,"url":"https:\/\/estrategica.com.co\/blog\/mcconnellwilliams\/","url_meta":{"origin":24566,"position":3},"title":"Williams &#8211; McConnell","author":"Juliana","date":"julio 31, 2012","format":false,"excerpt":"[hana-flv-player video=\"\/blog\/wp-content\/uploads\/2009\/01\/20111213\/McConnellWilliams.flv\" width=\"550\" height=\"\" description=\"Williams - McConnell\" clickurl=\"\" clicktarget=\"\" player=\"4\" autoplay=\"false\" loop=\"false\" autorewind=\"false\" splashimage=\"\" skin=\"\" \/] [icon color=\"Accent-Color\" size=\"regular\" image=\"steadysets-icon-chat\"] Contexto Spot de la campa\u00f1a de Addison Mitchell \"Mitch\" McConnell al Senado durante la contienda electoral de 2008, a nombre del Partido Republicano. McConnell es el Senador que durante m\u00e1s\u2026","rel":"","context":"En \u00ab2008\u00bb","block_context":{"text":"2008","link":"https:\/\/estrategica.com.co\/blog\/category\/ano\/2008\/"},"img":{"alt_text":"","src":"https:\/\/i0.wp.com\/estrategica.com.co\/blog\/wp-content\/uploads\/2012\/07\/McConnellWilliams_thumb.png?fit=909%2C550&ssl=1&resize=350%2C200","width":350,"height":200},"classes":[]},{"id":34701,"url":"https:\/\/estrategica.com.co\/blog\/mcconnelltheresaword\/","url_meta":{"origin":24566,"position":4},"title":"Hay una Palabra &#8211; McConnell","author":"Juliana","date":"agosto 2, 2012","format":false,"excerpt":"[hana-flv-player video=\"\/blog\/wp-content\/uploads\/2009\/01\/20111213\/McConnellTheresAWord.flv\" width=\"550\" height=\"\" description=\"Hay una Palabra - McConnell\" clickurl=\"\" clicktarget=\"\" player=\"4\" autoplay=\"false\" loop=\"false\" autorewind=\"false\" splashimage=\"\" skin=\"\" \/] [icon color=\"Accent-Color\" size=\"regular\" image=\"steadysets-icon-chat\"] Contexto Spot de la campa\u00f1a de Addison Mitchell \"Mitch\" McConnell al Senado durante la contienda electoral de 2008, a nombre del Partido Republicano. McConnell es el Senador que\u2026","rel":"","context":"En \u00ab2008\u00bb","block_context":{"text":"2008","link":"https:\/\/estrategica.com.co\/blog\/category\/ano\/2008\/"},"img":{"alt_text":"","src":"https:\/\/i0.wp.com\/estrategica.com.co\/blog\/wp-content\/uploads\/2012\/07\/McConnellTheresAWord_thumb.png?fit=1017%2C644&ssl=1&resize=350%2C200","width":350,"height":200},"classes":[]},{"id":34704,"url":"https:\/\/estrategica.com.co\/blog\/mcconnellonlytwonorthernkentucky\/","url_meta":{"origin":24566,"position":5},"title":"Solo Dos &#8211; McConnell","author":"Juliana","date":"julio 31, 2012","format":false,"excerpt":"[hana-flv-player video=\"\/blog\/wp-content\/uploads\/2009\/01\/20111213\/McConnellOnlyTwoNorthernKentucky.flv\" width=\"550\" height=\"\" description=\"Solo Dos - McConnell\" clickurl=\"\" clicktarget=\"\" player=\"4\" autoplay=\"false\" loop=\"false\" autorewind=\"false\" splashimage=\"\" skin=\"\" \/] [icon color=\"Accent-Color\" size=\"regular\" image=\"steadysets-icon-chat\"] Contexto Spot de la campa\u00f1a de Addison Mitchell \"Mitch\" McConnell al Senado durante la contienda electoral de 2008, a nombre del Partido Republicano. McConnell es el Senador que durante\u2026","rel":"","context":"En \u00ab2008\u00bb","block_context":{"text":"2008","link":"https:\/\/estrategica.com.co\/blog\/category\/ano\/2008\/"},"img":{"alt_text":"","src":"https:\/\/i0.wp.com\/estrategica.com.co\/blog\/wp-content\/uploads\/2012\/07\/McConnellOnlyTwoNorthernKentucky_thumb.png?fit=926%2C665&ssl=1&resize=350%2C200","width":350,"height":200},"classes":[]}],"jetpack_sharing_enabled":true,"_links":{"self":[{"href":"https:\/\/estrategica.com.co\/blog\/wp-json\/wp\/v2\/posts\/24566","targetHints":{"allow":["GET"]}}],"collection":[{"href":"https:\/\/estrategica.com.co\/blog\/wp-json\/wp\/v2\/posts"}],"about":[{"href":"https:\/\/estrategica.com.co\/blog\/wp-json\/wp\/v2\/types\/post"}],"author":[{"embeddable":true,"href":"https:\/\/estrategica.com.co\/blog\/wp-json\/wp\/v2\/users\/5"}],"replies":[{"embeddable":true,"href":"https:\/\/estrategica.com.co\/blog\/wp-json\/wp\/v2\/comments?post=24566"}],"version-history":[{"count":4,"href":"https:\/\/estrategica.com.co\/blog\/wp-json\/wp\/v2\/posts\/24566\/revisions"}],"predecessor-version":[{"id":42835,"href":"https:\/\/estrategica.com.co\/blog\/wp-json\/wp\/v2\/posts\/24566\/revisions\/42835"}],"wp:featuredmedia":[{"embeddable":true,"href":"https:\/\/estrategica.com.co\/blog\/wp-json\/wp\/v2\/media\/24567"}],"wp:attachment":[{"href":"https:\/\/estrategica.com.co\/blog\/wp-json\/wp\/v2\/media?parent=24566"}],"wp:term":[{"taxonomy":"category","embeddable":true,"href":"https:\/\/estrategica.com.co\/blog\/wp-json\/wp\/v2\/categories?post=24566"},{"taxonomy":"post_tag","embeddable":true,"href":"https:\/\/estrategica.com.co\/blog\/wp-json\/wp\/v2\/tags?post=24566"}],"curies":[{"name":"wp","href":"https:\/\/api.w.org\/{rel}","templated":true}]}}