{"id":24592,"date":"2010-08-23T20:44:29","date_gmt":"2010-08-23T20:44:29","guid":{"rendered":"http:\/\/estrategica.com.co\/blog\/?p=24592"},"modified":"2014-09-11T12:46:12","modified_gmt":"2014-09-11T17:46:12","slug":"muneca-de-trapo-trocaire","status":"publish","type":"post","link":"https:\/\/estrategica.com.co\/blog\/muneca-de-trapo-trocaire\/","title":{"rendered":"Mu\u00f1eca de Trapo &#8211; TROCAIRE"},"content":{"rendered":"<p> <script type='text\/javascript' src='https:\/\/estrategica.com.co\/blog\/wp-content\/plugins\/hana-flv-player\/flowplayer3\/example\/flowplayer-3.2.6.min.js'><\/script>\n<div >\n<div id='hana_flv_flow3_1' style='display:block;width:550px;height:413px;background-color:#555555;color:#ffffff;padding:0' title=\"*Video:mu\u00f1eca de trapo - trocaire\"><\/div>\n<\/div>\n\n<script  type='text\/javascript'>\nif (typeof g_hanaFlash !== 'undefined' && !g_hanaFlash){\n    jQuery('#hana_flv_flow3_1').css( 'padding', '5px' );\n\tjQuery('#hana_flv_flow3_1').html(\"<span class='inactive_message' style='display:block'>Sorry, your browser does not support Flash Video Player<\/span> *Video:mu\u00f1eca de trapo - trocaire\");\n}else{\t\t\t\n\t\tflowplayer('hana_flv_flow3_1', { src: 'https:\/\/estrategica.com.co\/blog\/wp-content\/plugins\/hana-flv-player\/flowplayer3\/flowplayer-3.2.7.swf', wmode: 'transparent' }, { \n\n\t\t\tcanvas: { backgroundColor: '#000000', backgroundGradient: 'none',},\n    \t\tclip:  { \n    \t\t\turl: '\/blog\/wp-content\/uploads\/2009\/01\/20100708\/TrocairTeaParty.flv',\n        \t\tscaling: 'fit', autoPlay: false, autoBuffering: true \n\t\t\t\t   , onFinish : function () { this.seek(0); }  \n\n\t        }\n\n\t\t});\n}\n<\/script><br \/>\n<\/br><\/p>\n<p>[icon color=\u00bbAccent-Color\u00bb size=\u00bbregular\u00bb image=\u00bbsteadysets-icon-chat\u00bb] <strong>Contexto<\/strong><\/br><\/br><\/p>\n<p style=\"text-align: justify;\">Spot de la fundaci\u00f3n irlandesa TROCAIRE, en 2010, para propiciar ayuda en programas de lucha contra el hambre. La pieza, desarrollada por la Agencia Chemistry de Dubl\u00edn, Irlanda, muestra a una ni\u00f1a jugando con su mu\u00f1eca de trapo a comer utilizando un vocabulario de carencia aprendido de su madre. El mensaje central es que 5 millones de ni\u00f1os mueren cada a\u00f1o a causa del hambre.<\/p><\/p>\n","protected":false},"excerpt":{"rendered":"<p>*Video: mu\u00f1eca de trapo &#8211; trocaire [icon color=\u00bbAccent-Color\u00bb size=\u00bbregular\u00bb image=\u00bbsteadysets-icon-chat\u00bb] Contexto Spot de la fundaci\u00f3n irlandesa TROCAIRE, en 2010, para propiciar ayuda en programas de lucha contra el hambre. La pieza, desarrollada por la Agencia Chemistry de Dubl\u00edn, Irlanda, muestra a una ni\u00f1a jugando con su mu\u00f1eca de trapo a comer utilizando un vocabulario de [&hellip;]<\/p>\n","protected":false},"author":5,"featured_media":24593,"comment_status":"open","ping_status":"open","sticky":false,"template":"","format":"standard","meta":{"_et_pb_use_builder":"","_et_pb_old_content":"","_et_gb_content_width":"","advanced_seo_description":"","jetpack_seo_html_title":"","jetpack_seo_noindex":false,"footnotes":""},"categories":[687,263,27,10,778,35,11,3],"tags":[543,779],"class_list":["post-24592","post","type-post","status-publish","format-standard","has-post-thumbnail","hentry","category-687","category-ano","category-divulgacion-politica","category-geo","category-irlanda","category-mensaje-politico","category-temas","category-video","tag-hambre","tag-trocaire"],"jetpack_featured_media_url":"https:\/\/i0.wp.com\/estrategica.com.co\/blog\/wp-content\/uploads\/2010\/07\/TrocairTeaParty_thumb.png?fit=589%2C401&ssl=1","jetpack_shortlink":"https:\/\/wp.me\/p4wgsh-6oE","jetpack-related-posts":[{"id":17292,"url":"https:\/\/estrategica.com.co\/blog\/el-hambre-mata-unicef\/","url_meta":{"origin":24592,"position":0},"title":"El Hambre Mata &#8211; UNICEF","author":"Juliana","date":"octubre 11, 2009","format":false,"excerpt":"[hana-flv-player video=\"\/blog\/wp-content\/uploads\/2009\/01\/videosultimosconver\/El_hambra_mata._Spot.flv\" width=\"550\" height=\"\" description=\"El Hambre Mata - UNICEF\" clickurl=\"\" clicktarget=\"\" player=\"4\" autoplay=\"false\" loop=\"false\" autorewind=\"true\" splashimage=\"\" skin=\"\" \/] [icon color=\"Accent-Color\" size=\"regular\" image=\"steadysets-icon-chat\"] Contexto Spot de UNICEF Francia para propiciar ayuda humanitaria para los ni\u00f1os de Irak. La pieza usa una bala convertida en biber\u00f3n para decir: el hambre mata a\u2026","rel":"","context":"En \u00ab2007\u00bb","block_context":{"text":"2007","link":"https:\/\/estrategica.com.co\/blog\/category\/ano\/2007\/"},"img":{"alt_text":"","src":"https:\/\/i0.wp.com\/estrategica.com.co\/blog\/wp-content\/uploads\/2009\/06\/el_hambra_mata_spot_thumb.png?fit=545%2C476&ssl=1&resize=350%2C200","width":350,"height":200},"classes":[]},{"id":23082,"url":"https:\/\/estrategica.com.co\/blog\/amnestyinternationalrussiandollcommercialhd\/","url_meta":{"origin":24592,"position":1},"title":"Matrioska &#8211; Amnist\u00eda Internacional","author":"Juliana","date":"febrero 7, 2011","format":false,"excerpt":"[hana-flv-player video=\"\/blog\/wp-content\/uploads\/2009\/01\/20100708\/AmnestyInternationalRussiandollcommercialHD.flv\" width=\"550\" height=\"\" description=\"Matrioska - Amnist\u00eda Internacional\" clickurl=\"\" clicktarget=\"\" player=\"4\" autoplay=\"false\" loop=\"false\" autorewind=\"true\" splashimage=\"\" skin=\"\" \/] [icon color=\"Accent-Color\" size=\"regular\" image=\"steadysets-icon-chat\"] Contexto Spot de Amnist\u00eda Internacional en Francia, en el a\u00f1o 2010, para posicionar la problem\u00e1tica de Derechos Humanos en Rusia. La pieza utiliza la figura de la matrioska que\u2026","rel":"","context":"En \u00ab2010\u00bb","block_context":{"text":"2010","link":"https:\/\/estrategica.com.co\/blog\/category\/ano\/2010\/"},"img":{"alt_text":"","src":"https:\/\/i0.wp.com\/estrategica.com.co\/blog\/wp-content\/uploads\/2010\/07\/AmnestyInternationalRussiandollcommercialHD_thumb.png?fit=481%2C368&ssl=1&resize=350%2C200","width":350,"height":200},"classes":[]},{"id":24604,"url":"https:\/\/estrategica.com.co\/blog\/cena-unicef\/","url_meta":{"origin":24592,"position":2},"title":"Cena &#8211; UNICEF","author":"Juliana","date":"julio 24, 2010","format":false,"excerpt":"[hana-flv-player video=\"\/blog\/wp-content\/uploads\/2009\/01\/20100708\/UNICEF1.flv\" width=\"550\" height=\"\" description=\"Cena - UNICEF\" clickurl=\"\" clicktarget=\"\" player=\"4\" autoplay=\"false\" loop=\"false\" autorewind=\"true\" splashimage=\"\" skin=\"\" \/] [icon color=\"Accent-Color\" size=\"regular\" image=\"steadysets-icon-chat\"] Contexto Spot de UNICEF Praga en el a\u00f1o 2010 realizado con el objeto de evidenciar la realidad de la miseria y la indiferencia con la que los ciudadanos de los\u2026","rel":"","context":"En \u00ab2010\u00bb","block_context":{"text":"2010","link":"https:\/\/estrategica.com.co\/blog\/category\/ano\/2010\/"},"img":{"alt_text":"","src":"https:\/\/i0.wp.com\/estrategica.com.co\/blog\/wp-content\/uploads\/2010\/07\/UNICEF1_thumb.png?fit=597%2C397&ssl=1&resize=350%2C200","width":350,"height":200},"classes":[]},{"id":24607,"url":"https:\/\/estrategica.com.co\/blog\/cuna-unicef\/","url_meta":{"origin":24592,"position":3},"title":"Cuna &#8211; UNICEF","author":"Juliana","date":"julio 24, 2010","format":false,"excerpt":"[hana-flv-player video=\"\/blog\/wp-content\/uploads\/2009\/01\/20100708\/UNICEF2.flv\" width=\"550\" height=\"\" description=\"Cuna - UNICEF\" clickurl=\"\" clicktarget=\"\" player=\"4\" autoplay=\"false\" loop=\"false\" autorewind=\"true\" splashimage=\"\" skin=\"\" \/] [icon color=\"Accent-Color\" size=\"regular\" image=\"steadysets-icon-chat\"] Contexto Spot de UNICEF Praga en el a\u00f1o 2010 realizado con el objeto de evidenciar la realidad de la miseria y la indiferencia con la que los ciudadanos de los\u2026","rel":"","context":"En \u00ab2010\u00bb","block_context":{"text":"2010","link":"https:\/\/estrategica.com.co\/blog\/category\/ano\/2010\/"},"img":{"alt_text":"","src":"https:\/\/i0.wp.com\/estrategica.com.co\/blog\/wp-content\/uploads\/2010\/07\/UNICEF2_thumb.png?fit=526%2C463&ssl=1&resize=350%2C200","width":350,"height":200},"classes":[]},{"id":22987,"url":"https:\/\/estrategica.com.co\/blog\/cada-segundo-11-11-11\/","url_meta":{"origin":24592,"position":4},"title":"Cada Segundo &#8211; 11.11.11","author":"Juliana","date":"abril 23, 2011","format":false,"excerpt":"[hana-flv-player video=\"\/blog\/wp-content\/uploads\/2009\/01\/20100708\/2015DeTijdLoopteengoedejobvooriedereen.flv\" width=\"550\" height=\"\" description=\"Cada Segundo - 11.11.11\" clickurl=\"\" clicktarget=\"\" player=\"4\" autoplay=\"false\" loop=\"false\" autorewind=\"true\" splashimage=\"\" skin=\"\" \/] [icon color=\"Accent-Color\" size=\"regular\" image=\"steadysets-icon-chat\"] Contexto Versi\u00f3n holandesa del spot de celebridades de cada segundo muere un ni\u00f1o de hambre en el mundo. La pieza de la organizaci\u00f3n 11.11.11 busca generar un trabajo digno\u2026","rel":"","context":"En \u00ab2008\u00bb","block_context":{"text":"2008","link":"https:\/\/estrategica.com.co\/blog\/category\/ano\/2008\/"},"img":{"alt_text":"","src":"https:\/\/i0.wp.com\/estrategica.com.co\/blog\/wp-content\/uploads\/2010\/07\/2015DeTijdLoopteengoedejobvooriedereen_thumb.png?fit=503%2C452&ssl=1&resize=350%2C200","width":350,"height":200},"classes":[]},{"id":24771,"url":"https:\/\/estrategica.com.co\/blog\/desesperados-why-hunger\/","url_meta":{"origin":24592,"position":5},"title":"Desesperados &#8211; Why Hunger","author":"Juliana","date":"agosto 19, 2010","format":false,"excerpt":"[hana-flv-player video=\"\/blog\/wp-content\/uploads\/2009\/01\/20100708\/WhyHungerquotDesperatequot.flv\" width=\"550\" height=\"\" description=\"Desesperados - Why Hunger\" clickurl=\"\" clicktarget=\"\" player=\"4\" autoplay=\"false\" loop=\"false\" autorewind=\"true\" splashimage=\"\" skin=\"\" \/] [icon color=\"Accent-Color\" size=\"regular\" image=\"steadysets-icon-chat\"] Contexto Spot de la fundaci\u00f3n Why Hunger, en la que posiciona en forma dram\u00e1tica la problem\u00e1tica del hambre al interior de los Estados Unidos de America. El mensaje es\u2026","rel":"","context":"En \u00ab2009\u00bb","block_context":{"text":"2009","link":"https:\/\/estrategica.com.co\/blog\/category\/ano\/2009\/"},"img":{"alt_text":"","src":"https:\/\/i0.wp.com\/estrategica.com.co\/blog\/wp-content\/uploads\/2010\/07\/WhyHungerquotDesperatequot_thumb.png?fit=448%2C351&ssl=1&resize=350%2C200","width":350,"height":200},"classes":[]}],"jetpack_sharing_enabled":true,"_links":{"self":[{"href":"https:\/\/estrategica.com.co\/blog\/wp-json\/wp\/v2\/posts\/24592","targetHints":{"allow":["GET"]}}],"collection":[{"href":"https:\/\/estrategica.com.co\/blog\/wp-json\/wp\/v2\/posts"}],"about":[{"href":"https:\/\/estrategica.com.co\/blog\/wp-json\/wp\/v2\/types\/post"}],"author":[{"embeddable":true,"href":"https:\/\/estrategica.com.co\/blog\/wp-json\/wp\/v2\/users\/5"}],"replies":[{"embeddable":true,"href":"https:\/\/estrategica.com.co\/blog\/wp-json\/wp\/v2\/comments?post=24592"}],"version-history":[{"count":4,"href":"https:\/\/estrategica.com.co\/blog\/wp-json\/wp\/v2\/posts\/24592\/revisions"}],"predecessor-version":[{"id":42629,"href":"https:\/\/estrategica.com.co\/blog\/wp-json\/wp\/v2\/posts\/24592\/revisions\/42629"}],"wp:featuredmedia":[{"embeddable":true,"href":"https:\/\/estrategica.com.co\/blog\/wp-json\/wp\/v2\/media\/24593"}],"wp:attachment":[{"href":"https:\/\/estrategica.com.co\/blog\/wp-json\/wp\/v2\/media?parent=24592"}],"wp:term":[{"taxonomy":"category","embeddable":true,"href":"https:\/\/estrategica.com.co\/blog\/wp-json\/wp\/v2\/categories?post=24592"},{"taxonomy":"post_tag","embeddable":true,"href":"https:\/\/estrategica.com.co\/blog\/wp-json\/wp\/v2\/tags?post=24592"}],"curies":[{"name":"wp","href":"https:\/\/api.w.org\/{rel}","templated":true}]}}