{"id":24617,"date":"2010-07-24T18:36:40","date_gmt":"2010-07-24T18:36:40","guid":{"rendered":"http:\/\/estrategica.com.co\/blog\/?p=24617"},"modified":"2010-07-24T18:36:40","modified_gmt":"2010-07-24T18:36:40","slug":"los-pitufos-unicef","status":"publish","type":"post","link":"https:\/\/estrategica.com.co\/blog\/los-pitufos-unicef\/","title":{"rendered":"Los Pitufos &#8211; UNICEF"},"content":{"rendered":"<p><a href=\"https:\/\/i0.wp.com\/estrategica.com.co\/blog\/wp-content\/uploads\/2010\/07\/UNICEF4_thumb.png\"><img loading=\"lazy\" decoding=\"async\" data-attachment-id=\"24618\" data-permalink=\"https:\/\/estrategica.com.co\/blog\/los-pitufos-unicef\/unicef4_thumb\/\" data-orig-file=\"https:\/\/i0.wp.com\/estrategica.com.co\/blog\/wp-content\/uploads\/2010\/07\/UNICEF4_thumb.png?fit=531%2C411&amp;ssl=1\" data-orig-size=\"531,411\" data-comments-opened=\"1\" data-image-meta=\"{&quot;aperture&quot;:&quot;0&quot;,&quot;credit&quot;:&quot;&quot;,&quot;camera&quot;:&quot;&quot;,&quot;caption&quot;:&quot;&quot;,&quot;created_timestamp&quot;:&quot;0&quot;,&quot;copyright&quot;:&quot;&quot;,&quot;focal_length&quot;:&quot;0&quot;,&quot;iso&quot;:&quot;0&quot;,&quot;shutter_speed&quot;:&quot;0&quot;,&quot;title&quot;:&quot;&quot;}\" data-image-title=\"UNICEF4_thumb\" data-image-description=\"\" data-image-caption=\"\" data-medium-file=\"https:\/\/i0.wp.com\/estrategica.com.co\/blog\/wp-content\/uploads\/2010\/07\/UNICEF4_thumb.png?fit=300%2C232&amp;ssl=1\" data-large-file=\"https:\/\/i0.wp.com\/estrategica.com.co\/blog\/wp-content\/uploads\/2010\/07\/UNICEF4_thumb.png?fit=531%2C411&amp;ssl=1\" class=\"alignnone size-medium wp-image-24618\" title=\"UNICEF4_thumb\" src=\"https:\/\/i0.wp.com\/estrategica.com.co\/blog\/wp-content\/uploads\/2010\/07\/UNICEF4_thumb-300x232.png?resize=300%2C232\" alt=\"UNICEF4_thumb\" width=\"300\" height=\"232\" srcset=\"https:\/\/i0.wp.com\/estrategica.com.co\/blog\/wp-content\/uploads\/2010\/07\/UNICEF4_thumb.png?resize=300%2C232&amp;ssl=1 300w, https:\/\/i0.wp.com\/estrategica.com.co\/blog\/wp-content\/uploads\/2010\/07\/UNICEF4_thumb.png?w=531&amp;ssl=1 531w\" sizes=\"(max-width: 300px) 100vw, 300px\" data-recalc-dims=\"1\" \/><\/a><object classid=\"clsid:d27cdb6e-ae6d-11cf-96b8-444553540000\" width=\"425\" height=\"344\" codebase=\"http:\/\/download.macromedia.com\/pub\/shockwave\/cabs\/flash\/swflash.cab#version=6,0,40,0\"><param name=\"FlashVars\" value=\"flvSource=\/blog\/wp-content\/uploads\/2009\/01\/20100708\/ UNICEF4.flv\" \/><param name=\"allowScriptAccess\" value=\"sameDomain\" \/><param name=\"flashvars\" value=\"flvSource=\/blog\/wp-content\/uploads\/2009\/01\/20100708\/UNICEF4.flv\" \/><param name=\"src\" value=\"http:\/\/estrategica.com.co\/blog\/videop.swf\" \/><param name=\"allowfullscreen\" value=\"true\" \/><\/object><\/p>\n<p>Spot de UNICEF Francia en 2006 en donde se trata de evidenciar la realidad de algunas poblaciones que deben sufrir violencia, muerte y desplazamientos. La est\u00e9tica de la serie Los Pitufos llama la atenci\u00f3n y posiciona un lenguaje infantil apropiado para el segmento poblacional por el cual lucha UNICEF. El Mensaje es No Dejemos que la Guerra Afecte la vida de los Ni\u00f1os.<\/p>\n","protected":false},"excerpt":{"rendered":"<p>Spot de UNICEF Francia en 2006 en donde se trata de evidenciar la realidad de algunas poblaciones que deben sufrir violencia, muerte y desplazamientos. La est\u00e9tica de la serie Los Pitufos llama la atenci\u00f3n y posiciona un lenguaje infantil apropiado para el segmento poblacional por el cual lucha UNICEF. El Mensaje es No Dejemos que [&hellip;]<\/p>\n","protected":false},"author":5,"featured_media":0,"comment_status":"open","ping_status":"open","sticky":false,"template":"","format":"standard","meta":{"_et_pb_use_builder":"","_et_pb_old_content":"","_et_gb_content_width":"","advanced_seo_description":"","jetpack_seo_html_title":"","jetpack_seo_noindex":false,"footnotes":""},"categories":[264,263,27,50,10,35,11,3],"tags":[681,414,172],"class_list":["post-24617","post","type-post","status-publish","format-standard","hentry","category-264","category-ano","category-divulgacion-politica","category-francia","category-geo","category-mensaje-politico","category-temas","category-video","tag-desplazados","tag-ninos","tag-unicef"],"jetpack_featured_media_url":"","jetpack_shortlink":"https:\/\/wp.me\/p4wgsh-6p3","jetpack-related-posts":[{"id":17292,"url":"https:\/\/estrategica.com.co\/blog\/el-hambre-mata-unicef\/","url_meta":{"origin":24617,"position":0},"title":"El Hambre Mata &#8211; UNICEF","author":"Juliana","date":"octubre 11, 2009","format":false,"excerpt":"[hana-flv-player video=\"\/blog\/wp-content\/uploads\/2009\/01\/videosultimosconver\/El_hambra_mata._Spot.flv\" width=\"550\" height=\"\" description=\"El Hambre Mata - UNICEF\" clickurl=\"\" clicktarget=\"\" player=\"4\" autoplay=\"false\" loop=\"false\" autorewind=\"true\" splashimage=\"\" skin=\"\" \/] [icon color=\"Accent-Color\" size=\"regular\" image=\"steadysets-icon-chat\"] Contexto Spot de UNICEF Francia para propiciar ayuda humanitaria para los ni\u00f1os de Irak. La pieza usa una bala convertida en biber\u00f3n para decir: el hambre mata a\u2026","rel":"","context":"En \u00ab2007\u00bb","block_context":{"text":"2007","link":"https:\/\/estrategica.com.co\/blog\/category\/ano\/2007\/"},"img":{"alt_text":"","src":"https:\/\/i0.wp.com\/estrategica.com.co\/blog\/wp-content\/uploads\/2009\/06\/el_hambra_mata_spot_thumb.png?fit=545%2C476&ssl=1&resize=350%2C200","width":350,"height":200},"classes":[]},{"id":15863,"url":"https:\/\/estrategica.com.co\/blog\/maltrato-infantil-unicef-gobierno-de-chile\/","url_meta":{"origin":24617,"position":1},"title":"Maltrato Infantil &#8211; UNICEF &#8211; Gobierno de Chile","author":"Juliana","date":"junio 13, 2009","format":false,"excerpt":"[hana-flv-player video=\"\/blog\/wp-content\/uploads\/2009\/01\/videos_ultimos\/av324.flv\" width=\"550\" height=\"\" description=\"Maltrato Infantil - UNICEF - Gobierno de Chile\" clickurl=\"\" clicktarget=\"\" player=\"4\" autoplay=\"false\" loop=\"false\" autorewind=\"true\" splashimage=\"\" skin=\"\" \/] [icon color=\"Accent-Color\" size=\"regular\" image=\"steadysets-icon-chat\"] Contexto Spot del Gobierno de Chile y UNICEF para posicionar el tema del maltrato infantil en el a\u00f1o 2006. El spot no es impactante ni\u2026","rel":"","context":"En \u00ab2006\u00bb","block_context":{"text":"2006","link":"https:\/\/estrategica.com.co\/blog\/category\/ano\/2006\/"},"img":{"alt_text":"","src":"https:\/\/i0.wp.com\/estrategica.com.co\/blog\/wp-content\/uploads\/2009\/05\/av324_thumb.png?fit=456%2C346&ssl=1&resize=350%2C200","width":350,"height":200},"classes":[]},{"id":23269,"url":"https:\/\/estrategica.com.co\/blog\/juegos-de-agua-unicef\/","url_meta":{"origin":24617,"position":2},"title":"Juegos de Agua &#8211; UNICEF","author":"Juliana","date":"abril 14, 2011","format":false,"excerpt":"[hana-flv-player video=\"\/blog\/wp-content\/uploads\/2009\/01\/20100708\/CleaWaterandUnicefTVcommercial.flv\" width=\"550\" height=\"\" description=\"Juegos de Agua - UNICEF\" clickurl=\"\" clicktarget=\"\" player=\"4\" autoplay=\"false\" loop=\"false\" autorewind=\"true\" splashimage=\"\" skin=\"\" \/] [icon color=\"Accent-Color\" size=\"regular\" image=\"steadysets-icon-chat\"] Contexto Spot de UNICEF, en el a\u00f1o 2009, para promocionar el acceso a agua pura a los ni\u00f1os. Es una pieza atractiva, moderna y con una vocaci\u00f3n de\u2026","rel":"","context":"En \u00ab2009\u00bb","block_context":{"text":"2009","link":"https:\/\/estrategica.com.co\/blog\/category\/ano\/2009\/"},"img":{"alt_text":"","src":"https:\/\/i0.wp.com\/estrategica.com.co\/blog\/wp-content\/uploads\/2010\/07\/CleaWaterandUnicefTVcommercial_thumb.png?fit=500%2C401&ssl=1&resize=350%2C200","width":350,"height":200},"classes":[]},{"id":23999,"url":"https:\/\/estrategica.com.co\/blog\/corto-de-pelicula-unicef\/","url_meta":{"origin":24617,"position":3},"title":"Corto de Pel\u00edcula &#8211; UNICEF","author":"Juliana","date":"noviembre 16, 2010","format":false,"excerpt":"[hana-flv-player video=\"\/blog\/wp-content\/uploads\/2009\/01\/20100708\/PlayingUnicefSavethAIDSvictims.flv\" width=\"550\" height=\"\" description=\"Corto de Pel\u00edcula - UNICEF\" clickurl=\"\" clicktarget=\"\" player=\"4\" autoplay=\"false\" loop=\"false\" autorewind=\"true\" splashimage=\"\" skin=\"\" \/] [icon color=\"Accent-Color\" size=\"regular\" image=\"steadysets-icon-chat\"] Contexto Spot de UNICEF Suiza en el a\u00f1o 2007 para concientizar sobre la ayuda a las victimas del SIDA. La pieza muestra una est\u00e9tica cinematogr\u00e1fica para evidenciar una\u2026","rel":"","context":"En \u00ab2007\u00bb","block_context":{"text":"2007","link":"https:\/\/estrategica.com.co\/blog\/category\/ano\/2007\/"},"img":{"alt_text":"","src":"https:\/\/i0.wp.com\/estrategica.com.co\/blog\/wp-content\/uploads\/2010\/07\/PlayingUnicefSavethAIDSvictims_thumb.png?fit=490%2C307&ssl=1&resize=350%2C200","width":350,"height":200},"classes":[]},{"id":15574,"url":"https:\/\/estrategica.com.co\/blog\/tu-piel-unicef\/","url_meta":{"origin":24617,"position":4},"title":"Tu Piel &#8211; UNICEF","author":"Juliana","date":"junio 15, 2009","format":false,"excerpt":"[hana-flv-player video=\"\/blog\/wp-content\/uploads\/2009\/01\/videos_ultimos\/av263.flv\" width=\"550\" height=\"\" description=\"Tu Piel - UNICEF\" clickurl=\"\" clicktarget=\"\" player=\"4\" autoplay=\"false\" loop=\"false\" autorewind=\"true\" splashimage=\"\" skin=\"\" \/] [icon color=\"Accent-Color\" size=\"regular\" image=\"steadysets-icon-chat\"] Contexto Spot de UNICEF en al a\u00f1o 2007. La pieza muestra una serie de im\u00e1genes est\u00e1ticas, en blanco y negro, en donde aparecen ni\u00f1os de todas las razas nacionalidades\u2026","rel":"","context":"En \u00ab2007\u00bb","block_context":{"text":"2007","link":"https:\/\/estrategica.com.co\/blog\/category\/ano\/2007\/"},"img":{"alt_text":"","src":"https:\/\/i0.wp.com\/estrategica.com.co\/blog\/wp-content\/uploads\/2009\/05\/av263_thumb.png?fit=393%2C372&ssl=1&resize=350%2C200","width":350,"height":200},"classes":[]},{"id":18229,"url":"https:\/\/estrategica.com.co\/blog\/diego-torres-%e2%80%93-maltrato-infantil-unicef\/","url_meta":{"origin":24617,"position":5},"title":"Diego Torres \u2013 Maltrato Infantil &#8211; UNICEF","author":"Juliana","date":"junio 26, 2009","format":false,"excerpt":"[hana-flv-player video=\"\/blog\/wp-content\/uploads\/2009\/01\/videosultimosconver\/UNICEFDiegoTorres.flv\" width=\"550\" height=\"\" description=\"Diego Torres \u2013 Maltrato Infantil - UNICEF\" clickurl=\"\" clicktarget=\"\" player=\"4\" autoplay=\"false\" loop=\"false\" autorewind=\"true\" splashimage=\"\" skin=\"\" \/] [icon color=\"Accent-Color\" size=\"regular\" image=\"steadysets-icon-chat\"] Contexto Spot de UNICEF del a\u00f1o 2007 en el cual el cantante argentino Diego Torres asume la vocer\u00eda para posicionar un mensaje contra el maltrato infantil.\u2026","rel":"","context":"En \u00ab2007\u00bb","block_context":{"text":"2007","link":"https:\/\/estrategica.com.co\/blog\/category\/ano\/2007\/"},"img":{"alt_text":"","src":"https:\/\/i0.wp.com\/estrategica.com.co\/blog\/wp-content\/uploads\/2009\/06\/unicefdiegotorres_thumb.png?fit=591%2C411&ssl=1&resize=350%2C200","width":350,"height":200},"classes":[]}],"jetpack_sharing_enabled":true,"_links":{"self":[{"href":"https:\/\/estrategica.com.co\/blog\/wp-json\/wp\/v2\/posts\/24617","targetHints":{"allow":["GET"]}}],"collection":[{"href":"https:\/\/estrategica.com.co\/blog\/wp-json\/wp\/v2\/posts"}],"about":[{"href":"https:\/\/estrategica.com.co\/blog\/wp-json\/wp\/v2\/types\/post"}],"author":[{"embeddable":true,"href":"https:\/\/estrategica.com.co\/blog\/wp-json\/wp\/v2\/users\/5"}],"replies":[{"embeddable":true,"href":"https:\/\/estrategica.com.co\/blog\/wp-json\/wp\/v2\/comments?post=24617"}],"version-history":[{"count":3,"href":"https:\/\/estrategica.com.co\/blog\/wp-json\/wp\/v2\/posts\/24617\/revisions"}],"predecessor-version":[{"id":24694,"href":"https:\/\/estrategica.com.co\/blog\/wp-json\/wp\/v2\/posts\/24617\/revisions\/24694"}],"wp:attachment":[{"href":"https:\/\/estrategica.com.co\/blog\/wp-json\/wp\/v2\/media?parent=24617"}],"wp:term":[{"taxonomy":"category","embeddable":true,"href":"https:\/\/estrategica.com.co\/blog\/wp-json\/wp\/v2\/categories?post=24617"},{"taxonomy":"post_tag","embeddable":true,"href":"https:\/\/estrategica.com.co\/blog\/wp-json\/wp\/v2\/tags?post=24617"}],"curies":[{"name":"wp","href":"https:\/\/api.w.org\/{rel}","templated":true}]}}