{"id":24771,"date":"2010-08-19T23:58:40","date_gmt":"2010-08-19T23:58:40","guid":{"rendered":"http:\/\/estrategica.com.co\/blog\/?p=24771"},"modified":"2014-09-12T09:15:36","modified_gmt":"2014-09-12T14:15:36","slug":"desesperados-why-hunger","status":"publish","type":"post","link":"https:\/\/estrategica.com.co\/blog\/desesperados-why-hunger\/","title":{"rendered":"Desesperados &#8211; Why Hunger"},"content":{"rendered":"<p> <script type='text\/javascript' src='https:\/\/estrategica.com.co\/blog\/wp-content\/plugins\/hana-flv-player\/flowplayer3\/example\/flowplayer-3.2.6.min.js'><\/script>\n<div >\n<div id='hana_flv_flow3_1' style='display:block;width:550px;height:413px;background-color:#555555;color:#ffffff;padding:0' title=\"*Video:desesperados - why hunger\"><\/div>\n<\/div>\n\n<script  type='text\/javascript'>\nif (typeof g_hanaFlash !== 'undefined' && !g_hanaFlash){\n    jQuery('#hana_flv_flow3_1').css( 'padding', '5px' );\n\tjQuery('#hana_flv_flow3_1').html(\"<span class='inactive_message' style='display:block'>Sorry, your browser does not support Flash Video Player<\/span> *Video:desesperados - why hunger\");\n}else{\t\t\t\n\t\tflowplayer('hana_flv_flow3_1', { src: 'https:\/\/estrategica.com.co\/blog\/wp-content\/plugins\/hana-flv-player\/flowplayer3\/flowplayer-3.2.7.swf', wmode: 'transparent' }, { \n\n\t\t\tcanvas: { backgroundColor: '#000000', backgroundGradient: 'none',},\n    \t\tclip:  { \n    \t\t\turl: '\/blog\/wp-content\/uploads\/2009\/01\/20100708\/WhyHungerquotDesperatequot.flv',\n        \t\tscaling: 'fit', autoPlay: false, autoBuffering: true \n\t\t\t\t   , onFinish : function () { this.seek(0); }  \n\n\t        }\n\n\t\t});\n}\n<\/script><br \/>\n<\/br><\/p>\n<p>[icon color=\u00bbAccent-Color\u00bb size=\u00bbregular\u00bb image=\u00bbsteadysets-icon-chat\u00bb] <strong>Contexto<\/strong><\/br><\/br><\/p>\n<p style=\"text-align: justify;\">Spot de la fundaci\u00f3n Why Hunger, en la que posiciona en forma dram\u00e1tica la problem\u00e1tica del hambre al interior de los Estados Unidos de America. El mensaje es que m\u00e1s de 36 millones de norteamericanos no se alimentan adecuadamente por pobreza. Una pieza de gran producci\u00f3n con un mensaje claro y persuasivo que apela a im\u00e1genes cotidianas para el observador com\u00fan<\/p><\/p>\n","protected":false},"excerpt":{"rendered":"<p>*Video: desesperados &#8211; why hunger [icon color=\u00bbAccent-Color\u00bb size=\u00bbregular\u00bb image=\u00bbsteadysets-icon-chat\u00bb] Contexto Spot de la fundaci\u00f3n Why Hunger, en la que posiciona en forma dram\u00e1tica la problem\u00e1tica del hambre al interior de los Estados Unidos de America. El mensaje es que m\u00e1s de 36 millones de norteamericanos no se alimentan adecuadamente por pobreza. Una pieza de gran [&hellip;]<\/p>\n","protected":false},"author":5,"featured_media":24772,"comment_status":"open","ping_status":"open","sticky":false,"template":"","format":"standard","meta":{"_et_pb_use_builder":"","_et_pb_old_content":"","_et_gb_content_width":"","advanced_seo_description":"","jetpack_seo_html_title":"","jetpack_seo_noindex":false,"footnotes":""},"categories":[322,263,27,64,10,35,11,3],"tags":[543],"class_list":["post-24771","post","type-post","status-publish","format-standard","has-post-thumbnail","hentry","category-322","category-ano","category-divulgacion-politica","category-estados-unidos","category-geo","category-mensaje-politico","category-temas","category-video","tag-hambre"],"jetpack_featured_media_url":"https:\/\/i0.wp.com\/estrategica.com.co\/blog\/wp-content\/uploads\/2010\/07\/WhyHungerquotDesperatequot_thumb.png?fit=448%2C351&ssl=1","jetpack_shortlink":"https:\/\/wp.me\/p4wgsh-6rx","jetpack-related-posts":[{"id":23566,"url":"https:\/\/estrategica.com.co\/blog\/vote\/","url_meta":{"origin":24771,"position":0},"title":"Vote","author":"Juliana","date":"diciembre 22, 2010","format":false,"excerpt":"[hana-flv-player video=\"\/blog\/wp-content\/uploads\/2009\/01\/20100708\/Govoteoryouletothersdecideforyou.flv\" width=\"550\" height=\"\" description=\"Vote \" clickurl=\"\" clicktarget=\"\" player=\"4\" autoplay=\"false\" loop=\"false\" autorewind=\"true\" splashimage=\"\" skin=\"\" \/] [icon color=\"Accent-Color\" size=\"regular\" image=\"steadysets-icon-chat\"] Contexto Video de una coalici\u00f3n de la sociedad civil con el fin de motivar a al ciudadano a participar en las elecciones h\u00fangaras de 2010. La pieza fue desarrollada por DDB\u2026","rel":"","context":"En \u00ab2010\u00bb","block_context":{"text":"2010","link":"https:\/\/estrategica.com.co\/blog\/category\/ano\/2010\/"},"img":{"alt_text":"","src":"https:\/\/i0.wp.com\/estrategica.com.co\/blog\/wp-content\/uploads\/2010\/07\/Govoteoryouletothersdecideforyou_thumb.png?fit=560%2C438&ssl=1&resize=350%2C200","width":350,"height":200},"classes":[]},{"id":17292,"url":"https:\/\/estrategica.com.co\/blog\/el-hambre-mata-unicef\/","url_meta":{"origin":24771,"position":1},"title":"El Hambre Mata &#8211; UNICEF","author":"Juliana","date":"octubre 11, 2009","format":false,"excerpt":"[hana-flv-player video=\"\/blog\/wp-content\/uploads\/2009\/01\/videosultimosconver\/El_hambra_mata._Spot.flv\" width=\"550\" height=\"\" description=\"El Hambre Mata - UNICEF\" clickurl=\"\" clicktarget=\"\" player=\"4\" autoplay=\"false\" loop=\"false\" autorewind=\"true\" splashimage=\"\" skin=\"\" \/] [icon color=\"Accent-Color\" size=\"regular\" image=\"steadysets-icon-chat\"] Contexto Spot de UNICEF Francia para propiciar ayuda humanitaria para los ni\u00f1os de Irak. La pieza usa una bala convertida en biber\u00f3n para decir: el hambre mata a\u2026","rel":"","context":"En \u00ab2007\u00bb","block_context":{"text":"2007","link":"https:\/\/estrategica.com.co\/blog\/category\/ano\/2007\/"},"img":{"alt_text":"","src":"https:\/\/i0.wp.com\/estrategica.com.co\/blog\/wp-content\/uploads\/2009\/06\/el_hambra_mata_spot_thumb.png?fit=545%2C476&ssl=1&resize=350%2C200","width":350,"height":200},"classes":[]},{"id":24592,"url":"https:\/\/estrategica.com.co\/blog\/muneca-de-trapo-trocaire\/","url_meta":{"origin":24771,"position":2},"title":"Mu\u00f1eca de Trapo &#8211; TROCAIRE","author":"Juliana","date":"agosto 23, 2010","format":false,"excerpt":"[hana-flv-player video=\"\/blog\/wp-content\/uploads\/2009\/01\/20100708\/TrocairTeaParty.flv\" width=\"550\" height=\"\" description=\"Mu\u00f1eca de Trapo - TROCAIRE\" clickurl=\"\" clicktarget=\"\" player=\"4\" autoplay=\"false\" loop=\"false\" autorewind=\"true\" splashimage=\"\" skin=\"\" \/] [icon color=\"Accent-Color\" size=\"regular\" image=\"steadysets-icon-chat\"] Contexto Spot de la fundaci\u00f3n irlandesa TROCAIRE, en 2010, para propiciar ayuda en programas de lucha contra el hambre. La pieza, desarrollada por la Agencia Chemistry de Dubl\u00edn,\u2026","rel":"","context":"En \u00ab2010\u00bb","block_context":{"text":"2010","link":"https:\/\/estrategica.com.co\/blog\/category\/ano\/2010\/"},"img":{"alt_text":"","src":"https:\/\/i0.wp.com\/estrategica.com.co\/blog\/wp-content\/uploads\/2010\/07\/TrocairTeaParty_thumb.png?fit=589%2C401&ssl=1&resize=350%2C200","width":350,"height":200},"classes":[]},{"id":19888,"url":"https:\/\/estrategica.com.co\/blog\/mil-millones-por-mil-millones-programa-mundial-de-alimentos\/","url_meta":{"origin":24771,"position":3},"title":"Mil Millones por Mil Millones &#8211; Programa Mundial de Alimentos","author":"Juliana","date":"mayo 31, 2010","format":false,"excerpt":"[hana-flv-player video=\"\/blog\/wp-content\/uploads\/2009\/01\/Videos2010\/A_Billion_for_a_Billion.flv\" width=\"550\" height=\"\" description=\"Mil Millones por Mil Millones - Programa Mundial de Alimentos\" clickurl=\"\" clicktarget=\"\" player=\"4\" autoplay=\"false\" loop=\"false\" autorewind=\"true\" splashimage=\"\" skin=\"\" \/] [icon color=\"Accent-Color\" size=\"regular\" image=\"steadysets-icon-chat\"] Contexto Spot del Programa Mundial de Alimentos con el cual pretenden cuantificar y dimensionar la realidad del hambre en el mundo. La estrategia\u2026","rel":"","context":"En \u00ab2009\u00bb","block_context":{"text":"2009","link":"https:\/\/estrategica.com.co\/blog\/category\/ano\/2009\/"},"img":{"alt_text":"","src":"https:\/\/i0.wp.com\/estrategica.com.co\/blog\/wp-content\/uploads\/2010\/01\/A_Billion_for_a_Billion_thumb.png?fit=491%2C357&ssl=1&resize=350%2C200","width":350,"height":200},"classes":[]},{"id":23538,"url":"https:\/\/estrategica.com.co\/blog\/spaghetti-foodbank\/","url_meta":{"origin":24771,"position":4},"title":"Spaghetti &#8211; FoodBank","author":"Juliana","date":"diciembre 1, 2010","format":false,"excerpt":"[hana-flv-player video=\"\/blog\/wp-content\/uploads\/2009\/01\/20100708\/FoodBanksBelgiumPasta.flv\" width=\"550\" height=\"\" description=\"Spaghetti - FoodBank\" clickurl=\"\" clicktarget=\"\" player=\"4\" autoplay=\"false\" loop=\"false\" autorewind=\"true\" splashimage=\"\" skin=\"\" \/] [icon color=\"Accent-Color\" size=\"regular\" image=\"steadysets-icon-chat\"] Contexto Spot del Foodbank de B\u00e9lgica, en el a\u00f1o 2009, para promocionar el recaudo de fondos en los ciudadanos. En la pieza un c\u00f3digo de barra se vuelve spaghetti en\u2026","rel":"","context":"En \u00ab2009\u00bb","block_context":{"text":"2009","link":"https:\/\/estrategica.com.co\/blog\/category\/ano\/2009\/"},"img":{"alt_text":"","src":"https:\/\/i0.wp.com\/estrategica.com.co\/blog\/wp-content\/uploads\/2010\/07\/FoodBanksBelgiumPasta_thumb.png?fit=424%2C327&ssl=1&resize=350%2C200","width":350,"height":200},"classes":[]},{"id":22987,"url":"https:\/\/estrategica.com.co\/blog\/cada-segundo-11-11-11\/","url_meta":{"origin":24771,"position":5},"title":"Cada Segundo &#8211; 11.11.11","author":"Juliana","date":"abril 23, 2011","format":false,"excerpt":"[hana-flv-player video=\"\/blog\/wp-content\/uploads\/2009\/01\/20100708\/2015DeTijdLoopteengoedejobvooriedereen.flv\" width=\"550\" height=\"\" description=\"Cada Segundo - 11.11.11\" clickurl=\"\" clicktarget=\"\" player=\"4\" autoplay=\"false\" loop=\"false\" autorewind=\"true\" splashimage=\"\" skin=\"\" \/] [icon color=\"Accent-Color\" size=\"regular\" image=\"steadysets-icon-chat\"] Contexto Versi\u00f3n holandesa del spot de celebridades de cada segundo muere un ni\u00f1o de hambre en el mundo. La pieza de la organizaci\u00f3n 11.11.11 busca generar un trabajo digno\u2026","rel":"","context":"En \u00ab2008\u00bb","block_context":{"text":"2008","link":"https:\/\/estrategica.com.co\/blog\/category\/ano\/2008\/"},"img":{"alt_text":"","src":"https:\/\/i0.wp.com\/estrategica.com.co\/blog\/wp-content\/uploads\/2010\/07\/2015DeTijdLoopteengoedejobvooriedereen_thumb.png?fit=503%2C452&ssl=1&resize=350%2C200","width":350,"height":200},"classes":[]}],"jetpack_sharing_enabled":true,"_links":{"self":[{"href":"https:\/\/estrategica.com.co\/blog\/wp-json\/wp\/v2\/posts\/24771","targetHints":{"allow":["GET"]}}],"collection":[{"href":"https:\/\/estrategica.com.co\/blog\/wp-json\/wp\/v2\/posts"}],"about":[{"href":"https:\/\/estrategica.com.co\/blog\/wp-json\/wp\/v2\/types\/post"}],"author":[{"embeddable":true,"href":"https:\/\/estrategica.com.co\/blog\/wp-json\/wp\/v2\/users\/5"}],"replies":[{"embeddable":true,"href":"https:\/\/estrategica.com.co\/blog\/wp-json\/wp\/v2\/comments?post=24771"}],"version-history":[{"count":4,"href":"https:\/\/estrategica.com.co\/blog\/wp-json\/wp\/v2\/posts\/24771\/revisions"}],"predecessor-version":[{"id":42710,"href":"https:\/\/estrategica.com.co\/blog\/wp-json\/wp\/v2\/posts\/24771\/revisions\/42710"}],"wp:featuredmedia":[{"embeddable":true,"href":"https:\/\/estrategica.com.co\/blog\/wp-json\/wp\/v2\/media\/24772"}],"wp:attachment":[{"href":"https:\/\/estrategica.com.co\/blog\/wp-json\/wp\/v2\/media?parent=24771"}],"wp:term":[{"taxonomy":"category","embeddable":true,"href":"https:\/\/estrategica.com.co\/blog\/wp-json\/wp\/v2\/categories?post=24771"},{"taxonomy":"post_tag","embeddable":true,"href":"https:\/\/estrategica.com.co\/blog\/wp-json\/wp\/v2\/tags?post=24771"}],"curies":[{"name":"wp","href":"https:\/\/api.w.org\/{rel}","templated":true}]}}